{"id":270368,"date":"2025-12-04T08:06:19","date_gmt":"2025-12-04T08:06:19","guid":{"rendered":"https:\/\/www.europesays.com\/es\/270368\/"},"modified":"2025-12-04T08:06:19","modified_gmt":"2025-12-04T08:06:19","slug":"clippers-dicen-que-chris-paul-ya-no-forma-parte-del-equipo","status":"publish","type":"post","link":"https:\/\/www.europesays.com\/es\/270368\/","title":{"rendered":"Clippers dicen que Chris Paul ya no forma parte del equipo"},"content":{"rendered":"<ul class=\"authors\">\n<li class=\"mugshot-shown\"><img loading=\"lazy\" decoding=\"async\" src=\"https:\/\/www.europesays.com\/es\/wp-content\/uploads\/2025\/12\/youngmisuk_ohm.png&#038;h=80&#038;w=80&#038;scale=crop.png\" alt=\"\" width=\"40\" height=\"40\"\/>\n<p>Ohm Youngmisuk3  de  dic, 2025, 08:19 ET<\/p>\n<p><a class=\"icon-font-after icon-close-solid-after\" href=\"#\">Cerrar<\/a><\/p>\n<ul>Ohm Youngmisuk has covered the Giants, Jets and the NFL since 2006. Prior to that, he covered the Nets, Knicks and the NBA for nearly a decade. He joined ESPNNewYork.com after working at the New York Daily News for almost 12 years and is a graduate of Michigan State University.<br \/>\n<br \/><a href=\"http:\/\/twitter.com\/NotoriousOHM\" rel=\"nofollow noopener\" target=\"_blank\">Follow him on Twitter \u00bb<\/a><\/ul>\n<\/li>\n<\/ul>\n<p>Los Clippers enviaron a Chris Paul a casa y confirmaron que ya no forma parte del equipo.<\/p>\n<p>ATLANTA &#8212; En una sorprendente decisi\u00f3n nocturna, los <strong><a data-clubhouse-guid=\"083a58a6-b849-3501-e67b-059290d12295\" href=\"https:\/\/espndeportes.espn.com\/basquetbol\/nba\/equipo\/_\/nombre\/lac\/la-clippers\" rel=\"nofollow noopener\" target=\"_blank\">LA Clippers<\/a> anunciaron que <a data-player-guid=\"63c7648a-60ba-c799-d355-f7f1d43f3a55\" href=\"https:\/\/espndeportes.espn.com\/basquetbol\/nba\/jugador\/_\/id\/2779\/chris-paul\" rel=\"nofollow noopener\" target=\"_blank\">Chris Paul<\/a> ya no forma parte del equipo<\/strong>.<\/p>\n<p><strong>Paul<\/strong>, uno de los mejores jugadores en la historia de la franquicia de los <strong>Clippers<\/strong>, public\u00f3 una historia en Instagram poco antes de las 3 a.m. ET del mi\u00e9rcoles, informando que acababa de enterarse de que lo enviaban a casa a Los \u00c1ngeles desde Atlanta, donde los <strong>Clippers<\/strong> se enfrentar\u00e1n a los <a data-clubhouse-guid=\"15096a54-f015-c987-5ec8-55afedf6272f\" href=\"https:\/\/espndeportes.espn.com\/basquetbol\/nba\/equipo\/_\/nombre\/atl\/atlanta-hawks\" rel=\"nofollow noopener\" target=\"_blank\">Atlanta Hawks<\/a> el mi\u00e9rcoles.<\/p>\n<p><img class=\" lazyload lazyload\" data-image-container=\".inline-photo\" height=\"320\" width=\"570\"\/>Chris Paul public\u00f3 una historia en Instagram poco antes de las 3 a.m. ET del mi\u00e9rcoles, anunciando que los Clippers lo enviaban a casa tras su gira. Posteriormente, los Clippers confirmaron que Paul ya no formaba parte del equipo.\u00a0Kent Smith\/NBAE\/Getty Images<\/p>\n<p>Poco despu\u00e9s, el presidente de operaciones de baloncesto de los <strong>Clippers<\/strong>, Lawrence Frank, envi\u00f3 un mensaje de texto a ESPN confirmando que <strong>Paul<\/strong> ya no forma parte del equipo.<\/p>\n<p>\u00abNos despedimos de Chris y ya no estar\u00e1 con el equipo\u00bb, declar\u00f3 Frank. \u00abTrabajaremos con \u00e9l en el siguiente paso de su carrera\u00bb.<\/p>\n<p>\u00abChris es un legendario Clipper que ha tenido una trayectoria hist\u00f3rica. Quiero dejar algo muy claro: nadie culpa a Chris por nuestro bajo rendimiento. Acepto la responsabilidad por el historial que tenemos actualmente. Hay muchas razones por las que hemos tenido dificultades. Agradecemos el impacto que Chris ha tenido en la franquicia\u201d.<\/p>\n<p>Selecciones Editoriales<\/p>\n<ul>\n<li><a name=\"&amp;lpos=story:editorspicks:inline:1\" href=\"https:\/\/espndeportes.espn.com\/basquetbol\/nota\/_\/id\/15990171\/chris-paul-retiro-nba-final-temporada-2025-26\" class=\"img-link\" rel=\"nofollow noopener\" target=\"_blank\"><img loading=\"lazy\" decoding=\"async\" src=\"https:\/\/www.europesays.com\/es\/wp-content\/uploads\/2025\/12\/r1565182_1296x1296_1-1.jpg&#038;w=130&#038;h=130&#038;scale=crop&#038;location=center.jpeg\" width=\"65\" height=\"65\"\/><\/a><\/li>\n<li><a name=\"&amp;lpos=story:editorspicks:inline:2\" href=\"https:\/\/espndeportes.espn.com\/basquetbol\/nota\/_\/id\/15990319\/nba-jugadores-mas-asistencias-lista-historica\" class=\"img-link\" rel=\"nofollow noopener\" target=\"_blank\"><img loading=\"lazy\" decoding=\"async\" src=\"https:\/\/www.europesays.com\/es\/wp-content\/uploads\/2025\/12\/r847107_1296x1296_1-1.jpg&#038;w=130&#038;h=130&#038;scale=crop&#038;location=center.jpeg\" width=\"65\" height=\"65\"\/><\/a><\/li>\n<\/ul>\n<p>1 Relacionado<\/p>\n<p>Para desprenderse de <strong>Paul<\/strong>, los <strong>Clippers<\/strong> tendr\u00edan que renunciar a \u00e9l y pagar su salario de $3.6 millones, aceptar una rescisi\u00f3n o buscar un traspaso, lo cual no podr\u00edan concretar hasta el 15 de diciembre.<\/p>\n<p>Los <strong>Clippers<\/strong> han perdido 14 de sus \u00faltimos 16 partidos, incluyendo cinco consecutivos, y tienen un r\u00e9cord de 5-16. Perdieron a <a data-player-guid=\"fb35d5ac-5dde-c5ee-98f3-c348c244c0ae\" href=\"https:\/\/espndeportes.espn.com\/basquetbol\/nba\/jugador\/_\/id\/6580\/bradley-beal\" rel=\"nofollow noopener\" target=\"_blank\">Bradley Beal<\/a>, uno de sus fichajes m\u00e1s importantes en la pretemporada, <a href=\"https:\/\/espndeportes.espn.com\/basquetbol\/nota?_slug_=clippers-bradley-beal-cirugia-cadera-termina-temporada-nba&amp;id=15951126\" target=\"_blank\" rel=\"nofollow noopener\">por una lesi\u00f3n de cadera que les puso fin a la temporada<\/a> a principios de noviembre.<\/p>\n<p><strong>Paul<\/strong> se hab\u00eda reincorporado a los Clippers a finales de julio con un contrato de un a\u00f1o. Para <strong>Paul<\/strong>, de 40 a\u00f1os, esta era la oportunidad de volver a casa y terminar su carrera con la franquicia en la que jug\u00f3 seis temporadas, de 2011 a 2017. Fuentes informaron a Shams Charania de ESPN el mes pasado que <a href=\"https:\/\/espndeportes.espn.com\/basquetbol\/nota\/_\/id\/15990171\/chris-paul-retiro-nba-final-temporada-2025-26\" target=\"_blank\" rel=\"nofollow noopener\"><strong>Paul<\/strong> se retira al final de esta temporada<\/a>, su 21er. a\u00f1o en la NBA.<\/p>\n<p><a href=\"https:\/\/espndeportes.espn.com\/basquetbol\/nota\/_\/id\/15990319\/nba-jugadores-mas-asistencias-lista-historica\" target=\"_blank\" rel=\"nofollow noopener\"><strong>Paul<\/strong> es el l\u00edder de la franquicia de los <strong>Clippers<\/strong> en asistencias<\/a> y robos por partido. Tras ser titular en 1,314 de los 1,354 partidos de su carrera, incluyendo los 82 partidos de la temporada pasada con los <a data-clubhouse-guid=\"8aef8547-32f5-0943-a1de-e734567674cc\" href=\"https:\/\/espndeportes.espn.com\/basquetbol\/nba\/equipo\/_\/nombre\/sa\/san-antonio-spurs\" rel=\"nofollow noopener\" target=\"_blank\">San Antonio Spurs<\/a>, el papel de <strong>Paul<\/strong> era salir desde la banca con los <strong>Clippers<\/strong>, consciente de que podr\u00eda no jugar todas las noches.<\/p>\n<p>Hab\u00eda jugado 16 partidos, promediando 2.9 puntos y 3.3 asistencias en 14.3 minutos. Jug\u00f3 15 minutos y sum\u00f3 ocho puntos y tres asistencias en su \u00faltimo partido con los <strong>Clippers<\/strong>, durante la derrota del lunes por 140-123 en Miami.<\/p>\n<p><script async src=\"https:\/\/platform.twitter.com\/widgets.js\" charset=\"utf-8\"><\/script><\/p>\n","protected":false},"excerpt":{"rendered":"Ohm Youngmisuk3 de dic, 2025, 08:19 ET Cerrar Ohm Youngmisuk has covered the Giants, Jets and the NFL&hellip;\n","protected":false},"author":2,"featured_media":270369,"comment_status":"","ping_status":"","sticky":false,"template":"","format":"standard","meta":{"footnotes":""},"categories":[269],"tags":[299,298,168,25,24,23,167],"class_list":{"0":"post-270368","1":"post","2":"type-post","3":"status-publish","4":"format-standard","5":"has-post-thumbnail","7":"category-baloncesto","8":"tag-baloncesto","9":"tag-basketball","10":"tag-deportes","11":"tag-es","12":"tag-espana","13":"tag-spain","14":"tag-sports"},"share_on_mastodon":{"url":"https:\/\/pubeurope.com\/@es\/115660271777504379","error":""},"_links":{"self":[{"href":"https:\/\/www.europesays.com\/es\/wp-json\/wp\/v2\/posts\/270368","targetHints":{"allow":["GET"]}}],"collection":[{"href":"https:\/\/www.europesays.com\/es\/wp-json\/wp\/v2\/posts"}],"about":[{"href":"https:\/\/www.europesays.com\/es\/wp-json\/wp\/v2\/types\/post"}],"author":[{"embeddable":true,"href":"https:\/\/www.europesays.com\/es\/wp-json\/wp\/v2\/users\/2"}],"replies":[{"embeddable":true,"href":"https:\/\/www.europesays.com\/es\/wp-json\/wp\/v2\/comments?post=270368"}],"version-history":[{"count":0,"href":"https:\/\/www.europesays.com\/es\/wp-json\/wp\/v2\/posts\/270368\/revisions"}],"wp:featuredmedia":[{"embeddable":true,"href":"https:\/\/www.europesays.com\/es\/wp-json\/wp\/v2\/media\/270369"}],"wp:attachment":[{"href":"https:\/\/www.europesays.com\/es\/wp-json\/wp\/v2\/media?parent=270368"}],"wp:term":[{"taxonomy":"category","embeddable":true,"href":"https:\/\/www.europesays.com\/es\/wp-json\/wp\/v2\/categories?post=270368"},{"taxonomy":"post_tag","embeddable":true,"href":"https:\/\/www.europesays.com\/es\/wp-json\/wp\/v2\/tags?post=270368"}],"curies":[{"name":"wp","href":"https:\/\/api.w.org\/{rel}","templated":true}]}}