{"id":270372,"date":"2025-12-04T08:08:08","date_gmt":"2025-12-04T08:08:08","guid":{"rendered":"https:\/\/www.europesays.com\/es\/270372\/"},"modified":"2025-12-04T08:08:08","modified_gmt":"2025-12-04T08:08:08","slug":"cristina-cifuentes-y-alba-carrillo-con-el-corazon-en-el-pecho-tras-casi-sufrir-un-accidente-en-hasta-el-fin-del-mundo","status":"publish","type":"post","link":"https:\/\/www.europesays.com\/es\/270372\/","title":{"rendered":"Cristina Cifuentes y Alba Carrillo, con el coraz\u00f3n en el pecho tras casi sufrir un accidente en &#8216;Hasta el fin del mundo&#8217;"},"content":{"rendered":"<p class=\"c-paragraph\">Cristina Cifuentes y Alba Carrillo subieron a un autob\u00fas en Hasta el fin del mundo\u00a0durante el programa emitido en la noche del mi\u00e9rcoles, sin imaginar <b>el susto que les<\/b> <b>esperaba<\/b>. \u00abDe haber sabido lo que nos deparaba el trayecto, me quedo en tierra\u00bb, resumi\u00f3 Alba tras la experiencia. Lo que parec\u00eda una noche tranquila se torci\u00f3 en segundos.<\/p>\n<p class=\"c-paragraph\">Ambas <b>intentaron dormir cuando el bus comenz\u00f3 a moverse de forma extra\u00f1a<\/b>. \u00abHe empezado a notar que perd\u00edan el control del bus\u00bb, relat\u00f3 Alba, todav\u00eda asustada por lo ocurrido. \u00abIba zigzagueando, <b>ten\u00eda la sensaci\u00f3n de que \u00edbamos a volcar<\/b> hasta que ha parado en seco\u00bb, explic\u00f3 todav\u00eda temblorosa.<\/p>\n<p class=\"c-paragraph\">El conductor trat\u00f3 de tranquilizar al pasaje: \u00abTodo est\u00e1 bien, nada grave\u00bb. Cifuentes intent\u00f3 calmar a su compa\u00f1era. \u00abTranquila\u00bb, le dec\u00eda mientras sosten\u00eda su mano. Pero la propia expresidenta madrile\u00f1a reconoci\u00f3 el miedo vivido. \u00ab<b>Parec\u00eda que volc\u00e1bamos, ha hecho as\u00ed<\/b>\u00ab, dijo se\u00f1alando la inclinaci\u00f3n del veh\u00edculo.<\/p>\n<p class=\"c-paragraph\">Minutos despu\u00e9s lleg\u00f3 la explicaci\u00f3n. <b>Otro coche se cerr\u00f3 sobre el autob\u00fas y el conductor, para evitar un choque, golpe\u00f3 un protector de la v\u00eda<\/b>. \u00abSolo fue da\u00f1o material, el bus qued\u00f3 funcional\u00bb, aclararon. Al o\u00edrlo, Cristina y Alba se abrazaron. \u00abA m\u00ed me ha dado en el pecho una cosa\u2026\u00bb, admiti\u00f3 Alba, a\u00fan nerviosa.<\/p>\n<p class=\"c-paragraph\">El susto llev\u00f3 a una <b>conversaci\u00f3n inesperadamente profunda<\/b>. <b>Cifuentes<\/b> abri\u00f3 su historia personal, sobre el accidente: \u00abYo a la muerte no le tengo miedo, pero no me quiero perder ni un d\u00eda de mi hijo\u00bb. Alba asent\u00eda: \u00abTe entiendo perfectamente\u00bb. Fue entonces cuando Cristina record\u00f3 el accidente de moto que casi acaba con su vida en 2013 y que la tuvo 20 d\u00edas en la UCI.<\/p>\n<p class=\"c-paragraph\">\u00ab<b>Llegu\u00e9 a un punto en el que ya no pod\u00eda m\u00e1s<\/b>\u00ab, confes\u00f3. \u00ab<b>Me prepar\u00e9 para morir<\/b> porque no sab\u00eda qu\u00e9 iba a pasar conmigo\u00bb. No pod\u00eda hablar por la traqueotom\u00eda, pero su familia lo entendi\u00f3: \u00abMi marido y mi hermana me dijeron que luchara\u00bb. Esa visita lo cambi\u00f3 todo: \u00ab<b>Decid\u00ed que no me quer\u00eda morir sola en una UCI<\/b>. Ten\u00eda que salir de ah\u00ed como fuera\u00bb.<\/p>\n","protected":false},"excerpt":{"rendered":"Cristina Cifuentes y Alba Carrillo subieron a un autob\u00fas en Hasta el fin del mundo\u00a0durante el programa emitido&hellip;\n","protected":false},"author":2,"featured_media":270373,"comment_status":"","ping_status":"","sticky":false,"template":"","format":"standard","meta":{"footnotes":""},"categories":[174],"tags":[9623,24039,255,17649,24171,7538,146,147,25,24,256,23],"class_list":{"0":"post-270372","1":"post","2":"type-post","3":"status-publish","4":"format-standard","5":"has-post-thumbnail","7":"category-famosos","8":"tag-alba","9":"tag-carrillo","10":"tag-celebrities","11":"tag-cifuentes","12":"tag-con","13":"tag-cristina","14":"tag-entertainment","15":"tag-entretenimiento","16":"tag-es","17":"tag-espana","18":"tag-famosos","19":"tag-spain"},"share_on_mastodon":{"url":"https:\/\/pubeurope.com\/@es\/115660279203990806","error":""},"_links":{"self":[{"href":"https:\/\/www.europesays.com\/es\/wp-json\/wp\/v2\/posts\/270372","targetHints":{"allow":["GET"]}}],"collection":[{"href":"https:\/\/www.europesays.com\/es\/wp-json\/wp\/v2\/posts"}],"about":[{"href":"https:\/\/www.europesays.com\/es\/wp-json\/wp\/v2\/types\/post"}],"author":[{"embeddable":true,"href":"https:\/\/www.europesays.com\/es\/wp-json\/wp\/v2\/users\/2"}],"replies":[{"embeddable":true,"href":"https:\/\/www.europesays.com\/es\/wp-json\/wp\/v2\/comments?post=270372"}],"version-history":[{"count":0,"href":"https:\/\/www.europesays.com\/es\/wp-json\/wp\/v2\/posts\/270372\/revisions"}],"wp:featuredmedia":[{"embeddable":true,"href":"https:\/\/www.europesays.com\/es\/wp-json\/wp\/v2\/media\/270373"}],"wp:attachment":[{"href":"https:\/\/www.europesays.com\/es\/wp-json\/wp\/v2\/media?parent=270372"}],"wp:term":[{"taxonomy":"category","embeddable":true,"href":"https:\/\/www.europesays.com\/es\/wp-json\/wp\/v2\/categories?post=270372"},{"taxonomy":"post_tag","embeddable":true,"href":"https:\/\/www.europesays.com\/es\/wp-json\/wp\/v2\/tags?post=270372"}],"curies":[{"name":"wp","href":"https:\/\/api.w.org\/{rel}","templated":true}]}}