{"id":270374,"date":"2025-12-04T08:11:12","date_gmt":"2025-12-04T08:11:12","guid":{"rendered":"https:\/\/www.europesays.com\/es\/270374\/"},"modified":"2025-12-04T08:11:12","modified_gmt":"2025-12-04T08:11:12","slug":"sorpresa-en-la-isla-de-las-tentaciones-con-la-entrada-de-una-nueva-pareja-le-puse-un-gps","status":"publish","type":"post","link":"https:\/\/www.europesays.com\/es\/270374\/","title":{"rendered":"Sorpresa en \u2018La isla de las tentaciones\u2019 con la entrada de una nueva pareja: \u201cLe puse un GPS\u201d"},"content":{"rendered":"<p class=\"\">La novena edici\u00f3n de \u2018La isla de las tentaciones\u2019 no deja de sorprender en Telecinco. Y es que tan solo un programa despu\u00e9s de la expulsi\u00f3n fulminante de Mayeli por saltarse una de las normas m\u00e1s b\u00e1sicas del formato y el abandono de su novio \u00c1lvaro, <b>Sandra Barneda y los participantes reciben a una nueva pareja: Enrique y Andrea. <\/b>Dos nuevos concursantes que llegan a Rep\u00fablica Dominicana dispuestos a poner a prueba su historia de amor, llena de mentiras, desconfianza y&#8230; un GPS.<\/p>\n<p class=\"\">\u201c\u00bfEse chaval qui\u00e9n es?\u201d, se preguntaban los chicos cuando vieron aparecer a Enrique, de 19 a\u00f1os, en Villa Monta\u00f1a. Tras una breve presentaci\u00f3n, sus nuevos compa\u00f1eros le han querido advertir de la dureza del concurso.<b> \u201cQu\u00e9 bien, otra vez el equipo al completo\u201d, expresaba una \u00c9rika muy entusiasmada <\/b>por la llegada de un nuevo participante. <\/p>\n<p class=\"\">Por su parte, Andrea irrump\u00eda en la villa de las chicas <b>especialmente entusiasmada por estar en \u2018La isla de las tentaciones\u2019<\/b>: \u201cDios m\u00edo, no me puedo creer que est\u00e9 aqu\u00ed. No me lo esperaba para nada, qu\u00e9 fuerte t\u00eda&#8230; No me lo creo\u201d. Cabe recordar que la joven y Enrique llevan poco m\u00e1s de a\u00f1o y medio juntos. <\/p>\n<p>Una pareja que promete dar que hablar<\/p>\n<p class=\"\">Durante sus primeros minutos en el programa, Andrea no ha dudado en confesar la raz\u00f3n que le ha llevado a apuntarse a \u2018La isla de las tentaciones\u2019: su desconfianza m\u00e1xima en Enrique. Y es que en apenas un a\u00f1o y medio de relaci\u00f3n,<b> la joven ha llegado a ponerle un GPS a su novio <\/b>para tenerlo geolocalizado en todo momento. <\/p>\n<p>Noticias relacionadas<a href=\"https:\/\/as.com\/tikitakas\/television\/gran-hermano-echa-el-cierre-en-telecinco-finiquita-la-edicion-y-activa-un-plan-b-f202512-n\/\" class=\"s_m_w\" title=\"El perfil Poco Pasa TV adelanta en exclusiva el final de la vig\u00e9sima temporada del reality debido a los malos datos de audiencias.\" data-tb-link=\"\" rel=\"nofollow noopener\" target=\"_blank\"><img decoding=\"async\" src=\"https:\/\/www.europesays.com\/es\/wp-content\/uploads\/2025\/12\/1764835871_637_KAFFISKNG5CZDBK5OKXAM3ROYI.png\" alt=\"\u2018Gran Hermano\u2019 echa el cierre en Telecinco: finiquita la edici\u00f3n y activa un plan B\" class=\"\" height=\"9\" width=\"16\"   loading=\"lazy\" data-tb-thumbnail=\"\"\/><\/a><a href=\"https:\/\/as.com\/tikitakas\/television\/caos-en-la-isla-de-las-tentaciones-el-equipo-de-seguridad-es-obligado-a-intervenir-f202511-n\/\" class=\"s_m_w\" title=\"El programa de Telecinco vivi\u00f3 uno de los momentos m\u00e1s tensos despu\u00e9s de que Gilbert visionara las im\u00e1genes de su novia Claudia.\" data-tb-link=\"\" rel=\"nofollow noopener\" target=\"_blank\"><img decoding=\"async\" src=\"https:\/\/www.europesays.com\/es\/wp-content\/uploads\/2025\/12\/7G4LSTMMKJEYXMX5KJQNQ3H52E.png\" alt=\"Caos en \u2018La isla de las tentaciones\u2019: el equipo de seguridad es obligado a intervenir \" class=\"\" height=\"9\" width=\"16\"   loading=\"lazy\" data-tb-thumbnail=\"\"\/><\/a><\/p>\n<p class=\"\">\u201cHemos venido b\u00e1sicamente porque me miente mucho. <b>Yo no conf\u00edo nada nada nada en \u00e9l.<\/b> Le puse un GPS. Es que me miente much\u00edsimo y que yo sepa no me ha puesto los cuernos, pero ha tonteado con las chicas\u201d, explicaba la joven. \u201cEs un lig\u00f3n, le encanta ligar, es un caliente&#8230;\u201d, a\u00f1ad\u00eda ante la sorpresa de sus compa\u00f1eras. <\/p>\n<p class=\"\"><b>\u00a1Tus opiniones importan!<\/b> Comenta en los art\u00edculos y suscr\u00edbete gratis a nuestra <a href=\"https:\/\/asfan.as.com\/newsletters\/\" target=\"_blank\" rel=\"nofollow noopener\" title=\"https:\/\/asfan.as.com\/newsletters\/\">newsletter<\/a> y a las alertas informativas en la <a href=\"https:\/\/as.com\/aplicacion-de-as-n\/\" target=\"_blank\" rel=\"nofollow noopener\" title=\"https:\/\/as.com\/aplicacion-de-as-n\/\">App<\/a> o el canal de <a href=\"https:\/\/www.whatsapp.com\/channel\/0029VaAasdA7j6g745nz9M10\" target=\"_blank\" rel=\"nofollow noopener\" title=\"https:\/\/www.whatsapp.com\/channel\/0029VaAasdA7j6g745nz9M10\">WhatsApp<\/a>. \u00bfBuscas licenciar contenido? Haz clic <a href=\"https:\/\/profesional.elpais.com\/landing-sindicacion?utm_medium=interno&amp;utm_source=crosslinking&amp;utm_campaign=sindicacion_as_pie_articulos\" target=\"_blank\" rel=\"nofollow noopener\" title=\"https:\/\/profesional.elpais.com\/landing-sindicacion?utm_medium=interno&amp;utm_source=crosslinking&amp;utm_campaign=sindicacion_as_pie_articulos\">aqu\u00ed<\/a><\/p>\n","protected":false},"excerpt":{"rendered":"La novena edici\u00f3n de \u2018La isla de las tentaciones\u2019 no deja de sorprender en Telecinco. Y es que&hellip;\n","protected":false},"author":2,"featured_media":270375,"comment_status":"","ping_status":"","sticky":false,"template":"","format":"standard","meta":{"footnotes":""},"categories":[171],"tags":[146,147,25,24,23,214],"class_list":{"0":"post-270374","1":"post","2":"type-post","3":"status-publish","4":"format-standard","5":"has-post-thumbnail","7":"category-tv","8":"tag-entertainment","9":"tag-entretenimiento","10":"tag-es","11":"tag-espana","12":"tag-spain","13":"tag-tv"},"share_on_mastodon":{"url":"https:\/\/pubeurope.com\/@es\/115660291700711648","error":""},"_links":{"self":[{"href":"https:\/\/www.europesays.com\/es\/wp-json\/wp\/v2\/posts\/270374","targetHints":{"allow":["GET"]}}],"collection":[{"href":"https:\/\/www.europesays.com\/es\/wp-json\/wp\/v2\/posts"}],"about":[{"href":"https:\/\/www.europesays.com\/es\/wp-json\/wp\/v2\/types\/post"}],"author":[{"embeddable":true,"href":"https:\/\/www.europesays.com\/es\/wp-json\/wp\/v2\/users\/2"}],"replies":[{"embeddable":true,"href":"https:\/\/www.europesays.com\/es\/wp-json\/wp\/v2\/comments?post=270374"}],"version-history":[{"count":0,"href":"https:\/\/www.europesays.com\/es\/wp-json\/wp\/v2\/posts\/270374\/revisions"}],"wp:featuredmedia":[{"embeddable":true,"href":"https:\/\/www.europesays.com\/es\/wp-json\/wp\/v2\/media\/270375"}],"wp:attachment":[{"href":"https:\/\/www.europesays.com\/es\/wp-json\/wp\/v2\/media?parent=270374"}],"wp:term":[{"taxonomy":"category","embeddable":true,"href":"https:\/\/www.europesays.com\/es\/wp-json\/wp\/v2\/categories?post=270374"},{"taxonomy":"post_tag","embeddable":true,"href":"https:\/\/www.europesays.com\/es\/wp-json\/wp\/v2\/tags?post=270374"}],"curies":[{"name":"wp","href":"https:\/\/api.w.org\/{rel}","templated":true}]}}