{"id":270378,"date":"2025-12-04T08:13:12","date_gmt":"2025-12-04T08:13:12","guid":{"rendered":"https:\/\/www.europesays.com\/es\/270378\/"},"modified":"2025-12-04T08:13:12","modified_gmt":"2025-12-04T08:13:12","slug":"quentin-tarantino-explota-contra-paul-dano-es-un-tio-flojo-flojo-y-nada-interesante","status":"publish","type":"post","link":"https:\/\/www.europesays.com\/es\/270378\/","title":{"rendered":"Quentin Tarantino explota contra Paul Dano. \u00abEs un t\u00edo flojo, flojo y nada interesante\u00bb"},"content":{"rendered":"<p>La entrevista a Quentin Tarantino en la que eligi\u00f3 <a class=\"text-outboundlink\" href=\"https:\/\/www.espinof.com\/directores-y-guionistas\/quentin-tarantino-ha-escogido-su-pelicula-favorita-siglo-xxi-ha-pillado-a-todos-sorpresa-me-cautivo-no-me-solto\" data-vars-post-title=\"Quentin Tarantino ha escogido su pel\u00edcula favorita del siglo XXI, y ha pillado a todos por sorpresa. &quot;Me cautiv\u00f3 y no me solt\u00f3&quot; \" data-vars-post-url=\"https:\/\/www.espinof.com\/directores-y-guionistas\/quentin-tarantino-ha-escogido-su-pelicula-favorita-siglo-xxi-ha-pillado-a-todos-sorpresa-me-cautivo-no-me-solto\" rel=\"nofollow noopener\" target=\"_blank\">sus 20 pel\u00edculas favoritas del siglo XXI<\/a> sigue dando de qu\u00e9 hablar y sufriendo sus \u00faltimos coletazos. Cabe recordar que en su puesto n\u00famero 1 estuvo <a class=\"text-outboundlink\" href=\"https:\/\/www.espinof.com\/criticas\/ridley-scott-black-hawk-derribado-el-arte-de-mostrar-la-guerra\" data-vars-post-title=\"Ridley Scott: &#039;Black Hawk derribado&#039;, el arte de (mostrar) la guerra\" data-vars-post-url=\"https:\/\/www.espinof.com\/criticas\/ridley-scott-black-hawk-derribado-el-arte-de-mostrar-la-guerra\" rel=\"nofollow noopener\" target=\"_blank\">&#8216;Black Hawk Derribado&#8217;<\/a>, seguida de <a class=\"text-outboundlink\" href=\"https:\/\/www.espinof.com\/animacion\/toy-story-3-es-la-mejor-pelicula-de-pixar\" data-vars-post-title=\"&#039;Toy Story 3&#039; es la mejor pel\u00edcula de Pixar\" data-vars-post-url=\"https:\/\/www.espinof.com\/animacion\/toy-story-3-es-la-mejor-pelicula-de-pixar\" rel=\"nofollow noopener\" target=\"_blank\">&#8216;Toy Story 3&#8217;<\/a>, pero lo que m\u00e1s ha llamado la atenci\u00f3n es la presencia, en el quinto lugar, de <a class=\"text-outboundlink\" href=\"https:\/\/www.espinof.com\/criticas\/pozos-de-ambicion-todo-es-excesivo\" data-vars-post-title=\"&#039;There Will Be Blood. Pozos de ambici\u00f3n&#039;, todo es excesivo\" data-vars-post-url=\"https:\/\/www.espinof.com\/criticas\/pozos-de-ambicion-todo-es-excesivo\" rel=\"nofollow noopener\" target=\"_blank\">&#8216;Pozos de ambici\u00f3n&#8217;<\/a>, la obra maestra de Paul Thomas Anderson, <strong>una pel\u00edcula que reconoce que podr\u00eda estar m\u00e1s arriba&#8230; si no fuera por culpa de un actor<\/strong>.<\/p>\n<p>Se\u00f1or, Dano-s paciencia<\/p>\n<p>Tal y como se puede o\u00edr en el podcast de <a rel=\"noopener, noreferrer nofollow\" href=\"https:\/\/www.patreon.com\/posts\/s9e48-top-ten-of-144885070\" target=\"_blank\">Bret Easton Ellis<\/a>, Tarantino destaca un buen pu\u00f1ado de puntos positivos: \u00abDaniel Day-Lewis. La calidad artesanal de la vieja escuela de la pel\u00edcula. Ten\u00eda la artesan\u00eda del viejo Hollywood sin intentar serlo. Es la \u00fanica pel\u00edcula que ha hecho, y se lo coment\u00e9, que no tiene una set piece. El incendio es lo m\u00e1s parecido a una set piece. <strong>Se trataba de lidiar con la narrativa, con la historia, y lo hizo de cojones<\/strong>\u00ab. Entonces, \u00bfcu\u00e1l es el problema?<\/p>\n<blockquote><p>&#8216;Pozos de ambici\u00f3n&#8217; tendr\u00eda una buena opci\u00f3n de acabar en el puesto 1 o el 2 si no fuera un problema grande, gigante&#8230; y este problema es Paul Dano. Obviamente, se supone que es una pel\u00edcula de dos personajes, pero es dr\u00e1sticamente obvio que no lo es. Dano es muy flojo, t\u00edo. Es el eslab\u00f3n d\u00e9bil. Austin Butler hubiera sido fant\u00e1stico en ese papel. Es un t\u00edo flojo, flojo, nada interesante. El actor m\u00e1s flojo del SAG.\u00a0<\/p><\/blockquote>\n<p>    <a href=\"https:\/\/www.espinof.com\/listas\/todas-peliculas-quentin-tarantino-ordenadas-peor-a-mejor\" class=\"pivot-outboundlink\" data-vars-post-title=\"Todas las pel\u00edculas de Quentin Tarantino ordenadas de peor a mejor\" rel=\"nofollow noopener\" target=\"_blank\"><br \/>\n     <img loading=\"lazy\" decoding=\"async\" alt=\"Todas las pel\u00edculas de Quentin Tarantino ordenadas de peor a mejor\" width=\"375\" height=\"142\" src=\"https:\/\/www.europesays.com\/es\/wp-content\/uploads\/2025\/12\/1764835992_720_375_142.jpeg\"\/><br \/>\n    <\/a><\/p>\n<p>No es la primera vez que Tarantino habla sobre Dano en estos t\u00e9rminos: en 2017 ya afirm\u00f3 que \u00abno es que la interpretaci\u00f3n sea mala, no hay nada malo en ella, simplemente parece un compromiso. <strong>No est\u00e1 al nivel y el calibre de Daniel Day-Lewis <\/strong>y si los dos personajes se supone que pelean durante la pel\u00edcula, Daniel Day-Lewis es Muhammed Ali y Paul Dano es Jerry Quarry. Es lo que es\u00bb. Vamos, que no tiene pinta que en la famosa d\u00e9cima pel\u00edcula del cineasta vaya contratar a Dano, y ni sus actuaciones en <a class=\"text-outboundlink\" href=\"https:\/\/www.espinof.com\/criticas\/fabelman-steven-spielberg-se-mira-al-espejo-encuentra-necesidad-contar-historias-pelicula-mejor-rodada-triste-ano\" data-vars-post-title=\"&#039;Los Fabelman&#039;: Steven Spielberg se mira al espejo y encuentra la necesidad de contar historias en la pel\u00edcula mejor rodada (y m\u00e1s triste) del a\u00f1o \" data-vars-post-url=\"https:\/\/www.espinof.com\/criticas\/fabelman-steven-spielberg-se-mira-al-espejo-encuentra-necesidad-contar-historias-pelicula-mejor-rodada-triste-ano\" rel=\"nofollow noopener\" target=\"_blank\">&#8216;Los Fabelman&#8217;<\/a> o <a class=\"text-outboundlink\" href=\"https:\/\/www.espinof.com\/criticas\/12-anos-de-esclavitud-prisioneros\" data-vars-post-title=\"&#039;12 a\u00f1os de esclavitud&#039;, prisioneros \" data-vars-post-url=\"https:\/\/www.espinof.com\/criticas\/12-anos-de-esclavitud-prisioneros\" rel=\"nofollow noopener\" target=\"_blank\">&#8217;12 a\u00f1os de esclavitud&#8217;<\/a> le han hecho cambiar de opini\u00f3n. Guerra abierta en Hollywood.<\/p>\n<p>En Espinof |\u00a0<a class=\"text-outboundlink\" href=\"https:\/\/www.espinof.com\/directores-y-guionistas\/dia-que-quentin-tarantino-se-convirtio-villano-serie-j-j-abrams-sigue-siendo-uno-sus-papeles-locos\" data-vars-post-title=\"Aquella vez que Quentin Tarantino fue el villano en una serie de J.J. Abrams. Sigue siendo uno de sus papeles m\u00e1s locos\" data-vars-post-url=\"https:\/\/www.espinof.com\/directores-y-guionistas\/dia-que-quentin-tarantino-se-convirtio-villano-serie-j-j-abrams-sigue-siendo-uno-sus-papeles-locos\" rel=\"nofollow noopener\" target=\"_blank\">Aquella vez que Quentin Tarantino fue el villano en una serie de J.J. Abrams. Sigue siendo uno de sus papeles m\u00e1s locos<\/a><\/p>\n<p>En Espinof | <a class=\"text-outboundlink\" href=\"https:\/\/www.espinof.com\/listas\/mejores-peliculas-2025\" data-vars-post-title=\"Las 15 mejores pel\u00edculas de 2025 (por ahora)\" data-vars-post-url=\"https:\/\/www.espinof.com\/listas\/mejores-peliculas-2025\" rel=\"nofollow noopener\" target=\"_blank\">Las mejores pel\u00edculas de 2025<\/a><\/p>\n","protected":false},"excerpt":{"rendered":"La entrevista a Quentin Tarantino en la que eligi\u00f3 sus 20 pel\u00edculas favoritas del siglo XXI sigue dando&hellip;\n","protected":false},"author":2,"featured_media":270379,"comment_status":"","ping_status":"","sticky":false,"template":"","format":"standard","meta":{"footnotes":""},"categories":[169],"tags":[177,146,147,25,24,176,175,23],"class_list":{"0":"post-270378","1":"post","2":"type-post","3":"status-publish","4":"format-standard","5":"has-post-thumbnail","7":"category-cine","8":"tag-cine","9":"tag-entertainment","10":"tag-entretenimiento","11":"tag-es","12":"tag-espana","13":"tag-film","14":"tag-movies","15":"tag-spain"},"share_on_mastodon":{"url":"https:\/\/pubeurope.com\/@es\/115660299172241950","error":""},"_links":{"self":[{"href":"https:\/\/www.europesays.com\/es\/wp-json\/wp\/v2\/posts\/270378","targetHints":{"allow":["GET"]}}],"collection":[{"href":"https:\/\/www.europesays.com\/es\/wp-json\/wp\/v2\/posts"}],"about":[{"href":"https:\/\/www.europesays.com\/es\/wp-json\/wp\/v2\/types\/post"}],"author":[{"embeddable":true,"href":"https:\/\/www.europesays.com\/es\/wp-json\/wp\/v2\/users\/2"}],"replies":[{"embeddable":true,"href":"https:\/\/www.europesays.com\/es\/wp-json\/wp\/v2\/comments?post=270378"}],"version-history":[{"count":0,"href":"https:\/\/www.europesays.com\/es\/wp-json\/wp\/v2\/posts\/270378\/revisions"}],"wp:featuredmedia":[{"embeddable":true,"href":"https:\/\/www.europesays.com\/es\/wp-json\/wp\/v2\/media\/270379"}],"wp:attachment":[{"href":"https:\/\/www.europesays.com\/es\/wp-json\/wp\/v2\/media?parent=270378"}],"wp:term":[{"taxonomy":"category","embeddable":true,"href":"https:\/\/www.europesays.com\/es\/wp-json\/wp\/v2\/categories?post=270378"},{"taxonomy":"post_tag","embeddable":true,"href":"https:\/\/www.europesays.com\/es\/wp-json\/wp\/v2\/tags?post=270378"}],"curies":[{"name":"wp","href":"https:\/\/api.w.org\/{rel}","templated":true}]}}