{"id":270382,"date":"2025-12-04T08:15:32","date_gmt":"2025-12-04T08:15:32","guid":{"rendered":"https:\/\/www.europesays.com\/es\/270382\/"},"modified":"2025-12-04T08:15:32","modified_gmt":"2025-12-04T08:15:32","slug":"esta-fruta-puede-cambiarte-por-completo-en-solo-cuatro-dias","status":"publish","type":"post","link":"https:\/\/www.europesays.com\/es\/270382\/","title":{"rendered":"Esta fruta puede cambiarte por completo en solo cuatro d\u00edas"},"content":{"rendered":"\n<ul class=\"bodyList bodyList--unordered\">\n<li class=\"bodyList__item\"><a href=\"https:\/\/www.elconfidencial.com\/alma-corazon-vida\/2025-11-27\/alicia-esparza-ginecologa-eliminar-vph-1qrt_4255735\/\" target=\"_self\" rel=\"nofollow noopener\">Alicia Esparza, ginec\u00f3loga: \u00abEl tabaco aumenta la probabilidad de que un VPH se vuelva persistente\u00bb<\/a><\/li>\n<li class=\"bodyList__item\"><a href=\"https:\/\/www.elconfidencial.com\/alma-corazon-vida\/2025-11-27\/maria-vetican-peligros-mascota-navidad-1qrt_4254243\/\" target=\"_self\" rel=\"nofollow noopener\">Mar\u00eda Vetican, veterinaria: \u00abEstos son los peligros para tu mascota en Navidad\u00bb<\/a><\/li>\n<\/ul>\n<p> La b\u00fasqueda de <strong>remedios naturales contra el agotamiento emocional<\/strong> se ha convertido en una prioridad para millones de personas. El <a href=\"https:\/\/www.elconfidencial.com\/alma-corazon-vida\/2025-11-26\/1qrt-aurelio-rojas-cardiologo-estres-fruta-cambiarte_4254935\/\" target=\"_blank\" rel=\"nofollow noopener\">cardi\u00f3logo<\/a> <strong>Aurelio Rojas<\/strong>, que suele abordar en redes la <strong>relaci\u00f3n entre alimentaci\u00f3n y bienestar<\/strong>, vuelve a poner el foco en algo tan cotidiano como <strong>la fruta para mejorar el estado an\u00edmico<\/strong>. \u201cLa mayor\u00eda vive estresada, agotada\u2026 y no sabe que una parte de la soluci\u00f3n est\u00e1 en su nevera\u201d, asegura en un reciente v\u00eddeo que se ha viralizado por su enfoque directo y <strong>basado en evidencia cient\u00edfica<\/strong>. <\/p>\n<p> Rojas explica que algunos alimentos act\u00faan como un peque\u00f1o \u201c<strong>reseteo biol\u00f3gico<\/strong>\u201d gracias a su combinaci\u00f3n de vitaminas, <strong>antioxidantes<\/strong> y fibra. Su propuesta es concreta y f\u00e1cil de aplicar: una lista de las cinco frutas que mejor ayudan a reducir el estr\u00e9s, ordenadas seg\u00fan la fuerza de los estudios disponibles. Y s\u00ed, el n\u00famero uno sorprende a m\u00e1s de uno. <\/p>\n<blockquote class=\"tiktok-embed\" cite=\"https:\/\/www.tiktok.com\/@doctorrojass\/video\/7575978445583306006\" data-video-id=\"7575978445583306006\" style=\"max-width: 605px;min-width: 325px;\"><p>  <a target=\"_blank\" title=\"@doctorrojass\" href=\"https:\/\/www.tiktok.com\/@doctorrojass?refer=embed\" rel=\"nofollow noopener\">@doctorrojass<\/a> Las 5 mejores frutas para combatir el estr\u00e9s (ordenadas de MENOS a M\u00c1S potentes seg\u00fan la evidencia cient\u00edfica) (y s\u00ed, el n\u00famero 1 te va a sorprender\u2026 aunque no deber\u00eda) Si hay algo que vemos cada d\u00eda en consulta es esto: la mayor\u00eda vive estresada, agotada\u2026 y no sabe que una parte de la soluci\u00f3n est\u00e1 en su nevera. Hoy quiero dejarte algo pr\u00e1ctico, r\u00e1pido y basado en ciencia: las 5 frutas m\u00e1s efectivas para reducir estr\u00e9s, mejorar tu estado de \u00e1nimo y potenciar tu energ\u00eda. Ordenadas de menor a mayor efecto. 5\ufe0f\u20e3 Ar\u00e1ndanos Riqu\u00edsimos en antocianinas. Ayudan a reducir la inflamaci\u00f3n sist\u00e9mica asociada al estr\u00e9s cr\u00f3nico y mejoran la funci\u00f3n cognitiva en situaciones de fatiga mental. 4\ufe0f\u20e3 Naranja \/ c\u00edtricos Los estudios cl\u00e1sicos muestran que la vitamina C reduce cortisol post-estr\u00e9s. Adem\u00e1s mejora la respuesta inmunitaria cuando el estr\u00e9s es sostenido. 3\ufe0f\u20e3 Pl\u00e1tano Alto en potasio y rico en tript\u00f3fano \u2192 precursor de serotonina. Ayuda a regular el sistema nervioso y mejorar el estado de \u00e1nimo cuando hay tensi\u00f3n o ansiedad. 2\ufe0f\u20e3 Aguacate Aunque no es dulce, es fruta. Rico en grasas monoinsaturadas y vitamina B6, clave para neurotransmisores del bienestar (serotonina, dopamina y GABA). Adem\u00e1s estabiliza glucosa \u2014&gt; menos picos \u2014&gt; menos estr\u00e9s. 1\ufe0f\u20e3 Kiwi El rey actual de la evidencia cient\u00edfica. En solo 4 d\u00edas mejora el estado de \u00e1nimo y la vitalidad\u2026 y en 2 semanas reduce estr\u00e9s, fatiga y mejora bienestar general hasta en un 60%. La combinaci\u00f3n \u00fanica de vitamina C + fibra + potasio + antioxidantes supera incluso a tomar solo vitamina C. Lo mejor: es una estrategia diaria que funciona, es barata, r\u00e1pida y no tiene efectos secundarios. <a title=\"fruta\" target=\"_blank\" href=\"https:\/\/www.tiktok.com\/tag\/fruta?refer=embed\" rel=\"nofollow noopener\">#fruta<\/a> <a title=\"estres\" target=\"_blank\" href=\"https:\/\/www.tiktok.com\/tag\/estres?refer=embed\" rel=\"nofollow noopener\">#estres<\/a> <a title=\"cortisol\" target=\"_blank\" href=\"https:\/\/www.tiktok.com\/tag\/cortisol?refer=embed\" rel=\"nofollow noopener\">#cortisol<\/a> <a title=\"vitaminac\" target=\"_blank\" href=\"https:\/\/www.tiktok.com\/tag\/vitaminac?refer=embed\" rel=\"nofollow noopener\">#vitaminac<\/a> <a target=\"_blank\" title=\"\u266c sonido original - Aurelio Rojas ? Cardi\u00f3logo\" href=\"https:\/\/www.tiktok.com\/music\/sonido-original-7575978471324371734?refer=embed\" rel=\"nofollow noopener\">\u266c sonido original &#8211; Aurelio Rojas ? Cardi\u00f3logo<\/a>  <\/p><\/blockquote>\n<p>           Ar\u00e1ndanos: peque\u00f1os pero eficaces           <\/p>\n<p> Abren la lista por <strong>su concentraci\u00f3n en antocianinas<\/strong>, unos <strong>antioxidantes que ayudan a reducir la inflamaci\u00f3n sist\u00e9mica<\/strong> relacionada con el estr\u00e9s cr\u00f3nico. Seg\u00fan el cardi\u00f3logo, esta fruta puede apoyar la funci\u00f3n cognitiva cuando la mente llega al l\u00edmite por la fatiga. <\/p>\n<p>              <img decoding=\"async\" class=\"inTextNews__img\" alt=\"Foto: Fernando Mora en su v\u00eddeo de TikTok (@doctormora_)\" src=\"https:\/\/www.europesays.com\/es\/wp-content\/uploads\/2025\/12\/f.elconfidencial.com\/original\/ec4\/227\/666\/ec422766651204e1b444c96c6d0bd05f.png\"  \/>     <\/p>\n<p>TE PUEDE INTERESAR<\/p>\n<p>      <a class=\"inTextNews__title\" href=\"https:\/\/www.elconfidencial.com\/alma-corazon-vida\/2025-10-29\/fernando-mora-psiquiatra-frutas-salud-mental-1qrt_4233812\/\" onclick=\"window.ECCO.emit(&#039;amplitude&#039;, { dataEventName: &#039;click_related_article_module&#039;, data: { related_article_url: &#039;https:\/\/www.elconfidencial.com\/alma-corazon-vida\/2025-10-29\/fernando-mora-psiquiatra-frutas-salud-mental-1qrt_4233812\/&#039;, related_article_author: &#039;Nuria Ib\u00e1\u00f1ez&#039;, related_article_section: &#039;alma-corazon-vida&#039; } })\" rel=\"nofollow noopener\" target=\"_blank\"> Fernando Mora, psiquiatra: \u00abHay frutas que han demostrado cient\u00edficamente ser beneficiosas para la salud mental\u00bb <\/a>   <\/p>\n<p>    ACyV   <\/p>\n<p>           Naranja y c\u00edtricos: un cl\u00e1sico que sigue funcionando           <\/p>\n<p> Los c\u00edtricos ocupan el cuarto puesto gracias a su aporte de <a href=\"https:\/\/www.elconfidencial.com\/alma-corazon-vida\/2025-06-02\/mejor-verdura-ayuda-reducir-estres-forma-matural-1qrt_4142791\/\" target=\"_blank\" rel=\"nofollow noopener\">vitamina C<\/a>. Como recuerda Rojas, numerosos estudios muestran que esta vitamina contribuye a <strong>disminuir el cortisol tras situaciones tensas<\/strong> y refuerza la respuesta inmunitaria cuando el estr\u00e9s se mantiene en el tiempo. Son f\u00e1ciles de incorporar a la rutina y uno de los recursos m\u00e1s accesibles. <\/p>\n<p>              <img decoding=\"async\" class=\"inTextNews__img\" alt=\"Foto: aurelio-rojas-cardiologo\" src=\"https:\/\/www.europesays.com\/es\/wp-content\/uploads\/2025\/12\/f.elconfidencial.com\/original\/0d0\/9f0\/efb\/0d09f0efb0a89f357c4fd42571347e0a.jpg\"  \/>     <\/p>\n<p>TE PUEDE INTERESAR<\/p>\n<p>      <a class=\"inTextNews__title\" href=\"https:\/\/www.vanitatis.elconfidencial.com\/vida-saludable\/2025-11-26\/aurelio-rojas-cardiologo_4254096\/\" onclick=\"window.ECCO.emit(&#039;amplitude&#039;, { dataEventName: &#039;click_related_article_module&#039;, data: { related_article_url: &#039;https:\/\/www.vanitatis.elconfidencial.com\/vida-saludable\/2025-11-26\/aurelio-rojas-cardiologo_4254096\/&#039;, related_article_author: &#039;Casandra Maggio&#039;, related_article_section: &#039;vida-saludable&#039; } })\" rel=\"nofollow noopener\" target=\"_blank\"> Aurelio Rojas, cardi\u00f3logo: \u00abEsta fruta puede cambiarte en tan solo cuatro d\u00edas, sobre todo si sufres de estr\u00e9s y ansiedad\u00bb <\/a>   <\/p>\n<p>    C.M.   <\/p>\n<p>           Pl\u00e1tano: el aliado del sistema nervioso           <\/p>\n<p> Subiendo en la lista aparece el <a href=\"https:\/\/www.vanitatis.elconfidencial.com\/vida-saludable\/2025-01-13\/frutas-saludables-vitaminas-regular-tension_4040988\/\" target=\"_blank\" rel=\"nofollow noopener\">pl\u00e1tano<\/a>, <strong>una fruta que destaca por su potasio<\/strong> y su contenido en tript\u00f3fano, un amino\u00e1cido que act\u00faa como precursor de la serotonina. Esa combinaci\u00f3n ayuda a estabilizar el sistema nervioso y favorecer un mejor estado de \u00e1nimo, especialmente en d\u00edas de tensi\u00f3n. <\/p>\n<p>            Aguacate: mucho m\u00e1s que una moda           <\/p>\n<p> Aunque no se asocie a lo dulce, el <a href=\"https:\/\/www.elconfidencial.com\/alma-corazon-vida\/2025-05-31\/borja-bandera-medico-aguacate-menos-azucar-1qrt_4133844\/\" target=\"_blank\" rel=\"nofollow noopener\">aguacate<\/a> tambi\u00e9n forma parte del grupo. Su riqueza en <strong>grasas monoinsaturadas<\/strong> y vitamina B6 lo convierte en un alimento clave para la producci\u00f3n de neurotransmisores como la serotonina, la dopamina o el GABA. Adem\u00e1s, estabiliza la glucosa en sangre, algo que, tal y como se\u00f1ala el especialista, se traduce en \u201cmenos picos, menos estr\u00e9s\u201d. <\/p>\n<p>              <img decoding=\"async\" class=\"inTextNews__img\" alt=\"Foto: 5-alimentos-comer-dormir-mejor-a-diario-expertos-1qrt\" src=\"https:\/\/www.europesays.com\/es\/wp-content\/uploads\/2025\/12\/f.elconfidencial.com\/original\/5eb\/aaf\/bf6\/5ebaafbf6ca8131399925df52e58133a.jpg\"  \/>     <\/p>\n<p>TE PUEDE INTERESAR<\/p>\n<p>      <a class=\"inTextNews__title\" href=\"https:\/\/www.vanitatis.elconfidencial.com\/vida-saludable\/2025-11-07\/5-alimentos-comer-dormir-mejor-a-diario-expertos-1qrt_4243891\/\" onclick=\"window.ECCO.emit(&#039;amplitude&#039;, { dataEventName: &#039;click_related_article_module&#039;, data: { related_article_url: &#039;https:\/\/www.vanitatis.elconfidencial.com\/vida-saludable\/2025-11-07\/5-alimentos-comer-dormir-mejor-a-diario-expertos-1qrt_4243891\/&#039;, related_article_author: &#039;Mercedes Pedre\u00f1o&#039;, related_article_section: &#039;vida-saludable&#039; } })\" rel=\"nofollow noopener\" target=\"_blank\"> 5 alimentos que puedes comer para dormir mejor a diario, seg\u00fan los expertos <\/a>   <\/p>\n<p>    M. P.   <\/p>\n<p>           Kiwi: la fruta con mayor evidencia           <\/p>\n<p> El primer puesto se lo lleva el <a href=\"https:\/\/www.elconfidencial.com\/alma-corazon-vida\/2025-10-18\/mejor-fruta-combatir-estres-regular-transito-intestina-mejorar-animo-1qrt_4230258\/\" target=\"_blank\" rel=\"nofollow noopener\">kiwi<\/a>, al que Rojas llama \u201cel rey actual de la <strong>evidencia cient\u00edfica<\/strong>\u201d. En su v\u00eddeo cita un estudio publicado en el <strong>British Journal of Nutrition<\/strong> en 2023, donde se observ\u00f3 que consumir dos kiwis al d\u00eda durante dos semanas \u201c<strong>mejor\u00f3 el bienestar general<\/strong> en un 60%\u201d y <strong>redujo la fatiga<\/strong> en un 35%. Lo m\u00e1s llamativo es que sus <strong>efectos empiezan antes<\/strong>: \u201cEsta fruta puede cambiarte por completo en tan solo cuatro d\u00edas\u201d, explica. <\/p>\n<p>                  <img decoding=\"async\" class=\"inTextNews__img\" alt=\"Foto: teoria-del-pajaro-tendencia-viral-relacion-pareja-1qrt\" src=\"https:\/\/www.europesays.com\/es\/wp-content\/uploads\/2025\/12\/f.elconfidencial.com\/original\/f46\/43e\/fc6\/f4643efc6aa60e70fca4a30505ee918a.jpg\"  \/>     <\/p>\n<p>TE PUEDE INTERESAR<\/p>\n<p>      <a class=\"inTextNews__title\" href=\"https:\/\/www.elconfidencial.com\/alma-corazon-vida\/2025-11-21\/teoria-del-pajaro-tendencia-viral-relacion-pareja-1qrt_4249490\/\" onclick=\"window.ECCO.emit(&#039;amplitude&#039;, { dataEventName: &#039;click_related_article_module&#039;, data: { related_article_url: &#039;https:\/\/www.elconfidencial.com\/alma-corazon-vida\/2025-11-21\/teoria-del-pajaro-tendencia-viral-relacion-pareja-1qrt_4249490\/&#039;, related_article_author: &#039;Silvia L\u00f3pez&#039;, related_article_section: &#039;alma-corazon-vida&#039; } })\" rel=\"nofollow noopener\" target=\"_blank\"> Teor\u00eda del p\u00e1jaro: as\u00ed funciona la tendencia viral que miles usan para saber si su relaci\u00f3n sigue fuerte <\/a>   <\/p>\n<p>    El Confidencial   <\/p>\n<p> La clave est\u00e1 en su <strong>combinaci\u00f3n natural de vitamina C<\/strong>, fibra, <strong>potasio y antioxidantes<\/strong>, una mezcla que \u2014seg\u00fan recuerda el especialista\u2014 potencia su <strong>impacto por encima de tomar solo vitamina C<\/strong> en suplementos. \u201cEnerg\u00eda, \u00e1nimo, descanso y sin efectos secundarios. Solo salud en cada mordisco\u201d, resume. <\/p>\n<p> Rojas insiste en que no se trata de soluciones milagrosas, sino de <strong>h\u00e1bitos sencillos que<\/strong>, <strong>repetidos a diario<\/strong>, <strong>pueden hacer una diferencia real<\/strong>. Incorporar estas frutas a la dieta no sustituye otros apoyos necesarios ante el estr\u00e9s, pero s\u00ed representa un gesto pr\u00e1ctico, barato y accesible para <strong>mejorar el bienestar emocional<\/strong>. <\/p>\n<p>         <script async src=\"\/\/www.tiktok.com\/embed.js\"><\/script><\/p>\n","protected":false},"excerpt":{"rendered":"Alicia Esparza, ginec\u00f3loga: \u00abEl tabaco aumenta la probabilidad de que un VPH se vuelva persistente\u00bb Mar\u00eda Vetican, veterinaria:&hellip;\n","protected":false},"author":2,"featured_media":270383,"comment_status":"","ping_status":"","sticky":false,"template":"","format":"standard","meta":{"footnotes":""},"categories":[92],"tags":[25,24,165,166,23],"class_list":{"0":"post-270382","1":"post","2":"type-post","3":"status-publish","4":"format-standard","5":"has-post-thumbnail","7":"category-salud","8":"tag-es","9":"tag-espana","10":"tag-health","11":"tag-salud","12":"tag-spain"},"share_on_mastodon":{"url":"https:\/\/pubeurope.com\/@es\/115660307199768627","error":""},"_links":{"self":[{"href":"https:\/\/www.europesays.com\/es\/wp-json\/wp\/v2\/posts\/270382","targetHints":{"allow":["GET"]}}],"collection":[{"href":"https:\/\/www.europesays.com\/es\/wp-json\/wp\/v2\/posts"}],"about":[{"href":"https:\/\/www.europesays.com\/es\/wp-json\/wp\/v2\/types\/post"}],"author":[{"embeddable":true,"href":"https:\/\/www.europesays.com\/es\/wp-json\/wp\/v2\/users\/2"}],"replies":[{"embeddable":true,"href":"https:\/\/www.europesays.com\/es\/wp-json\/wp\/v2\/comments?post=270382"}],"version-history":[{"count":0,"href":"https:\/\/www.europesays.com\/es\/wp-json\/wp\/v2\/posts\/270382\/revisions"}],"wp:featuredmedia":[{"embeddable":true,"href":"https:\/\/www.europesays.com\/es\/wp-json\/wp\/v2\/media\/270383"}],"wp:attachment":[{"href":"https:\/\/www.europesays.com\/es\/wp-json\/wp\/v2\/media?parent=270382"}],"wp:term":[{"taxonomy":"category","embeddable":true,"href":"https:\/\/www.europesays.com\/es\/wp-json\/wp\/v2\/categories?post=270382"},{"taxonomy":"post_tag","embeddable":true,"href":"https:\/\/www.europesays.com\/es\/wp-json\/wp\/v2\/tags?post=270382"}],"curies":[{"name":"wp","href":"https:\/\/api.w.org\/{rel}","templated":true}]}}