{"id":270388,"date":"2025-12-04T08:18:10","date_gmt":"2025-12-04T08:18:10","guid":{"rendered":"https:\/\/www.europesays.com\/es\/270388\/"},"modified":"2025-12-04T08:18:10","modified_gmt":"2025-12-04T08:18:10","slug":"es-probable-que-el-boj-suba-los-tipos-en-diciembre-y-que-el-gobierno-lo-tolere-segun-fuentes","status":"publish","type":"post","link":"https:\/\/www.europesays.com\/es\/270388\/","title":{"rendered":"Es probable que el BoJ suba los tipos en diciembre y que el Gobierno lo tolere, seg\u00fan fuentes"},"content":{"rendered":"\n<p class=\"yf-1090901\">TOKIO, 4 dic (Reuters) &#8211; Es probable que el Banco de Jap\u00f3n suba los tipos de inter\u00e9s en diciembre y se espera que el Gobierno tolere esta decisi\u00f3n, seg\u00fan tres fuentes gubernamentales familiarizadas con las deliberaciones.<\/p>\n<p class=\"yf-1090901\">El Banco de \u200bJap\u00f3n parece dispuesto a proceder a una subida de su tipo de inter\u00e9s oficial del 0,5% al 0,75%, como \u200cse\u00f1al\u00f3 el Gobernador Kazuo Ueda en un discurso el lunes, dijeron las fuentes. Ser\u00eda la primera subida desde enero.<\/p>\n<p class=\"yf-1090901\">\u00abSi el Banco de Jap\u00f3n quiere subir los tipos \u200ceste mes, que tome su propia decisi\u00f3n. Esa es la postura del Gobierno\u00bb, dijo una de las fuentes, que a\u00f1adi\u00f3 que era casi seguro que el banco procediera a una subida este mes.<\/p>\n<p class=\"yf-1090901\">El Gobierno est\u00e1 dispuesto a tolerar una subida en diciembre, dijo otra fuente. Las fuentes hablaron bajo condici\u00f3n de anonimato, ya que no estaban autorizadas a hablar p\u00fablicamente.<\/p>\n<p class=\"yf-1090901\">El rendimiento de la deuda p\u00fablica japonesa a 10 a\u00f1os (JGB) alcanz\u00f3 \u2060un m\u00e1ximo de 18 a\u00f1os del 1,930% tras \u200cesta informaci\u00f3n.<\/p>\n<p class=\"yf-1090901\">El lunes, Ueda afirm\u00f3 que el Banco de Jap\u00f3n considerar\u00eda los \u00abpros y los contras\u00bb de subir los tipos este mes, lo que apuntaba a una fuerte probabilidad de subida en la reuni\u00f3n de \u200dlos d\u00edas 18 y 19 de diciembre.<\/p>\n<p class=\"yf-1090901\">Los comentarios de Ueda llevaron al mercado a cifrar en un 80% la probabilidad de una subida de tipos en diciembre, aunque algunos agentes del mercado se centraron en la posible reacci\u00f3n del Gobierno de la primera ministra, Sanae Takaichi, de sesgo acomodaticio.<\/p>\n<p class=\"yf-1090901\">La ministra \u200bde Finanzas, Satsuki Katayama, dijo el martes que no ve\u00eda diferencias entre el Gobierno y el Banco de Jap\u00f3n en su \u200cvaloraci\u00f3n de la econom\u00eda, cuando se le pregunt\u00f3 por los comentarios de Ueda.<\/p>\n<p class=\"yf-1090901\">Ni siquiera los ayudantes reflacionistas de Takaichi han expresado su oposici\u00f3n, incluyendo a Toshihiro Nagahama, miembro del panel gubernamental, quien dijo a Reuters el mi\u00e9rcoles que la primera ministra podr\u00eda aceptar una subida en diciembre si el yen se manten\u00eda d\u00e9bil.<\/p>\n<p class=\"yf-1090901\">Se espera que el consejo del Banco de Jap\u00f3n tome una decisi\u00f3n definitiva tras analizar los pr\u00f3ximos datos sobre la evoluci\u00f3n de los salarios nacionales, la decisi\u00f3n de pol\u00edtica monetaria de la Reserva Federal de EEUU de la \u2060pr\u00f3xima semana y su impacto en los mercados financieros.<\/p>\n<p class=\"yf-1090901\">La atenci\u00f3n del mercado se \u200bcentrar\u00e1 probablemente en los mensajes del banco central sobre hasta qu\u00e9 punto subir\u00e1 \u200bfinalmente los tipos de inter\u00e9s, un tema sobre el que Ueda se mantiene ambiguo.<\/p>\n<p class=\"yf-1090901\">Cualquier aclaraci\u00f3n sobre la futura senda de subidas de tipos vendr\u00e1 probablemente de la conferencia de prensa de Ueda tras la reuni\u00f3n \u200dde pol\u00edtica monetaria de diciembre.<\/p>\n<p class=\"yf-1090901\">En su \u2060intervenci\u00f3n en el Parlamento el jueves, Ueda dijo que hab\u00eda incertidumbre sobre hasta qu\u00e9 punto el Banco de Jap\u00f3n deber\u00eda subir los tipos debido a la dificultad de estimar el tipo de inter\u00e9s neutral del pa\u00eds, o el nivel que \u2060ni estimula ni enfr\u00eda el crecimiento.<\/p>\n<p class=\"yf-1090901\">El Banco de Jap\u00f3n ha realizado estimaciones que sugieren que el tipo de inter\u00e9s nominal neutro de Jap\u00f3n se sit\u00faa entre el \u200c1% y el 2,5%.<\/p>\n<p class=\"yf-1090901\">(Informaci\u00f3n de Takaya Yamaguchi, Makiko Yamazaki, Leika Kihara, Yoshifumi Takemoto y Kentaro Sugiyama; edici\u00f3n de \u200cEdwina Gibbs y Sam Holmes; edici\u00f3n en espa\u00f1ol de Paula Villalba)<\/p>\n","protected":false},"excerpt":{"rendered":"TOKIO, 4 dic (Reuters) &#8211; Es probable que el Banco de Jap\u00f3n suba los tipos de inter\u00e9s en&hellip;\n","protected":false},"author":2,"featured_media":270389,"comment_status":"","ping_status":"","sticky":false,"template":"","format":"standard","meta":{"footnotes":""},"categories":[80],"tags":[33044,82,95,94,66448,25,24,582,23,16553,6407],"class_list":{"0":"post-270388","1":"post","2":"type-post","3":"status-publish","4":"format-standard","5":"has-post-thumbnail","7":"category-economia","8":"tag-banco-de-japon","9":"tag-business","10":"tag-economia","11":"tag-economy","12":"tag-el-banco","13":"tag-es","14":"tag-espana","15":"tag-gobierno","16":"tag-spain","17":"tag-tipo-de-interes","18":"tag-tipos-de-interes"},"share_on_mastodon":{"url":"https:\/\/pubeurope.com\/@es\/115660318609801834","error":""},"_links":{"self":[{"href":"https:\/\/www.europesays.com\/es\/wp-json\/wp\/v2\/posts\/270388","targetHints":{"allow":["GET"]}}],"collection":[{"href":"https:\/\/www.europesays.com\/es\/wp-json\/wp\/v2\/posts"}],"about":[{"href":"https:\/\/www.europesays.com\/es\/wp-json\/wp\/v2\/types\/post"}],"author":[{"embeddable":true,"href":"https:\/\/www.europesays.com\/es\/wp-json\/wp\/v2\/users\/2"}],"replies":[{"embeddable":true,"href":"https:\/\/www.europesays.com\/es\/wp-json\/wp\/v2\/comments?post=270388"}],"version-history":[{"count":0,"href":"https:\/\/www.europesays.com\/es\/wp-json\/wp\/v2\/posts\/270388\/revisions"}],"wp:featuredmedia":[{"embeddable":true,"href":"https:\/\/www.europesays.com\/es\/wp-json\/wp\/v2\/media\/270389"}],"wp:attachment":[{"href":"https:\/\/www.europesays.com\/es\/wp-json\/wp\/v2\/media?parent=270388"}],"wp:term":[{"taxonomy":"category","embeddable":true,"href":"https:\/\/www.europesays.com\/es\/wp-json\/wp\/v2\/categories?post=270388"},{"taxonomy":"post_tag","embeddable":true,"href":"https:\/\/www.europesays.com\/es\/wp-json\/wp\/v2\/tags?post=270388"}],"curies":[{"name":"wp","href":"https:\/\/api.w.org\/{rel}","templated":true}]}}