{"id":270390,"date":"2025-12-04T08:19:20","date_gmt":"2025-12-04T08:19:20","guid":{"rendered":"https:\/\/www.europesays.com\/es\/270390\/"},"modified":"2025-12-04T08:19:20","modified_gmt":"2025-12-04T08:19:20","slug":"la-policia-arresta-a-un-joven-de-17-anos-sospechoso-de-un-ciberataque-contra-una-cadena-de-cibercafes","status":"publish","type":"post","link":"https:\/\/www.europesays.com\/es\/270390\/","title":{"rendered":"La polic\u00eda arresta a un joven de 17 a\u00f1os sospechoso de un ciberataque contra una cadena de cibercaf\u00e9s"},"content":{"rendered":"<p class=\"csp-catelogo\">\n\t\t\t\t\tNoticias\n\t\t\t\t<\/p>\n<p>\t\t\t\t\t\t\t\t\t\t\t\t\t<a class=\"c-cate c-cate0\" href=\"https:\/\/www.nippon.com\/es\/articlelist.html?f=ncf-category&amp;s=Sociedad\" rel=\"nofollow noopener\" target=\"_blank\">Sociedad<\/a><\/p>\n<p>\t\t\t\t04\/12\/2025<\/p>\n<p>Tokio, 4 de diciembre (Jiji Press)\u2014La polic\u00eda de Tokio ejecut\u00f3 el jueves una orden de arresto contra un joven de 17 a\u00f1os por presuntamente haber llevado a cabo un ciberataque contra la empresa operadora de la cadena de cibercaf\u00e9s Kaikatsu Club, seg\u00fan informaron fuentes de la investigaci\u00f3n.<\/p>\n<p>El Departamento Metropolitano de Polic\u00eda acus\u00f3 al estudiante de segundo a\u00f1o de instituto, residente en la ciudad de Osaka, en el oeste de Jap\u00f3n, de violar la ley contra el acceso no autorizado a sistemas inform\u00e1ticos y obstrucci\u00f3n fraudulenta de las actividades empresariales.<\/p>\n<p>De acuerdo con las fuentes, el joven habr\u00eda obtenido de forma fraudulenta unos 7,25 millones de registros de informaci\u00f3n de socios del Kaikatsu Club mediante un programa inform\u00e1tico que \u00e9l mismo desarroll\u00f3 utilizando el chatbot de inteligencia artificial ChatGPT.<\/p>\n<p>Por el momento no se ha confirmado un uso indebido de la informaci\u00f3n obtenida. Los locales de Kaikatsu Club tambi\u00e9n ofrecen manga, karaoke y otros servicios.<\/p>\n<p>Se cree que el joven vulner\u00f3 el servidor de una aplicaci\u00f3n gestionada por la operadora Kaikatsu Frontier Inc. y envi\u00f3 comandos fraudulentos de manera repetida para obtener los datos de socios entre el 18 y el 20 de enero. La polic\u00eda considera que obstruy\u00f3 las operaciones de la empresa al provocar que la aplicaci\u00f3n suspendiera temporalmente algunas de sus funciones.<\/p>\n<p class=\"photo_box_c_v2\"><a href=\"https:\/\/www.europesays.com\/es\/wp-content\/uploads\/2025\/12\/2916676.jpg\" class=\"fancybox\" rel=\"gallery\" data-libid=\"2916676\"><img decoding=\"async\" src=\"https:\/\/www.europesays.com\/es\/wp-content\/uploads\/2025\/12\/2916676.jpg\" data-libid=\"2916676\" alt=\"\"\/><\/a><\/p>\n<p>[Copyright The Jiji Press, Ltd.]<\/p>\n<p class=\"c-keywords\">\n\t\t\t\t\t\t\t\t\t\t\t\t <a href=\"\">polic\u00eda<\/a><br \/>\n\t\t\t\t\t \t\t\t\t\t\t\t <a href=\"\">Ciberseguridad<\/a><br \/>\n\t\t\t\t\t \t\t\t\t\t\t\t <a href=\"\">Jiji Press<\/a><br \/>\n\t\t\t\t\t \t\t\t\t\t\t\t <a href=\"\">Sucesos<\/a><br \/>\n\t\t\t\t\t \t\t\t\t\t\t\t <a href=\"\">Noticias<\/a>\n\t\t\t\t\t \t\t\t\t\t\t<\/p>\n","protected":false},"excerpt":{"rendered":"Noticias Sociedad 04\/12\/2025 Tokio, 4 de diciembre (Jiji Press)\u2014La polic\u00eda de Tokio ejecut\u00f3 el jueves una orden de&hellip;\n","protected":false},"author":2,"featured_media":270391,"comment_status":"","ping_status":"","sticky":false,"template":"","format":"standard","meta":{"footnotes":""},"categories":[42],"tags":[17,18,13559,13,14,11,61,62,63,64,14602,19,20,9,10,15,16,586,257,12,21,22,65,66,67],"class_list":{"0":"post-270390","1":"post","2":"type-post","3":"status-publish","4":"format-standard","5":"has-post-thumbnail","7":"category-internacional","8":"tag-breaking-news","9":"tag-breakingnews","10":"tag-ciberseguridad","11":"tag-featured-news","12":"tag-featurednews","13":"tag-headlines","14":"tag-internacional","15":"tag-international","16":"tag-international-news","17":"tag-internationalnews","18":"tag-jiji-press","19":"tag-latest-news","20":"tag-latestnews","21":"tag-news","22":"tag-noticias","23":"tag-noticias-destacadas","24":"tag-noticiasdestacadas","25":"tag-policia","26":"tag-sucesos","27":"tag-titulares","28":"tag-ultimas-noticias","29":"tag-ultimasnoticias","30":"tag-world","31":"tag-world-news","32":"tag-worldnews"},"share_on_mastodon":{"url":"https:\/\/pubeurope.com\/@es\/115660323022918392","error":""},"_links":{"self":[{"href":"https:\/\/www.europesays.com\/es\/wp-json\/wp\/v2\/posts\/270390","targetHints":{"allow":["GET"]}}],"collection":[{"href":"https:\/\/www.europesays.com\/es\/wp-json\/wp\/v2\/posts"}],"about":[{"href":"https:\/\/www.europesays.com\/es\/wp-json\/wp\/v2\/types\/post"}],"author":[{"embeddable":true,"href":"https:\/\/www.europesays.com\/es\/wp-json\/wp\/v2\/users\/2"}],"replies":[{"embeddable":true,"href":"https:\/\/www.europesays.com\/es\/wp-json\/wp\/v2\/comments?post=270390"}],"version-history":[{"count":0,"href":"https:\/\/www.europesays.com\/es\/wp-json\/wp\/v2\/posts\/270390\/revisions"}],"wp:featuredmedia":[{"embeddable":true,"href":"https:\/\/www.europesays.com\/es\/wp-json\/wp\/v2\/media\/270391"}],"wp:attachment":[{"href":"https:\/\/www.europesays.com\/es\/wp-json\/wp\/v2\/media?parent=270390"}],"wp:term":[{"taxonomy":"category","embeddable":true,"href":"https:\/\/www.europesays.com\/es\/wp-json\/wp\/v2\/categories?post=270390"},{"taxonomy":"post_tag","embeddable":true,"href":"https:\/\/www.europesays.com\/es\/wp-json\/wp\/v2\/tags?post=270390"}],"curies":[{"name":"wp","href":"https:\/\/api.w.org\/{rel}","templated":true}]}}