{"id":270392,"date":"2025-12-04T08:20:10","date_gmt":"2025-12-04T08:20:10","guid":{"rendered":"https:\/\/www.europesays.com\/es\/270392\/"},"modified":"2025-12-04T08:20:10","modified_gmt":"2025-12-04T08:20:10","slug":"la-fiscalia-investiga-a-su-lider-en-torremolinos-antonio-navarro","status":"publish","type":"post","link":"https:\/\/www.europesays.com\/es\/270392\/","title":{"rendered":"la Fiscal\u00eda investiga a su l\u00edder en Torremolinos, Antonio Navarro"},"content":{"rendered":"<p class=\"L6-news-detail__text\">Una militante del PSOE de M\u00e1laga ha interpuesto una denuncia ante la Fiscal\u00eda por <b>un presunto acoso sexual por parte del secretario general de los socialistas de Torremolinos, Antonio Navarro<\/b>. Un movimiento de la denunciante que se suma a la queja que ya present\u00f3 en el canal interno de la formaci\u00f3n.<\/p>\n<p class=\"L6-news-detail__text\">Conocida la denuncia, los socialistas malague\u00f1as han emitido un comunicado al que ha accedido <b><a title=\"laSexta\" href=\"https:\/\/www.lasexta.com\/\" target=\"_blank\" rel=\"nofollow noopener\">laSexta<\/a><\/b> en el que subrayan que \u00ablos hechos denunciados est\u00e1n siendo objeto de examen e investigaci\u00f3n por el \u00d3rgano contra el Acoso nombrado por la Comisi\u00f3n Ejecutiva Federal del PSOE\u00bb. Un departamente, respecto al que destacan \u00abtrabaja con plena autonom\u00eda y con la obligada privacidad\u00bb.<\/p>\n<p class=\"L6-news-detail__text\">Asimismo, aseguran que el asunto ha sido trasladado a la \u00abComisi\u00f3n Ejecutiva Federal, <b>por si procede su incorporaci\u00f3n al expediente y si fuese oportuno la adopci\u00f3n de alguna medida\u00bb<\/b>. En este sentido, a\u00f1aden que \u00absi la Fiscal\u00eda abriese diligencias\u00bb el PSOE de M\u00e1laga se compromete a presentar la solicitud de suspensi\u00f3n cautelar de militancia\u00bb. Por otro lado, la delegaci\u00f3n malague\u00f1a socialista ha manifestado \u00absu compromiso inquebrantable con la igualdad\u00bb, as\u00ed como \u00absu rechazo absoluto a cualquier acoso contra las mujeres\u00bb.<\/p>\n<p class=\"L6-news-detail__text\">Cabe destacar que esta noticia llega el mismo d\u00eda en el que la Secretar\u00eda de Igualdad del PSOE a nivel nacional <b>ha convocado una reuni\u00f3n de urgencia de forma telem\u00e1tica a \u00faltima hora de mi\u00e9rcoles<\/b>, en la que se han abordado las denuncias por acoso sexual contra Paco Salazar, entre cuestiones. As\u00ed lo confirmaban fuentes socialistas a laSexta, despu\u00e9s de que esta semana se conociese que esas denuncias presentadas en el canal interno hace cinco meses &#8216;desaparecieran&#8217; del sistema.<\/p>\n<p class=\"L6-news-detail__text\">Precisamente, a ra\u00edz de esa informaci\u00f3n de &#8216;elDiario.es&#8217;, la maquinaria socialista se pon\u00eda en marcha para investigar estos hechos. Eso s\u00ed, despu\u00e9s de haber tratado de conocer la identidad de las mujeres presuntamente acosadas. Ellas misma trasladaron dicho extremo al precitado medio, as\u00ed como su testimonio. Una de ellas lleg\u00f3 a contar que <b><a title=\"era com\u00fan que Salzar les pidiera que les ense\u00f1ara el escote o sugiriera que esa noche hab\u00edan dormido mal por mantener relaciones sexuales\" href=\"https:\/\/www.lasexta.com\/noticias\/nacional\/duro-testimonio-denunciantes-paco-salazar-pedia-que-ensenaras-escote-subia-bragueta-cara_20251202692ec66c6e5e5012dcd731bf.html\" target=\"_blank\" rel=\"nofollow noopener\">era com\u00fan que Salzar les pidiera que les ense\u00f1ara el escote o sugiriera que esa noche hab\u00edan dormido mal por mantener relaciones sexuales<\/a><\/b>.<\/p>\n<p class=\"L6-news-detail__text\">En definitiva, una gesti\u00f3n del esc\u00e1ndalo Salazar que ha provocado <b>gran enfado en las filas socialistas<\/b>, tal y como han trasladado fuentes cercanos al encuentro de este mi\u00e9rcoles. En \u00e9l, la secretaria de Igualdad del PSOE y delegada del Gobierno en la Comunitat Valenciana, Pilar Bernab\u00e9, se ha comprometido a celebrar un encuentro presencial, as\u00ed como que habr\u00e1 un Plan de Prevenci\u00f3n que incluir\u00e1 formaci\u00f3n de altos cargos.<\/p>\n<p class=\"L6-news-detail__text\"><b><a href=\"https:\/\/profile.google.com\/cp\/CgkvbS8wZG5xejA?|||EXTERNO\" rel=\"nofollow noopener\" target=\"_blank\">*Sigue a laSexta en Google. Toda la actualidad y el mejor contenido aqu\u00ed.<\/a><\/b><\/p>\n<p class=\"L6-support-news-video__title\">Seg\u00fan la lista Forbes<\/p>\n<p>            <a href=\"https:\/\/www.lasexta.com\/noticias\/economia\/ortega-aferran-primeros-puestos-lista-diez-espanoles-mas-ricos_2025120369309a396e5e5012dcd94c55.html\" class=\"L6-news__link\" rel=\"nofollow noopener\" target=\"_blank\"><br \/>\n                Los Ortega se aferran a los primeros puestos de la lista de los diez espa\u00f1oles m\u00e1s ricos<\/p>\n<p class=\"recirculation-video-desc\">Los datos El empresario posee una fortuna de casi 110.000 millones de euros gracias a Inditex, que este mi\u00e9rcoles se ha disparado en bolsa un 8% tras unos resultados r\u00e9cord en 2025.<\/p>\n<p>            <\/a><\/p>\n","protected":false},"excerpt":{"rendered":"Una militante del PSOE de M\u00e1laga ha interpuesto una denuncia ante la Fiscal\u00eda por un presunto acoso sexual&hellip;\n","protected":false},"author":2,"featured_media":270393,"comment_status":"","ping_status":"","sticky":false,"template":"","format":"standard","meta":{"footnotes":""},"categories":[8],"tags":[17,18,25,24,13,14,11,19,20,9,10,15,16,23,12,21,22],"class_list":{"0":"post-270392","1":"post","2":"type-post","3":"status-publish","4":"format-standard","5":"has-post-thumbnail","7":"category-espana","8":"tag-breaking-news","9":"tag-breakingnews","10":"tag-es","11":"tag-espana","12":"tag-featured-news","13":"tag-featurednews","14":"tag-headlines","15":"tag-latest-news","16":"tag-latestnews","17":"tag-news","18":"tag-noticias","19":"tag-noticias-destacadas","20":"tag-noticiasdestacadas","21":"tag-spain","22":"tag-titulares","23":"tag-ultimas-noticias","24":"tag-ultimasnoticias"},"share_on_mastodon":{"url":"https:\/\/pubeurope.com\/@es\/115660326516480949","error":""},"_links":{"self":[{"href":"https:\/\/www.europesays.com\/es\/wp-json\/wp\/v2\/posts\/270392","targetHints":{"allow":["GET"]}}],"collection":[{"href":"https:\/\/www.europesays.com\/es\/wp-json\/wp\/v2\/posts"}],"about":[{"href":"https:\/\/www.europesays.com\/es\/wp-json\/wp\/v2\/types\/post"}],"author":[{"embeddable":true,"href":"https:\/\/www.europesays.com\/es\/wp-json\/wp\/v2\/users\/2"}],"replies":[{"embeddable":true,"href":"https:\/\/www.europesays.com\/es\/wp-json\/wp\/v2\/comments?post=270392"}],"version-history":[{"count":0,"href":"https:\/\/www.europesays.com\/es\/wp-json\/wp\/v2\/posts\/270392\/revisions"}],"wp:featuredmedia":[{"embeddable":true,"href":"https:\/\/www.europesays.com\/es\/wp-json\/wp\/v2\/media\/270393"}],"wp:attachment":[{"href":"https:\/\/www.europesays.com\/es\/wp-json\/wp\/v2\/media?parent=270392"}],"wp:term":[{"taxonomy":"category","embeddable":true,"href":"https:\/\/www.europesays.com\/es\/wp-json\/wp\/v2\/categories?post=270392"},{"taxonomy":"post_tag","embeddable":true,"href":"https:\/\/www.europesays.com\/es\/wp-json\/wp\/v2\/tags?post=270392"}],"curies":[{"name":"wp","href":"https:\/\/api.w.org\/{rel}","templated":true}]}}