{"id":270408,"date":"2025-12-04T08:36:15","date_gmt":"2025-12-04T08:36:15","guid":{"rendered":"https:\/\/www.europesays.com\/es\/270408\/"},"modified":"2025-12-04T08:36:15","modified_gmt":"2025-12-04T08:36:15","slug":"radio-clasica-emite-en-directo-el-concierto-de-los-premios-nobel-2025","status":"publish","type":"post","link":"https:\/\/www.europesays.com\/es\/270408\/","title":{"rendered":"Radio Cl\u00e1sica emite en directo el Concierto de los Premios Nobel 2025"},"content":{"rendered":"<p style=\"text-align:justify;\"><strong><a href=\"https:\/\/www.rtve.es\/radio\/radioclasica\/\" rel=\"nofollow noopener\" target=\"_blank\">Radio Cl\u00e1sica<\/a><\/strong> se suma a la celebraci\u00f3n de los <strong>Premios Nobel<\/strong> con la <strong>transmisi\u00f3n en directo del tradicional concierto, <\/strong>que se enmarca en la semana de actos conmemorativos de los prestigiosos galardones. Esta cita musical se celebra desde 1991 con los solistas y directores m\u00e1s reconocidos del panorama internacional.<\/p>\n<p style=\"text-align:justify;\">La transmisi\u00f3n, que comenzar\u00e1 a las 19:00 horas (CET) este lunes 8 de diciembre desde el Konserthuset de Estocolmo, se podr\u00e1 seguir en <strong>Radio Cl\u00e1sica<\/strong> de RNE, gracias a la <strong>Uni\u00f3n Europea de Radiotelevisi\u00f3n <\/strong>(UER) y a la <strong>Sveriges Radio<\/strong> (Radio de Suecia).<\/p>\n<p style=\"text-align:justify;\">Estar\u00e1 protagonizada por la violinista <strong>Mar\u00eda Due\u00f1as<\/strong> (primera int\u00e9rprete espa\u00f1ola de la historia en participar en este concierto) y <strong>Semyon Bychkov<\/strong>, director titular de la Filarm\u00f3nica Checa. Adem\u00e1s, se escuchar\u00e1n discursos a cargo de la <strong>Organizaci\u00f3n de los Premios Nobel<\/strong> (que se entregar\u00e1n el mi\u00e9rcoles 10 de diciembre) y del <strong>Koserthuset<\/strong> de Estocolmo (la sala de conciertos de la capital sueca).<\/p>\n<p><strong>El programa<\/strong><\/p>\n<p style=\"text-align:justify;\">Incluye la <strong>Novena Sinfon\u00eda \u2018Del Nuevo Mundo\u2019<\/strong>, escrita por el compositor checo <strong>Anton\u00edn Dvo\u0159\u00e1k<\/strong> durante su etapa como profesor de composici\u00f3n en Estados Unidos. <\/p>\n<p style=\"text-align:justify;\">La obra inaugural, <strong>Mari,<\/strong> del compositor estadounidense <strong>Bryce Dessner<\/strong>, tom\u00f3 forma durante sus paseos solitarios por la campi\u00f1a francesa en los a\u00f1os de la pandemia: una meditaci\u00f3n musical sobre la fugacidad de la vida. Dessner ha dedicado la pieza a Semyon Bychkov e incluso ha incorporado en ella una melod\u00eda de la Novena Sinfon\u00eda de Dvo\u0159\u00e1k. <\/p>\n<p>La violinista espa\u00f1ola Mar\u00eda Due\u00f1as\u00a0Felix Broede<\/p>\n<p style=\"text-align:justify;\"><strong>Mar\u00eda Due\u00f1as<\/strong> interpretar\u00e1 el c\u00e9lebre <strong>Concierto para viol\u00edn en mi menor<\/strong> de <strong>Felix Mendelssohn,<\/strong> compuesto para su amigo de la infancia y virtuoso del viol\u00edn Ferdinand David.<\/p>\n<p style=\"text-align:justify;\"><strong>Mar\u00eda Due\u00f1as<\/strong> (Granada, 2002) se ha consolidado como una de las estrellas m\u00e1s brillantes del panorama musical cl\u00e1sico, colaborando con directores como Manfred Honeck, Herbert Blomstedt, Yannick N\u00e9zet-S\u00e9guin o Gustavo Dudamel. <\/p>\n<p style=\"text-align:justify;\">\u201cActuar en Estocolmo para los galardonados con el Premio Nobel es un gran honor\u201d, afirma Mar\u00eda Due\u00f1as. \u201cAl estar ante personas que han dedicado su vida a la b\u00fasqueda del conocimiento, recuerdo que la m\u00fasica, al igual que la visi\u00f3n del Nobel, busca trascender fronteras, desvelar lo invisible y unirnos en nuestra humanidad com\u00fan. Estoy profundamente agradecida por poder aportar mi voz a este momento de inspiraci\u00f3n compartida\u201d.<\/p>\n<p style=\"text-align:justify;\">Por su parte, <strong>Semyon Bychkov<\/strong>, ganador de m\u00faltiples premios y de renombre internacional, es el director titular de la Filarm\u00f3nica Checa. Bychkov naci\u00f3 en la Uni\u00f3n Sovi\u00e9tica y ahora es ciudadano estadounidense, despu\u00e9s de haber emigrado a Estados Unidos durante su juventud. Bychkov ha trabajado con las principales orquestas y teatros de \u00f3pera del mundo, y anteriormente fue director musical de la Orchestre de Paris, director titular de la Orquesta Sinf\u00f3nica de la WDR de Colonia y de la Semperoper de Dresde.<\/p>\n","protected":false},"excerpt":{"rendered":"Radio Cl\u00e1sica se suma a la celebraci\u00f3n de los Premios Nobel con la transmisi\u00f3n en directo del tradicional&hellip;\n","protected":false},"author":2,"featured_media":270409,"comment_status":"","ping_status":"","sticky":false,"template":"","format":"standard","meta":{"footnotes":""},"categories":[170],"tags":[146,147,25,24,184,185,23],"class_list":{"0":"post-270408","1":"post","2":"type-post","3":"status-publish","4":"format-standard","5":"has-post-thumbnail","7":"category-musica","8":"tag-entertainment","9":"tag-entretenimiento","10":"tag-es","11":"tag-espana","12":"tag-music","13":"tag-musica","14":"tag-spain"},"share_on_mastodon":{"url":"https:\/\/pubeurope.com\/@es\/115660389448510568","error":""},"_links":{"self":[{"href":"https:\/\/www.europesays.com\/es\/wp-json\/wp\/v2\/posts\/270408","targetHints":{"allow":["GET"]}}],"collection":[{"href":"https:\/\/www.europesays.com\/es\/wp-json\/wp\/v2\/posts"}],"about":[{"href":"https:\/\/www.europesays.com\/es\/wp-json\/wp\/v2\/types\/post"}],"author":[{"embeddable":true,"href":"https:\/\/www.europesays.com\/es\/wp-json\/wp\/v2\/users\/2"}],"replies":[{"embeddable":true,"href":"https:\/\/www.europesays.com\/es\/wp-json\/wp\/v2\/comments?post=270408"}],"version-history":[{"count":0,"href":"https:\/\/www.europesays.com\/es\/wp-json\/wp\/v2\/posts\/270408\/revisions"}],"wp:featuredmedia":[{"embeddable":true,"href":"https:\/\/www.europesays.com\/es\/wp-json\/wp\/v2\/media\/270409"}],"wp:attachment":[{"href":"https:\/\/www.europesays.com\/es\/wp-json\/wp\/v2\/media?parent=270408"}],"wp:term":[{"taxonomy":"category","embeddable":true,"href":"https:\/\/www.europesays.com\/es\/wp-json\/wp\/v2\/categories?post=270408"},{"taxonomy":"post_tag","embeddable":true,"href":"https:\/\/www.europesays.com\/es\/wp-json\/wp\/v2\/tags?post=270408"}],"curies":[{"name":"wp","href":"https:\/\/api.w.org\/{rel}","templated":true}]}}