{"id":270411,"date":"2025-12-04T08:38:09","date_gmt":"2025-12-04T08:38:09","guid":{"rendered":"https:\/\/www.europesays.com\/es\/270411\/"},"modified":"2025-12-04T08:38:09","modified_gmt":"2025-12-04T08:38:09","slug":"cosas-de-la-copa-real-sociedad-de-futbol-s-a-d","status":"publish","type":"post","link":"https:\/\/www.europesays.com\/es\/270411\/","title":{"rendered":"Cosas de la Copa &#8211; Real Sociedad de F\u00fatbol S.A.D."},"content":{"rendered":"<p>La Copa es sin\u00f3nimo de ilusi\u00f3n y alegr\u00eda para muchos aficionados que de otra forma no hubieran podido vivir noches como la de ayer en Reus. Cosas de la Copa.&#13;<br \/>\n<\/p>\n<p>En caso de no querer que las im\u00e1genes en las que pueda aparecer Ud. o alg\u00fan menor que est\u00e9 bajo su tutela sean publicadas en los canales de comunicaci\u00f3n oficiales del CLUB, por favor, h\u00e1ganoslo saber en la siguiente direcci\u00f3n de correo electr\u00f3nico, y procederemos a su inmediata retirada: <a href=\"https:\/\/www.realsociedad.eus\/es\/noticias\/detalle\/mailto:pdcp@realsociedad.eus\" target=\"_blank\" rel=\"nofollow noopener\">pdcp@realsociedad.eus<\/a>. La pol\u00edtica de privacidad correspondiente se encuentra en el siguiente enlace: <a href=\"https:\/\/eur03.safelinks.protection.outlook.com\/?url=https%3A%2F%2Fcdn.realsociedad.eus%2FUploads%2FCntDetalles%2F503%2F1%2Facd80c62-c8f7-4b75-9eb4-d09362fb43cd.pdf&amp;data=05%7C02%7Cjonander.munduate%40realsociedad.eus%7C4253d820278f4ac38e9c08dc42862dc5%7C9c6611029e534fd4a86bb4f4afbb3f3c%7C0%7C0%7C638458391283983341%7CUnknown%7CTWFpbGZsb3d8eyJWIjoiMC4wLjAwMDAiLCJQIjoiV2luMzIiLCJBTiI6Ik1haWwiLCJXVCI6Mn0%3D%7C0%7C%7C%7C&amp;sdata=gxZEG1PtR6uzt6Vd05PTvnfqj%2FY6n8nQfPR%2B9vTr3nI%3D&amp;reserved=0\" rel=\"nofollow noopener\" target=\"_blank\">https:\/\/cdn.realsociedad.eus\/Uploads\/CntDetalles\/503\/1\/acd80c62-c8f7-4b75-9eb4-d09362fb43cd.pdf<\/a><\/p>\n","protected":false},"excerpt":{"rendered":"La Copa es sin\u00f3nimo de ilusi\u00f3n y alegr\u00eda para muchos aficionados que de otra forma no hubieran podido&hellip;\n","protected":false},"author":2,"featured_media":270412,"comment_status":"","ping_status":"","sticky":false,"template":"","format":"standard","meta":{"footnotes":""},"categories":[93],"tags":[168,25,24,282,1044,798,492,23,167],"class_list":{"0":"post-270411","1":"post","2":"type-post","3":"status-publish","4":"format-standard","5":"has-post-thumbnail","7":"category-deportes","8":"tag-deportes","9":"tag-es","10":"tag-espana","11":"tag-futbol","12":"tag-liga","13":"tag-real","14":"tag-sociedad","15":"tag-spain","16":"tag-sports"},"share_on_mastodon":{"url":"https:\/\/pubeurope.com\/@es\/115660397272149114","error":""},"_links":{"self":[{"href":"https:\/\/www.europesays.com\/es\/wp-json\/wp\/v2\/posts\/270411","targetHints":{"allow":["GET"]}}],"collection":[{"href":"https:\/\/www.europesays.com\/es\/wp-json\/wp\/v2\/posts"}],"about":[{"href":"https:\/\/www.europesays.com\/es\/wp-json\/wp\/v2\/types\/post"}],"author":[{"embeddable":true,"href":"https:\/\/www.europesays.com\/es\/wp-json\/wp\/v2\/users\/2"}],"replies":[{"embeddable":true,"href":"https:\/\/www.europesays.com\/es\/wp-json\/wp\/v2\/comments?post=270411"}],"version-history":[{"count":0,"href":"https:\/\/www.europesays.com\/es\/wp-json\/wp\/v2\/posts\/270411\/revisions"}],"wp:featuredmedia":[{"embeddable":true,"href":"https:\/\/www.europesays.com\/es\/wp-json\/wp\/v2\/media\/270412"}],"wp:attachment":[{"href":"https:\/\/www.europesays.com\/es\/wp-json\/wp\/v2\/media?parent=270411"}],"wp:term":[{"taxonomy":"category","embeddable":true,"href":"https:\/\/www.europesays.com\/es\/wp-json\/wp\/v2\/categories?post=270411"},{"taxonomy":"post_tag","embeddable":true,"href":"https:\/\/www.europesays.com\/es\/wp-json\/wp\/v2\/tags?post=270411"}],"curies":[{"name":"wp","href":"https:\/\/api.w.org\/{rel}","templated":true}]}}