{"id":270413,"date":"2025-12-04T08:39:10","date_gmt":"2025-12-04T08:39:10","guid":{"rendered":"https:\/\/www.europesays.com\/es\/270413\/"},"modified":"2025-12-04T08:39:10","modified_gmt":"2025-12-04T08:39:10","slug":"la-gripe-irrumpe-antes-de-tiempo-en-espana-y-las-autonomias-intensifican-la-vacunacion","status":"publish","type":"post","link":"https:\/\/www.europesays.com\/es\/270413\/","title":{"rendered":"La gripe irrumpe antes de tiempo en Espa\u00f1a y las autonom\u00edas intensifican la vacunaci\u00f3n"},"content":{"rendered":"<p>La temporada de <strong>gripe<\/strong> ha arrancado antes de lo habitual en <strong>Espa\u00f1a<\/strong>, seg\u00fan los datos m\u00e1s recientes del Instituto de Salud Carlos III (ISCIII). Entre el 17 y el 23 de noviembre de 2025 se registraron 40,1 casos por cada 100.000 habitantes, lo que supone superar el umbral epid\u00e9mico nacional y un incremento del 13,9 % respecto a la semana anterior. Esta tendencia ha llevado a las comunidades aut\u00f3nomas a reforzar sus campa\u00f1as de vacunaci\u00f3n.<\/p>\n<p>Aunque por el momento no se ha detectado una mayor gravedad en los casos, la r\u00e1pida expansi\u00f3n del virus puede traducirse en un aumento significativo de contagios y en una presi\u00f3n a\u00f1adida sobre los servicios sanitarios. Por este motivo, el<strong> Centro Europeo para el Control de Enfermedades (ECDC) <\/strong>ha instado a los pa\u00edses a acelerar la inmunizaci\u00f3n y a preparar sus sistemas asistenciales ante un posible repunte temprano.<\/p>\n<p>El adelantamiento de la circulaci\u00f3n del virus, unido al elevado porcentaje de poblaci\u00f3n a\u00fan sin vacunar, podr\u00eda provocar un pico prematuro de gripe. Cuantas m\u00e1s personas reciban la vacuna, mayor ser\u00e1 la protecci\u00f3n colectiva y menor la capacidad del virus para propagarse con intensidad.<\/p>\n<p><strong><strong>Un inicio temprano de la circulaci\u00f3n del virus obliga a reforzar la inmunizaci\u00f3n y la alerta sanitaria<\/strong><\/strong><\/p>\n<p>En este contexto, la vacunaci\u00f3n anual contin\u00faa siendo la estrategia m\u00e1s eficaz y costo-efectiva para prevenir la gripe y reducir el impacto de sus complicaciones. Organismos internacionales, como el Consejo Europeo, respaldan su importancia, especialmente en la protecci\u00f3n de los grupos vulnerables. Adem\u00e1s de prevenir infecciones, la vacuna ha demostrado una notable eficacia en evitar casos graves, hospitalizaciones, ingresos en UCI e incluso muertes.<\/p>\n<p>La gravedad real de la gripe suele infravalorarse. M\u00e1s all\u00e1 de las complicaciones respiratorias severas, como la neumon\u00eda \u2014cuyo riesgo se multiplica por cien tras una infecci\u00f3n gripal\u2014, tambi\u00e9n se relaciona con eventos cardiovasculares graves. Tras pasar la gripe, la probabilidad de sufrir un infarto se multiplica por diez y la de padecer un accidente cerebrovascular, por ocho durante la semana posterior.<\/p>\n<p>A la hora de decidir vacunarse, la mayor\u00eda de los espa\u00f1oles act\u00faa por h\u00e1bito o decisi\u00f3n personal: ocho de cada diez lo hacen por iniciativa propia. Solo una minor\u00eda se inmuniza por recomendaci\u00f3n directa, siendo los profesionales sanitarios quienes concentran la mayor\u00eda de estas influencias. Entre quienes no se vacunan, predomina una baja percepci\u00f3n de riesgo, al considerarse personas sanas o \u201cinvulnerables\u201d. Adem\u00e1s, muchos desconocen su pertenencia a grupos de riesgo. Esta falta de concienciaci\u00f3n limita la protecci\u00f3n poblacional y dificulta la comprensi\u00f3n del papel de la vacuna en prevenir tanto la inmunosenescencia como la transmisi\u00f3n a los m\u00e1s vulnerables.<\/p>\n<p><strong>Seguiremos Informando\u2026<\/strong><\/p>\n","protected":false},"excerpt":{"rendered":"La temporada de gripe ha arrancado antes de lo habitual en Espa\u00f1a, seg\u00fan los datos m\u00e1s recientes del&hellip;\n","protected":false},"author":2,"featured_media":270414,"comment_status":"","ping_status":"","sticky":false,"template":"","format":"standard","meta":{"footnotes":""},"categories":[92],"tags":[25,24,165,166,23],"class_list":{"0":"post-270413","1":"post","2":"type-post","3":"status-publish","4":"format-standard","5":"has-post-thumbnail","7":"category-salud","8":"tag-es","9":"tag-espana","10":"tag-health","11":"tag-salud","12":"tag-spain"},"share_on_mastodon":{"url":"https:\/\/pubeurope.com\/@es\/115660401250401120","error":""},"_links":{"self":[{"href":"https:\/\/www.europesays.com\/es\/wp-json\/wp\/v2\/posts\/270413","targetHints":{"allow":["GET"]}}],"collection":[{"href":"https:\/\/www.europesays.com\/es\/wp-json\/wp\/v2\/posts"}],"about":[{"href":"https:\/\/www.europesays.com\/es\/wp-json\/wp\/v2\/types\/post"}],"author":[{"embeddable":true,"href":"https:\/\/www.europesays.com\/es\/wp-json\/wp\/v2\/users\/2"}],"replies":[{"embeddable":true,"href":"https:\/\/www.europesays.com\/es\/wp-json\/wp\/v2\/comments?post=270413"}],"version-history":[{"count":0,"href":"https:\/\/www.europesays.com\/es\/wp-json\/wp\/v2\/posts\/270413\/revisions"}],"wp:featuredmedia":[{"embeddable":true,"href":"https:\/\/www.europesays.com\/es\/wp-json\/wp\/v2\/media\/270414"}],"wp:attachment":[{"href":"https:\/\/www.europesays.com\/es\/wp-json\/wp\/v2\/media?parent=270413"}],"wp:term":[{"taxonomy":"category","embeddable":true,"href":"https:\/\/www.europesays.com\/es\/wp-json\/wp\/v2\/categories?post=270413"},{"taxonomy":"post_tag","embeddable":true,"href":"https:\/\/www.europesays.com\/es\/wp-json\/wp\/v2\/tags?post=270413"}],"curies":[{"name":"wp","href":"https:\/\/api.w.org\/{rel}","templated":true}]}}