{"id":270415,"date":"2025-12-04T08:40:14","date_gmt":"2025-12-04T08:40:14","guid":{"rendered":"https:\/\/www.europesays.com\/es\/270415\/"},"modified":"2025-12-04T08:40:14","modified_gmt":"2025-12-04T08:40:14","slug":"kate-middleton-luce-por-primera-vez-la-tiara-oriental-circle-una-joya-muy-simbolica-y-favorita-de-isabel-ii-para-el-banquete-de-estado-en-honor-al-presidente-aleman","status":"publish","type":"post","link":"https:\/\/www.europesays.com\/es\/270415\/","title":{"rendered":"Kate Middleton luce por primera vez la tiara Oriental Circle: una joya muy simb\u00f3lica (y favorita de Isabel II) para el banquete de Estado en honor al presidente alem\u00e1n"},"content":{"rendered":"<p>La tiara pas\u00f3 a formar parte de la colecci\u00f3n de la Familia Real \u00abpara ser llevada por futuras reinas\u00bb, empezando por <strong>la reina Alexandra<\/strong>, nuera de la difunta reina Victoria, princesa danesa que se convirti\u00f3 en reina consorte al casarse con <strong>Eduardo VII<\/strong>. Alexandra consider\u00f3 \u00abdesafortunados\u00bb los \u00f3palos y los sustituy\u00f3 por rub\u00edes regalados a su marido por el rey de Nepal en 1870, durante una visita oficial.<\/p>\n<p>Y aqu\u00ed es donde hay que admirar el sentido de la historia de Kate Middleton: seg\u00fan los archivos reales, Alexandra s\u00f3lo llev\u00f3 la joya una vez, en 1903, durante una visita de Estado a Alemania. Eso fue m\u00e1s de un siglo antes de que la princesa de Gales saludara al presidente alem\u00e1n <strong>Frank-Walter Steinmeier<\/strong> durante esa visita de Estado.<\/p>\n<p><strong>Isabel II,<\/strong> descendiente de Victoria, s\u00f3lo llev\u00f3 esta corona una vez, y es una de las m\u00e1s caras de la colecci\u00f3n real. Dej\u00f3 en gran parte el uso de la misma a su madre, <strong>la reina Isabel<\/strong>, que apreciaba especialmente esta tiara, hasta el punto de que la luci\u00f3 en su retrato oficial en la coronaci\u00f3n de su marido, <strong>Jorge VI<\/strong>, inmortalizado por <strong>Cecil Beaton<\/strong>.<\/p>\n<p><img decoding=\"async\" alt=\"La Reina Isabel fotografiada por Cecil Beaton.\" loading=\"lazy\" class=\"ResponsiveImageContainer-eNxvmU cfBbTk responsive-image__image\"   src=\"https:\/\/www.europesays.com\/es\/wp-content\/uploads\/2025\/12\/Elizabeth-I-171794906.jpg\"\/><\/p>\n<p>La Reina Isabel, fotografiada por Cecil Beaton.<\/p>\n<p>Underwood Archives\/Getty Images<img decoding=\"async\" alt=\"La Reina Madre en 1939.\" loading=\"lazy\" class=\"ResponsiveImageContainer-eNxvmU cfBbTk responsive-image__image\"   src=\"https:\/\/www.europesays.com\/es\/wp-content\/uploads\/2025\/12\/Elizabeth-I-613464868.jpg\"\/><\/p>\n<p>La Reina Madre en 1939.<\/p>\n<p>Hulton Deutsch\/Getty Images<img decoding=\"async\" alt=\"La Reina Madre en 1949.\" loading=\"lazy\" class=\"ResponsiveImageContainer-eNxvmU cfBbTk responsive-image__image\"   src=\"https:\/\/www.europesays.com\/es\/wp-content\/uploads\/2025\/12\/Elizabeth-I-515331918.jpg\"\/><\/p>\n<p>La Reina Madre en 1949.<\/p>\n<p>Bettmann\/Getty Images<img decoding=\"async\" alt=\"La Reina Madre en 1980.\" loading=\"lazy\" class=\"ResponsiveImageContainer-eNxvmU cfBbTk responsive-image__image\"   src=\"https:\/\/www.europesays.com\/es\/wp-content\/uploads\/2025\/12\/Elizabeth-I-80156427.jpg\"\/><\/p>\n<p>La Reina Madre en 1980.<\/p>\n<p>Mike Lawn\/Getty Images<img decoding=\"async\" alt=\"La Reina Madre en 1980.\" loading=\"lazy\" class=\"ResponsiveImageContainer-eNxvmU cfBbTk responsive-image__image\"   src=\"https:\/\/www.europesays.com\/es\/wp-content\/uploads\/2025\/12\/Elizabeth-I-52104064.jpg\"\/><\/p>\n<p>La Reina Madre en 1980.<\/p>\n<p>Tim Graham\/Getty Images<img decoding=\"async\" alt=\"Isabel II luciendo la tiara circular oriental 2005.\" loading=\"lazy\" class=\"ResponsiveImageContainer-eNxvmU cfBbTk responsive-image__image\"   src=\"https:\/\/www.europesays.com\/es\/wp-content\/uploads\/2025\/12\/Elizabeth-II-158143404.jpg\"\/><\/p>\n<p>Isabel II luciendo la tiara circular oriental, 2005.<\/p>\n<p>Mark Cuthbert\/Getty Images<\/p>\n","protected":false},"excerpt":{"rendered":"La tiara pas\u00f3 a formar parte de la colecci\u00f3n de la Familia Real \u00abpara ser llevada por futuras&hellip;\n","protected":false},"author":2,"featured_media":270416,"comment_status":"","ping_status":"","sticky":false,"template":"","format":"standard","meta":{"footnotes":""},"categories":[91],"tags":[146,147,25,24,5868,4016,18700,23,56811],"class_list":{"0":"post-270415","1":"post","2":"type-post","3":"status-publish","4":"format-standard","5":"has-post-thumbnail","7":"category-entretenimiento","8":"tag-entertainment","9":"tag-entretenimiento","10":"tag-es","11":"tag-espana","12":"tag-familia-real-britanica","13":"tag-joyas","14":"tag-kate-middleton","15":"tag-spain","16":"tag-tiara"},"share_on_mastodon":{"url":"https:\/\/pubeurope.com\/@es\/115660406292422920","error":""},"_links":{"self":[{"href":"https:\/\/www.europesays.com\/es\/wp-json\/wp\/v2\/posts\/270415","targetHints":{"allow":["GET"]}}],"collection":[{"href":"https:\/\/www.europesays.com\/es\/wp-json\/wp\/v2\/posts"}],"about":[{"href":"https:\/\/www.europesays.com\/es\/wp-json\/wp\/v2\/types\/post"}],"author":[{"embeddable":true,"href":"https:\/\/www.europesays.com\/es\/wp-json\/wp\/v2\/users\/2"}],"replies":[{"embeddable":true,"href":"https:\/\/www.europesays.com\/es\/wp-json\/wp\/v2\/comments?post=270415"}],"version-history":[{"count":0,"href":"https:\/\/www.europesays.com\/es\/wp-json\/wp\/v2\/posts\/270415\/revisions"}],"wp:featuredmedia":[{"embeddable":true,"href":"https:\/\/www.europesays.com\/es\/wp-json\/wp\/v2\/media\/270416"}],"wp:attachment":[{"href":"https:\/\/www.europesays.com\/es\/wp-json\/wp\/v2\/media?parent=270415"}],"wp:term":[{"taxonomy":"category","embeddable":true,"href":"https:\/\/www.europesays.com\/es\/wp-json\/wp\/v2\/categories?post=270415"},{"taxonomy":"post_tag","embeddable":true,"href":"https:\/\/www.europesays.com\/es\/wp-json\/wp\/v2\/tags?post=270415"}],"curies":[{"name":"wp","href":"https:\/\/api.w.org\/{rel}","templated":true}]}}