{"id":270419,"date":"2025-12-04T08:42:06","date_gmt":"2025-12-04T08:42:06","guid":{"rendered":"https:\/\/www.europesays.com\/es\/270419\/"},"modified":"2025-12-04T08:42:06","modified_gmt":"2025-12-04T08:42:06","slug":"el-plan-de-sanchez-para-que-espana-fabrique-coches-electricos-competitivos-y-economicos-para-la-clase-media-y-trabajadora-expansion","status":"publish","type":"post","link":"https:\/\/www.europesays.com\/es\/270419\/","title":{"rendered":"El plan de S\u00e1nchez para que Espa\u00f1a fabrique coches el\u00e9ctricos &quot;competitivos y econ\u00f3micos&quot; para la &quot;clase media y trabajadora&quot; &#8211; Expansi\u00f3n"},"content":{"rendered":"<ol>\n<li><a href=\"https:\/\/news.google.com\/rss\/articles\/CBMiiAFBVV95cUxNQ29jU1hyc3I4YU9xSEFfbzJUMW9qVmoxU282SmNOYVBUU3lJTzMyNXJnMkd2X0F2bG5rQmtkOUpxM0g4RUExNUtkOG9Sa0FaaWxTYmpoTWdGZkp0VmhWczZCcTV3dXJEVGlvZFR1eXgxclhBNjBCV1JUUXJUYjV1a0NGOXY3Z0lk0gGIAUFVX3lxTFBWeE54enJYYUFELVAyUFU0bWhGYXdHeERNaWstSHpYbS1zVW9sbktCVmE4UG1taGRjVExSUDN6Z0lpMjYwZEkwRFNRdEluYWFSZjBra2dxS0JEZXdnVE96a3pGb3hVNU4zQmktYUNMd1lWWVczNUlndlhlVUp2N0ppSjY3c3JPVUk?oc=5\" target=\"_blank\" rel=\"nofollow noopener\">El plan de S\u00e1nchez para que Espa\u00f1a fabrique coches el\u00e9ctricos \u00abcompetitivos y econ\u00f3micos\u00bb para la \u00abclase media y trabajadora\u00bb<\/a>&nbsp;&nbsp;Expansi\u00f3n<\/li>\n<li><a href=\"https:\/\/news.google.com\/rss\/articles\/CBMi6gFBVV95cUxOXzUyWDQ0N3Bzb3lRZXppNG9NSlRwa1lna2l5Qi1pV043QWpQUWZ2ZHRfY1BCMHNCY1dRUGd3VWNMUW9SS1J6bDlhbDJaeG1KZWVjSlVhSV9ZY1ZwV0hRMVpKSFFQQWhfZnduVWJ1QkREdVAzejBWbUZhQXF6dWxYa3VRTjc0OUJmSkxkRjdnZTQ5Nllxc19rTXBBZTZQNS1oNENsYVZOeGFYam9WT0ZSc0stUXJuOXA0OWhQQUt5U0txUC1jY2s3Vm4xbWp4ZXVJVzV5RFBtbFBUbl9KUUhfWkNteHVDWnFvQ3c?oc=5\" target=\"_blank\" rel=\"nofollow noopener\">El nuevo plan de ayudas al coche el\u00e9ctrico de 400 millones no cubrir\u00e1 la lista de espera generada con el Moves<\/a>&nbsp;&nbsp;EL PA\u00cdS<\/li>\n<li><a href=\"https:\/\/news.google.com\/rss\/articles\/CBMivgFBVV95cUxQR3RYQXB2emtReVRtYlZaS25vdFQzcERMaXNId1BlUjAxNGVydlRMMllMX2ZTX080MlJEeDYyTWNucmJaMjNYT2RTVnNrWGx2WFl2d2FYYVBPM3hIN20zZDhJMnFPQUZfWmdZaGhiT21CX0RFbmNpY21fRllLZk1INVk3OVRzUmw5aHlqcTZ4d2FhUUNxbEpYZklVLTk3RVkyVXJoY3E3SVk1U0F1RDZ5SjZuZVcybl9INU9MbXN3?oc=5\" target=\"_blank\" rel=\"nofollow noopener\">Las ayudas a la compra de coches el\u00e9ctricos en 2026: directas y de subvenci\u00f3n estatal<\/a>&nbsp;&nbsp;Vozp\u00f3puli<\/li>\n<li><a href=\"https:\/\/news.google.com\/rss\/articles\/CBMi3AFBVV95cUxOeVFscUlBdnlGSkpUMXpQaTRrdUpoaC1qR1YzN25sOXBuLXFVWnFuV3p5YTZmWVZuMm5WMWtNOVdTQTAyYjZGWncyUlp5Rkthc3JkRjExTE5BTlV1aXA0R3JnNXFNc0p3UVNaNXhkcVlubTN4U0VwZzRiNnRYaHQyTmp2WnlUUkNuYktGYllucFRwbHIzUXpHb2lYMEx3Uk5sRzdFbUdVWnp1ZThCS1NrNWN3aDQ4ZEVGR21RQ0RkenBxdm1iWlF1QVVpQkFrOTVmMFAtcE5EYTQ3c0tq0gHcAUFVX3lxTE9PTFhNanZGa2ctZ1JERTl6YTJoWXRSQlNoalpmcmdya2JWUEZLNl96OEhpVlU0RmJ1c29OZmVQempRT3h5Y2FpYW9mMFJBajVna18xYkdqTXR0WXhoTmotbXlKVXdZR180ODI2NjhkNGNhSUNzVGlLb2duRzRORktNc2kwM1dpOW5SZ1pjTVJtN1dCbm5oV1p5U1A2Y3ZlelFMelN0eEVmNktXYTNkVEE1WmN1SklpSXUzYl81b3N3OVNaZHVIUkpBakt1c2oxNEJyOEtsbG1QbGozWXc?oc=5\" target=\"_blank\" rel=\"nofollow noopener\">El Gobierno presenta el Plan Auto 2030 con 400 millones en ayudas directas para comprar veh\u00edculos el\u00e9ctricos en 2026<\/a>&nbsp;&nbsp;RTVE.es<\/li>\n<li><a href=\"https:\/\/news.google.com\/rss\/articles\/CBMizAFBVV95cUxQN29xSGNJNlB4REdUdmtGWW5PVHBUYzFLcXduRlU5TmZxTTdXSGw1bm0zdDNnZGJRdGllaWh1bV82YXo3eVZGM0hxWkkzNkZOUDkwS2RFX0pQUVZ1aU1XQldQU19GOWFGbUF5WGQ1SHM2WnB5Rkd6VEtWRDkwR1VqYXk3TXZyRU5XclJlcFNLQ0xxbURESE55Z25uMHJUTUYyZUN6TEUyZzNyNTlITG5xUFNra09jYzB2NDRNOEVnRmFNVUxVY0gtRG1zNWc?oc=5\" target=\"_blank\" rel=\"nofollow noopener\">Plan Espa\u00f1a Auto 2030: la hoja de ruta para reindustrializar la automoci\u00f3n y situar Espa\u00f1a a la vanguardia europea<\/a>&nbsp;&nbsp;ANFAC<\/li>\n<\/ol>\n","protected":false},"excerpt":{"rendered":"El plan de S\u00e1nchez para que Espa\u00f1a fabrique coches el\u00e9ctricos \u00abcompetitivos y econ\u00f3micos\u00bb para la \u00abclase media y&hellip;\n","protected":false},"author":2,"featured_media":270420,"comment_status":"","ping_status":"","sticky":false,"template":"","format":"standard","meta":{"footnotes":""},"categories":[80],"tags":[82,95,94,2308,32085,25,24,2362,24594,23],"class_list":{"0":"post-270419","1":"post","2":"type-post","3":"status-publish","4":"format-standard","5":"has-post-thumbnail","7":"category-economia","8":"tag-business","9":"tag-economia","10":"tag-economy","11":"tag-empresas","12":"tag-empresas-motor","13":"tag-es","14":"tag-espana","15":"tag-motor","16":"tag-nea","17":"tag-spain"},"share_on_mastodon":{"url":"https:\/\/pubeurope.com\/@es\/115660412989873905","error":""},"_links":{"self":[{"href":"https:\/\/www.europesays.com\/es\/wp-json\/wp\/v2\/posts\/270419","targetHints":{"allow":["GET"]}}],"collection":[{"href":"https:\/\/www.europesays.com\/es\/wp-json\/wp\/v2\/posts"}],"about":[{"href":"https:\/\/www.europesays.com\/es\/wp-json\/wp\/v2\/types\/post"}],"author":[{"embeddable":true,"href":"https:\/\/www.europesays.com\/es\/wp-json\/wp\/v2\/users\/2"}],"replies":[{"embeddable":true,"href":"https:\/\/www.europesays.com\/es\/wp-json\/wp\/v2\/comments?post=270419"}],"version-history":[{"count":0,"href":"https:\/\/www.europesays.com\/es\/wp-json\/wp\/v2\/posts\/270419\/revisions"}],"wp:featuredmedia":[{"embeddable":true,"href":"https:\/\/www.europesays.com\/es\/wp-json\/wp\/v2\/media\/270420"}],"wp:attachment":[{"href":"https:\/\/www.europesays.com\/es\/wp-json\/wp\/v2\/media?parent=270419"}],"wp:term":[{"taxonomy":"category","embeddable":true,"href":"https:\/\/www.europesays.com\/es\/wp-json\/wp\/v2\/categories?post=270419"},{"taxonomy":"post_tag","embeddable":true,"href":"https:\/\/www.europesays.com\/es\/wp-json\/wp\/v2\/tags?post=270419"}],"curies":[{"name":"wp","href":"https:\/\/api.w.org\/{rel}","templated":true}]}}