{"id":270421,"date":"2025-12-04T08:43:12","date_gmt":"2025-12-04T08:43:12","guid":{"rendered":"https:\/\/www.europesays.com\/es\/270421\/"},"modified":"2025-12-04T08:43:12","modified_gmt":"2025-12-04T08:43:12","slug":"el-gobierno-designo-a-la-nueva-cupula-de-las-fuerzas-armadas-quienes-asumiran-en-los-cargos","status":"publish","type":"post","link":"https:\/\/www.europesays.com\/es\/270421\/","title":{"rendered":"El Gobierno design\u00f3 a la nueva c\u00fapula de las Fuerzas Armadas: qui\u00e9nes asumir\u00e1n en los cargos"},"content":{"rendered":"<p><img alt=\"Javier Milei y Carlos Alberto\" class=\"global-image\" decoding=\"async\" fetchpriority=\"high\" height=\"1080\" loading=\"eager\" src=\"https:\/\/www.europesays.com\/es\/wp-content\/uploads\/2025\/12\/6MRHQLACJZAEZEW7FP75L7OWL4.jpg\" width=\"1920\"\/>Javier Milei y Carlos Alberto Presti<\/p>\n<p class=\"paragraph\">El flamante ministro de Defensa de la Naci\u00f3n, Teniente General <b>Carlos Presti<\/b>, anunci\u00f3 qui\u00e9nes ser\u00e1n los nuevos jefes de las <b>Fuerzas Armadas<\/b> tras asumir su cargo al frente de la cartera mencionada. De esta manera, tres de los cuatro nombres de las c\u00fapulas cambiar\u00e1n tras los cambios realizados por la salida de <b>Luis Petri<\/b>, quien asumi\u00f3 su banca como diputado. <\/p>\n<p class=\"paragraph\">El propio jefe de Gabinete, <b>Manuel Adorni<\/b>, se\u00f1al\u00f3 en sus redes sociales que Javier Milei ratific\u00f3 la medida del nuevo ministro de Defensa y asegur\u00f3: \u201cEl Presidente de la Naci\u00f3n, en su car\u00e1cter de Comandante en Jefe de las Fuerzas Armadas, ha resuelto lo siguiente: <\/p>\n<p class=\"paragraph\">&#8211; General de Divisi\u00f3n <b>Oscar Zarich<\/b> ser\u00e1 el Jefe del Ej\u00e9rcito <\/p>\n<p class=\"paragraph\">&#8211; Vicealmirante <b>Juan Carlos Romay <\/b>ser\u00e1 el Jefe de la Armada<\/p>\n<p class=\"paragraph\">&#8211; Vicealmirante <b>Marcelo Dalle Nogare<\/b> ser\u00e1 el Jefe del Estado Mayor Conjunto. <\/p>\n<p class=\"paragraph\">Asimismo el Presidente de la Naci\u00f3n <b>ratifica al Brigadier Mayor Gustavo Valverde como Jefe de la Fuerza A\u00e9rea<\/b>. Dios bendiga a la Rep\u00fablica Argentina. Fin\u201d.<\/p>\n<p class=\"paragraph\">De esta manera, <b>Zarich<\/b> reemplazar\u00e1 al propio Presti que dejar\u00e1 su cargo al frente del Ej\u00e9rcito. Quien asumir\u00e1 su rol ahora se destacaba como Comandante de Adiestramiento y Alistamiento de la fuerza. Recientemente, estuvo a cargo de un ejercicio militar denominado \u201cLibertador\u201d, donde se busc\u00f3 fortalecer la <b>capacidad de despliegue log\u00edstico<\/b> y apost\u00f3 por cambiar la organizaci\u00f3n operativa. Tuvo a su cargo unos <b>2.500 efectivos y 300 veh\u00edculos. <\/b><\/p>\n<p><img alt=\"Oscar Santiago Zarich\" class=\"global-image\" decoding=\"async\" fetchpriority=\"low\" height=\"1080\" loading=\"lazy\" src=\"https:\/\/www.europesays.com\/es\/wp-content\/uploads\/2025\/12\/6QQ76SBRS5F2BC5DLX4MEEPWDM.jpg\" width=\"1920\"\/>Oscar Santiago Zarich<\/p>\n<p class=\"paragraph\">Adem\u00e1s, egres\u00f3 con la promoci\u00f3n XXXIII del Liceo Militar \u201cGeneral Belgrano\u201d en la provincia de Santa Fe y, antes de asumir su rol en el Ej\u00e9rcito, se desempe\u00f1\u00f3 en Comodoro Rivadavia como comandante de la IX Brigada Mecanizada.<\/p>\n<p class=\"paragraph\">En tanto, en el cargo de Jefe del Estado Mayor Conjunto, <b>Dalle Nogare<\/b> remplazar\u00e1 al Brigadier General <b>Xavier Juli\u00e1n Isaac<\/b>. Oriundo de la ciudad de Buenos Aires, el Vicealmirante se egres\u00f3 de la Escuela Naval Militar como Guardiamarina en el \u201887 y estuvo en la Promoci\u00f3n 116\u00b0 del Cuerpo Comando, Escalaf\u00f3n Naval. <\/p>\n<p><img alt=\"Marcelo Alejandro Dalle Nogare\" class=\"global-image\" decoding=\"async\" fetchpriority=\"low\" height=\"246\" loading=\"lazy\" src=\"https:\/\/www.europesays.com\/es\/wp-content\/uploads\/2025\/12\/RSMSLUVE2VBTPHTJ5NXQZE3UAE.jpg\" width=\"246\"\/>Marcelo Alejandro Dalle Nogare<\/p>\n<p class=\"paragraph\">En 2024 hab\u00eda sido designado como Subjefe del Estado Mayor General de las Fuerzas Armadas, cargo que asumi\u00f3 el 11 de enero de ese a\u00f1o. Entre los comandos ejercidos se destacan el aviso ARA \u201cSuboficial Castillo\u201d con la ejecuci\u00f3n de la Patrulla Ant\u00e1rtica Naval Combinada con la Rep\u00fablica de Chile; el destructor ARA \u201cHero\u00edna\u201d, el destructor ARA \u201cAlmirante Brown\u201d, la Divisi\u00f3n Patrullado Mar\u00edtimo y el Comando del \u00c1rea Naval Austral.<\/p>\n<p class=\"paragraph\">Por su parte, el nuevo jefe de la Armada remplazar\u00e1 al Almirante Carlos Mar\u00eda Allievi. Romay tambi\u00e9n es oriundo de la Ciudad de Buenos Aires y se egres\u00f3 de la Escuela Naval Militar como Guardiamarina el 30 de diciembre de 1988. Pertenece a la Promoci\u00f3n 117\u00b0 del Cuerpo Comando, Escalaf\u00f3n Naval.<\/p>\n<p><img alt=\"Juan Carlos Romay\" class=\"global-image\" decoding=\"async\" fetchpriority=\"low\" height=\"800\" loading=\"lazy\" src=\"https:\/\/www.europesays.com\/es\/wp-content\/uploads\/2025\/12\/GB5SAEQGQNGRFLYGY7XNXN3RYQ.jpg\" width=\"800\"\/>Juan Carlos Romay<\/p>\n<p class=\"paragraph\">El 20 de diciembre del 2024 asumi\u00f3 como Director General de Educaci\u00f3n de la Armada. Entre los comandos ejercidos se encuentran el buque multiprop\u00f3sito ARA \u201cPunta Alta\u201d; el buque log\u00edstico ARA \u201cPatagonia\u201d y el buque escuela fragata ARA \u201cLibertad\u201d.<\/p>\n<p class=\"paragraph\">As\u00ed las cosas, el \u00fanico que se mantendr\u00e1 al frente de su cargo ser\u00e1 el titular de la Fuerza \u00c1rea, el brigadier Gustavo Javier Valverde. Fue distinguido dentro del ministerio de Defensa por su<b> trayectoria en el mundo de la aviaci\u00f3n:<\/b> es <b>piloto de caza <\/b>y tiene experiencia en la instrucci\u00f3n de vuelos, por lo que desde la cartera conf\u00edan en que pueda implementar sus conocimientos y capacidades para potenciar el \u00e1rea.<\/p>\n<p><img alt=\"Brigadier Gustavo Javier Valverde\" class=\"global-image\" decoding=\"async\" fetchpriority=\"low\" height=\"1280\" loading=\"lazy\" src=\"https:\/\/www.europesays.com\/es\/wp-content\/uploads\/2025\/12\/ZRIBATBQRNGBVNUXU472E7HFSI.jpg\" width=\"1920\"\/>Brigadier Gustavo Javier Valverde<\/p>\n<p class=\"paragraph\">Adem\u00e1s, fue jefe del <b>Departamento de Operaciones en Desarrollo del Comando Conjunto Aeroespacial<\/b> durante el G-20 y en el 2020 fue el agregado de Defensa en el Reino de Espa\u00f1a, con extensi\u00f3n en el Reino de Marruecos y en el de Pa\u00edses Bajos.<\/p>\n<p class=\"paragraph\">La formaci\u00f3n del nuevo jefe de la Fuerza A\u00e9rea comenz\u00f3 en el <b>Liceo Militar General Espejo Mendoza,<\/b> donde curs\u00f3 sus estudios secundarios hasta 1984. Luego continu\u00f3 su profesionalizaci\u00f3n en la<b> Escuela de Aviaci\u00f3n Militar,<\/b> donde egres\u00f3 en 1989 en el escalaf\u00f3n del aire. Su perfeccionamiento sigui\u00f3 en la d\u00e9cada de 1990, cuando realiz\u00f3 el Curso de Aviador que le dio las herramientas para comenzar su camino profesional.<\/p>\n<p class=\"paragraph\">De acuerdo a lo que se inform\u00f3, cuando se produce un recambio en la conducci\u00f3n del Ministerio de Defensa es normal que se revisen <b>las jerarqu\u00edas del Estado Mayor Conjunto<\/b> <b>y de las distintas fuerzas<\/b>. Seg\u00fan comentaron, la normativa que establece que el jefe del comando <b>no puede tener subordinados con antig\u00fcedad mayor a la suya<\/b>.<\/p>\n","protected":false},"excerpt":{"rendered":"Javier Milei y Carlos Alberto Presti El flamante ministro de Defensa de la Naci\u00f3n, Teniente General Carlos Presti,&hellip;\n","protected":false},"author":2,"featured_media":270422,"comment_status":"","ping_status":"","sticky":false,"template":"","format":"standard","meta":{"footnotes":""},"categories":[42],"tags":[17,18,13,14,11,61,62,63,64,19,20,9,10,15,16,12,21,22,65,66,67],"class_list":{"0":"post-270421","1":"post","2":"type-post","3":"status-publish","4":"format-standard","5":"has-post-thumbnail","7":"category-internacional","8":"tag-breaking-news","9":"tag-breakingnews","10":"tag-featured-news","11":"tag-featurednews","12":"tag-headlines","13":"tag-internacional","14":"tag-international","15":"tag-international-news","16":"tag-internationalnews","17":"tag-latest-news","18":"tag-latestnews","19":"tag-news","20":"tag-noticias","21":"tag-noticias-destacadas","22":"tag-noticiasdestacadas","23":"tag-titulares","24":"tag-ultimas-noticias","25":"tag-ultimasnoticias","26":"tag-world","27":"tag-world-news","28":"tag-worldnews"},"share_on_mastodon":{"url":"https:\/\/pubeurope.com\/@es\/115660417576959157","error":""},"_links":{"self":[{"href":"https:\/\/www.europesays.com\/es\/wp-json\/wp\/v2\/posts\/270421","targetHints":{"allow":["GET"]}}],"collection":[{"href":"https:\/\/www.europesays.com\/es\/wp-json\/wp\/v2\/posts"}],"about":[{"href":"https:\/\/www.europesays.com\/es\/wp-json\/wp\/v2\/types\/post"}],"author":[{"embeddable":true,"href":"https:\/\/www.europesays.com\/es\/wp-json\/wp\/v2\/users\/2"}],"replies":[{"embeddable":true,"href":"https:\/\/www.europesays.com\/es\/wp-json\/wp\/v2\/comments?post=270421"}],"version-history":[{"count":0,"href":"https:\/\/www.europesays.com\/es\/wp-json\/wp\/v2\/posts\/270421\/revisions"}],"wp:featuredmedia":[{"embeddable":true,"href":"https:\/\/www.europesays.com\/es\/wp-json\/wp\/v2\/media\/270422"}],"wp:attachment":[{"href":"https:\/\/www.europesays.com\/es\/wp-json\/wp\/v2\/media?parent=270421"}],"wp:term":[{"taxonomy":"category","embeddable":true,"href":"https:\/\/www.europesays.com\/es\/wp-json\/wp\/v2\/categories?post=270421"},{"taxonomy":"post_tag","embeddable":true,"href":"https:\/\/www.europesays.com\/es\/wp-json\/wp\/v2\/tags?post=270421"}],"curies":[{"name":"wp","href":"https:\/\/api.w.org\/{rel}","templated":true}]}}