{"id":270423,"date":"2025-12-04T08:44:12","date_gmt":"2025-12-04T08:44:12","guid":{"rendered":"https:\/\/www.europesays.com\/es\/270423\/"},"modified":"2025-12-04T08:44:12","modified_gmt":"2025-12-04T08:44:12","slug":"los-cazadores-reclaman-su-papel-ante-la-crisis-de-la-peste-porcina-mas-que-una-actividad-de-ocio-es-una-obligacion-el-pais","status":"publish","type":"post","link":"https:\/\/www.europesays.com\/es\/270423\/","title":{"rendered":"Los cazadores reclaman su papel ante la crisis de la peste porcina: \u201cM\u00e1s que una actividad de ocio, es una obligaci\u00f3n\u201d &#8211; EL PA\u00cdS"},"content":{"rendered":"<ol>\n<li><a href=\"https:\/\/news.google.com\/rss\/articles\/CBMi-gFBVV95cUxNWE16OWNkMllleXlwRUpmVC0xd1B1YTh5dlJsVWh0dzU5RkxxNkVERzQ0Yk1VY3MtLURQTi1BWkVHX0J1VmN4OXRoVXdtNDh6ZF9MNDBxMlRyMFJLb1RCY0FYMWJhanpmMDUzSXpCV0Y4cWowU3h3bFZEbnoxUEh3ZUNmaGM1VG55LVRVSTNLS01yekxTVmlQZmI5Y19uV1BJc3ZsaUlEUnRpVzFhOVNzY2ZJM2FUZXVpbURianhPZkIxd2FSd2V3RUkyS2k4SHhHcFYzcWRLd2NuQm1WRXh6WnotemtGc0pRZVVGLU1PVWxsSk1VUUNTZC1R?oc=5\" target=\"_blank\" rel=\"nofollow noopener\">Los cazadores reclaman su papel ante la crisis de la peste porcina: \u201cM\u00e1s que una actividad de ocio, es una obligaci\u00f3n\u201d<\/a>&nbsp;&nbsp;EL PA\u00cdS<\/li>\n<li><a href=\"https:\/\/news.google.com\/rss\/articles\/CBMimwFBVV95cUxPMmtxVnVjdkRWZk1OMUwxSzFxaWVEajgxXzJDbHRQcUt0VkdHU3FQSGpkbHk0TkZGNlQ3Y0l3eTNrOUNwYXIzbmFYX1ptNGpab1Mwd3Racnd5ZlJ5SGUtZmNtR1A5LW1BQWNMSkoyOGRER0FGbmk3T19hMDJBTzVYUFlGS2k3Z1pVdkl1ZlBONWdGeTNFMm9EcXZWNA?oc=5\" target=\"_blank\" rel=\"nofollow noopener\">Informativo Arag\u00f3n 7.45.- 04\/12\/2025<\/a>&nbsp;&nbsp;RTVE.es<\/li>\n<li><a href=\"https:\/\/news.google.com\/rss\/articles\/CBMinAFBVV95cUxQcFZGS0hDOTl3d3o1b3NWaUZrTzdPX1RCemNValJWN3NYajMtNjNsNFpROXhmd1VybXlBRnhQeTd0U2NIUnF0TWFCbExOaF9aUXlKVTZSTi03V3pHbTgyMF9KYTFLUHFJVm52QzF4ZUptVV82ZDc5OFdjMm9xQm1jZEdBZngxYjE3Y19leU11aGNfVEI2V1YxeVU4alQ?oc=5\" target=\"_blank\" rel=\"nofollow noopener\">La AP-7, la v\u00eda de m\u00e1ximo riesgo para la expansi\u00f3n de la peste porcina africana<\/a>&nbsp;&nbsp;ABC<\/li>\n<li><a href=\"https:\/\/news.google.com\/rss\/articles\/CBMiswFBVV95cUxQb2tYbmxJMng3ZVZjaGhVWWJkdjg3TENVZl9hWmNwS2xsLUtpX2lsckFnNnhCVFdWa0h5alVzQ24tWXY0RVJUTkVIRXM2UHpfU284bkxIQUVaR3A3YWNQVVdvNzE3OV90X244S1hGOTlsWldielNmMzhVUHY1OUpadVRzQnRsdkZGUHRFMnBneGx4MnhnVHE4cThqZWQyMTBmbUhfMW8tN1NyVHpIUVJVNm9rcw?oc=5\" target=\"_blank\" rel=\"nofollow noopener\">El Govern espera la luz verde de la UE para sacrificar jabal\u00edes en la zona cero<\/a>&nbsp;&nbsp;La Vanguardia<\/li>\n<li><a href=\"https:\/\/news.google.com\/rss\/articles\/CBMirwFBVV95cUxPRUY4cHBpQ3pCcVpyb2VHNy1HM1ZHMGlaZk1PVThBdVlVcGJuOENzREFsejdZbWc0VmQwYjV4S09uX3VnU1VnMlBpdVl5VFlRQXFZVFVoZVlVNWMyTWd6VFJMZ3BvQWptY25tOG9EbkJvX01xM1JaS1h6QVMwMTYwR2RjZjJNSG1wNjdxUlJpRDNHTmppRE1vN21EV1ZMUGo1cUJia3NJV1lmTEFLWXhn?oc=5\" target=\"_blank\" rel=\"nofollow noopener\">La Rioja se juega unos 100 millones al a\u00f1o en exportaciones por la peste porcina africana<\/a>&nbsp;&nbsp;La Rioja<\/li>\n<\/ol>\n","protected":false},"excerpt":{"rendered":"Los cazadores reclaman su papel ante la crisis de la peste porcina: \u201cM\u00e1s que una actividad de ocio,&hellip;\n","protected":false},"author":2,"featured_media":248356,"comment_status":"","ping_status":"","sticky":false,"template":"","format":"standard","meta":{"footnotes":""},"categories":[8],"tags":[17,18,25,24,13,14,11,19,20,9,10,15,16,23,12,21,22],"class_list":{"0":"post-270423","1":"post","2":"type-post","3":"status-publish","4":"format-standard","5":"has-post-thumbnail","7":"category-espana","8":"tag-breaking-news","9":"tag-breakingnews","10":"tag-es","11":"tag-espana","12":"tag-featured-news","13":"tag-featurednews","14":"tag-headlines","15":"tag-latest-news","16":"tag-latestnews","17":"tag-news","18":"tag-noticias","19":"tag-noticias-destacadas","20":"tag-noticiasdestacadas","21":"tag-spain","22":"tag-titulares","23":"tag-ultimas-noticias","24":"tag-ultimasnoticias"},"share_on_mastodon":{"url":"https:\/\/pubeurope.com\/@es\/115660421076682936","error":""},"_links":{"self":[{"href":"https:\/\/www.europesays.com\/es\/wp-json\/wp\/v2\/posts\/270423","targetHints":{"allow":["GET"]}}],"collection":[{"href":"https:\/\/www.europesays.com\/es\/wp-json\/wp\/v2\/posts"}],"about":[{"href":"https:\/\/www.europesays.com\/es\/wp-json\/wp\/v2\/types\/post"}],"author":[{"embeddable":true,"href":"https:\/\/www.europesays.com\/es\/wp-json\/wp\/v2\/users\/2"}],"replies":[{"embeddable":true,"href":"https:\/\/www.europesays.com\/es\/wp-json\/wp\/v2\/comments?post=270423"}],"version-history":[{"count":0,"href":"https:\/\/www.europesays.com\/es\/wp-json\/wp\/v2\/posts\/270423\/revisions"}],"wp:featuredmedia":[{"embeddable":true,"href":"https:\/\/www.europesays.com\/es\/wp-json\/wp\/v2\/media\/248356"}],"wp:attachment":[{"href":"https:\/\/www.europesays.com\/es\/wp-json\/wp\/v2\/media?parent=270423"}],"wp:term":[{"taxonomy":"category","embeddable":true,"href":"https:\/\/www.europesays.com\/es\/wp-json\/wp\/v2\/categories?post=270423"},{"taxonomy":"post_tag","embeddable":true,"href":"https:\/\/www.europesays.com\/es\/wp-json\/wp\/v2\/tags?post=270423"}],"curies":[{"name":"wp","href":"https:\/\/api.w.org\/{rel}","templated":true}]}}