{"id":270424,"date":"2025-12-04T08:45:58","date_gmt":"2025-12-04T08:45:58","guid":{"rendered":"https:\/\/www.europesays.com\/es\/270424\/"},"modified":"2025-12-04T08:45:58","modified_gmt":"2025-12-04T08:45:58","slug":"pozuelo-celebro-el-dia-internacional-de-las-personas-con-discapacidad-con-una-gala-en-el-teatro-mira","status":"publish","type":"post","link":"https:\/\/www.europesays.com\/es\/270424\/","title":{"rendered":"Pozuelo celebr\u00f3 el D\u00eda Internacional de las Personas con Discapacidad con una gala en el Teatro MIRA"},"content":{"rendered":"<ul>\n<li>Actuaron los bailarines principales de la Compa\u00f1\u00eda de Danza Antonio Najarro, el coro Ferm\u00edn Gurbindo de la ONCE y los alumnos de los talleres de Artes Esc\u00e9nicas del Espacio Ocio.<\/li>\n<li>La alcaldesa, Paloma Tejero, entreg\u00f3 los reconocimientos a voluntarios de entidades locales y destac\u00f3 que \u201cseguiremos impulsando una ciudad accesible, respetuosa, preparada y llena de oportunidades, donde nadie quede al margen\u201d.<\/li>\n<\/ul>\n<p>Pozuelo de Alarc\u00f3n conmemora el D\u00eda Internacional de las Personas con Discapacidad, que se celebra este 3 de diciembre, con un amplio programa de actividades que arranc\u00f3 el pasado s\u00e1bado y cuyo acto central tuvo lugar el domingo en el Teatro MIRA con un espect\u00e1culo de artes esc\u00e9nicas en el que actuaron los bailarines principales de+ la Compa\u00f1\u00eda de Danza Antonio Najarro (compa\u00f1\u00eda residente de la ciudad), el coro Ferm\u00edn Gurbindo de la ONCE y los alumnos de los talleres de Artes Esc\u00e9nicas, dirigidos por los profesionales de la Fundaci\u00f3n Psico Ballet Maite Le\u00f3n.<\/p>\n<p>La alcaldesa, Paloma Tejero, particip\u00f3 en este acto, al que tambi\u00e9n asisti\u00f3 la concejal de Familia y Atenci\u00f3n a la Discapacidad, Eva Cabello, con la entrega de los reconocimientos a voluntarios de entidades de discapacidad de la ciudad. Durante la gala fueron distinguidos representantes de la Fundaci\u00f3n Cal Pau, Afanias Pozuelo, Hogar Don Orione, Fundaci\u00f3n Gil Gayarre, Fundaci\u00f3n Can\u00e1, Asociaci\u00f3n Igualar y del Club Nataci\u00f3n Pozuelo.<\/p>\n<p>La regidora agradeci\u00f3 y puso en valor la labor de familias, entidades y voluntarios y destac\u00f3 que \u201cdesde el Ayuntamiento tenemos un compromiso firme e innegociable: seguir impulsando una ciudad accesible, respetuosa, preparada y llena de oportunidades. Una ciudad donde la discapacidad no limite, donde nadie quede al margen, donde cada persona \u2014absolutamente cada una\u2014 pueda desarrollar su proyecto de vida con dignidad y libertad\u201d.<\/p>\n<p><strong>Pozuelo Sin Barreras<\/strong><\/p>\n<p>Este acto central con motivo del D\u00eda de las Personas con Discapacidad se suma a otras propuestas de la programaci\u00f3n \u2018Pozuelo sin Barreras\u2019 como es el show de \u2018Doscapacitados\u2019, que se represent\u00f3 el s\u00e1bado, o la jornada de seguridad vial para personas con discapacidad que imparti\u00f3 este lunes la Polic\u00eda Municipal en el Espacio Ocio. <\/p>\n<p>Tambi\u00e9n la Polic\u00eda Municipal presentar\u00e1 hoy una gu\u00eda accesible con pictogramas que facilita la comunicaci\u00f3n en casos de determinadas discapacidades y, ma\u00f1ana, a las 10:30 en el Centro Cultural MIRA, tendr\u00e1 lugar el encuentro-coloquio \u2018Voces que inspiran: retos y desaf\u00edos en el \u00e1mbito de la discapacidad\u2019, dirigida a familiares y profesionales del sector. La charla estar\u00e1 moderada por la periodista del ABC Carlota Fominaya y participar\u00e1n Mar Ugarte (vicepresidenta del Consejo espa\u00f1ol para la Defensa de la Discapacidad y Dependencia), Teresa Perales (nadadora paral\u00edmpica), Pablo Siegrist (director general de la Fundaci\u00f3n L\u00e9rome Lejeune) y Gonzalo Bermejo, autor del libro \u2018C\u00f3mo aprender de la discapacidad de tu hijo\u2019.<\/p>\n<p>En paralelo a este encuentro, el jueves 4 y viernes 5, los j\u00f3venes de distintos institutos de la ciudad recibir\u00e1n una visita especial. El nadador paral\u00edmpico y vecino del municipio Carlos Martinez y el preparador Ignacio Arribas les transmitir\u00e1n sus experiencias de superaci\u00f3n y constancia para conseguir los retos a trav\u00e9s del deporte.<\/p>\n<p>Por \u00faltimo, el Espacio Familia, en Volturno, tambi\u00e9n es otro de los escenarios en los que se conmemora este D\u00eda Internacional de las Personas con Discapacidad con talleres como los de \u2018Pintamos a ciegas\u2019, \u2018Dibujamos sin las manos\u2019 o el de \u2018Iniciaci\u00f3n a la lengua de signos\u2019. Los interesados en participar deben inscribirse en el correo <a href=\"https:\/\/www.pozuelodealarcon.org\/oficina-de-prensa\/noticias\/mailto:espaciofamilia@pozuelo.madrid\" rel=\"nofollow noopener\" target=\"_blank\">espaciofamilia@pozuelo.madrid<\/a>\u00a0<a href=\"https:\/\/www.pozuelodealarcon.org\/legal\/politica-de-privacidad-de-correos-electronicos-corporativos\" rel=\"nofollow noopener\" target=\"_blank\">(Pol\u00edtica de privacidad)<\/a>\u00a0o 91 452 27 11. M\u00e1s informaci\u00f3n: <a href=\"https:\/\/www.pozuelodealarcon.org\/discapacidad-familia-y-servicios-sociales\/personas-con-discapacidad\/semana-de-la-discapacidad-2025#semana-internacional-de-las-personas-con-discapacidad\" rel=\"nofollow noopener\" target=\"_blank\">Semana de la Discapacidad<\/a><\/p>\n<p><strong>Espacio Ocio, un centro referente en la atenci\u00f3n de estas personas<\/strong><\/p>\n<p>Pozuelo de Alarc\u00f3n cuenta con cerca de 3.800 personas con alg\u00fan tipo de discapacidad, de las que 1.916 son menores de 65 a\u00f1os y 1.878 tienen 65 a\u00f1os o m\u00e1s. El Ayuntamiento, a trav\u00e9s de la Concejal\u00eda de Familia y Atenci\u00f3n a la Discapacidad, lleva a cabo un programa para las personas con discapacidad que se desarrollan en gran parte en el Espacio Ocio Pozuelo, un centro municipal referente en el cuidado y atenci\u00f3n de estas personas. <\/p>\n<p>Junto a las actividades como las de Artes Esc\u00e9nicas, Actividad Acu\u00e1tica Adaptada, Ocio en Fines de Semana y Clubes de Lectura F\u00e1cil, tambi\u00e9n se imparten talleres como los de Podcasts, Creatividad, Cocina, Expresi\u00f3n Art\u00edstica, Arte y Cine, Psicomotricidad, Arte Sensorial, Vida Independiente, Habilidades Sociales, Danza y Movimiento y Tics, entre otros. Se trata de una propuesta amplia y variada para responder a las necesidades e intereses de los participantes, y todo ello atendiendo y respetando el ciclo vital de los mismos.<\/p>\n<p><img decoding=\"async\" alt=\"Acto D\u00eda Internacional de las Personas con Discapacidad Teatro MIRA Pozuelo\" data-entity-type=\"\" data-entity-uuid=\"\" src=\"https:\/\/www.europesays.com\/es\/wp-content\/uploads\/2025\/12\/Acto D\u00eda Internacional de las Personas con Discapacidad Teatro MIRA Pozuelo (2).jpg\"\/><\/p>\n<p><img decoding=\"async\" alt=\"Acto D\u00eda Internacional de las Personas con Discapacidad Teatro MIRA Pozuelo\" data-entity-type=\"\" data-entity-uuid=\"\" src=\"https:\/\/www.europesays.com\/es\/wp-content\/uploads\/2025\/12\/Acto D\u00eda Internacional de las Personas con Discapacidad Teatro MIRA Pozuelo (3).jpg\"\/><\/p>\n","protected":false},"excerpt":{"rendered":"Actuaron los bailarines principales de la Compa\u00f1\u00eda de Danza Antonio Najarro, el coro Ferm\u00edn Gurbindo de la ONCE&hellip;\n","protected":false},"author":2,"featured_media":270425,"comment_status":"","ping_status":"","sticky":false,"template":"","format":"standard","meta":{"footnotes":""},"categories":[5],"tags":[17,18,25,24,13,14,11,19,20,9,10,15,16,23,12,21,22],"class_list":{"0":"post-270424","1":"post","2":"type-post","3":"status-publish","4":"format-standard","5":"has-post-thumbnail","7":"category-titulares","8":"tag-breaking-news","9":"tag-breakingnews","10":"tag-es","11":"tag-espana","12":"tag-featured-news","13":"tag-featurednews","14":"tag-headlines","15":"tag-latest-news","16":"tag-latestnews","17":"tag-news","18":"tag-noticias","19":"tag-noticias-destacadas","20":"tag-noticiasdestacadas","21":"tag-spain","22":"tag-titulares","23":"tag-ultimas-noticias","24":"tag-ultimasnoticias"},"share_on_mastodon":{"url":"https:\/\/pubeurope.com\/@es\/115660429217359505","error":""},"_links":{"self":[{"href":"https:\/\/www.europesays.com\/es\/wp-json\/wp\/v2\/posts\/270424","targetHints":{"allow":["GET"]}}],"collection":[{"href":"https:\/\/www.europesays.com\/es\/wp-json\/wp\/v2\/posts"}],"about":[{"href":"https:\/\/www.europesays.com\/es\/wp-json\/wp\/v2\/types\/post"}],"author":[{"embeddable":true,"href":"https:\/\/www.europesays.com\/es\/wp-json\/wp\/v2\/users\/2"}],"replies":[{"embeddable":true,"href":"https:\/\/www.europesays.com\/es\/wp-json\/wp\/v2\/comments?post=270424"}],"version-history":[{"count":0,"href":"https:\/\/www.europesays.com\/es\/wp-json\/wp\/v2\/posts\/270424\/revisions"}],"wp:featuredmedia":[{"embeddable":true,"href":"https:\/\/www.europesays.com\/es\/wp-json\/wp\/v2\/media\/270425"}],"wp:attachment":[{"href":"https:\/\/www.europesays.com\/es\/wp-json\/wp\/v2\/media?parent=270424"}],"wp:term":[{"taxonomy":"category","embeddable":true,"href":"https:\/\/www.europesays.com\/es\/wp-json\/wp\/v2\/categories?post=270424"},{"taxonomy":"post_tag","embeddable":true,"href":"https:\/\/www.europesays.com\/es\/wp-json\/wp\/v2\/tags?post=270424"}],"curies":[{"name":"wp","href":"https:\/\/api.w.org\/{rel}","templated":true}]}}