{"id":270426,"date":"2025-12-04T08:52:10","date_gmt":"2025-12-04T08:52:10","guid":{"rendered":"https:\/\/www.europesays.com\/es\/270426\/"},"modified":"2025-12-04T08:52:10","modified_gmt":"2025-12-04T08:52:10","slug":"siempre-hay-experiencias-que-vivir-y-esta-es-una-mas","status":"publish","type":"post","link":"https:\/\/www.europesays.com\/es\/270426\/","title":{"rendered":"\u00abSiempre hay experiencias que vivir y esta es una m\u00e1s\u00bb"},"content":{"rendered":"<p>Dice que en realidad corre \u00abpor hacer deporte\u00bb. Y es verdad, pero lo hace muy r\u00e1pido. Isaac Su\u00e1rez (Los Corrales de Buelna, 1979) lleva 35  &#8230; a\u00f1os meti\u00e9ndose en los charcos y atravesando el barro en bicicleta. Fue lo que vio en su casa. Su padre y sus hermanos ya andaban \u00abhaciendo el cabra\u00bb por los &#8216;praos&#8217; cuando a \u00e9l le empez\u00f3 a picar la curiosidad. Ahora, Isaac ha cumplido 46 a\u00f1os y tiene ya en sus piernas 15 campeonatos del Mundo. El \u00faltimo fue este domingo en la ciudad italiana de Varese, en una zona de tradici\u00f3n ciclista cercana a Mil\u00e1n. \u00abEl circuito ten\u00eda de todo; un tramo r\u00e1pido y de fuerza y otro t\u00e9cnico, con barro\u00bb, recuerda el corraliego con un tono en el que se adivina la satisfacci\u00f3n. Antes de esta, en once ocasiones represent\u00f3 a Espa\u00f1a en la categor\u00eda \u00e9lite, otras dos en la de sub23 y una m\u00e1s en j\u00fanior, pero ha sido ya en la de &#8216;viejo roquero&#8217; en la que ha dominado en el reino de los belgas y holandeses.\u00abMe he encontrado con alguno con el que coincid\u00ed en las pruebas de la Copa del Mundo cuando \u00e9ramos m\u00e1s j\u00f3venes\u00bb, explica Isaac. <\/p>\n<p class=\"v-p\">Quince horas de carretera, arroz en el t\u00e1per y agua en la ponchera para llegar a tiempo. \u00abEs diferente\u00bb, se\u00f1ala este Quijote sin causa.Ese fue su viaje. \u00abAntes era otra cosa;\u00e9ramos profesionales, te dedicabas a ello, entrenabas porque era tu trabajo, pero ahora siempre hay experiencias que vivir y esta es una m\u00e1s\u00bb. Rob\u00e1ndole tiempo al trabajo y a la familia, Isaac ha puesto a prueba sus pilas \u00abcon focos por la noche cuando no se pod\u00eda salir a otra hora o madrugando\u00bb, para poder estar en la l\u00ednea de salida de un nuevo Mundial. El a\u00f1o pasado fue al Europeo, en su grupo de edad y bingo, se colg\u00f3 la medalla del oro continental as\u00ed que dijo&#8230; \u00ab\u00bfPor qu\u00e9, no? Vimos d\u00f3nde era y nos lo planteamos. Total, otro m\u00e1s\u00bb, relata con cierta iron\u00eda. <\/p>\n<p>\nLa Carrera\n<\/p>\n<p>\u00abTir\u00e9 de experiencia. En ciclocross 50 minutos se hacen muy largos y al final pude coger la cabeza\u00bb<\/p>\n<p>Asamblea en la C\u00e1ntabra para aprobar la normativa t\u00e9cnica para 2026<\/p>\n<p class=\"v-p \">\nLa Federaci\u00f3n C\u00e1ntabra de Ciclismo celebrar\u00e1 hoy en su sal\u00f3n de actos, a las 18.30 horas en primera convocatoria y a las 19.00 en segunda, una asamblea general extraordinaria, con un \u00fanico punto en el orden del d\u00eda para aprobar la normativa t\u00e9cnica para el a\u00f1o 2026.\n<\/p>\n<p class=\"v-p\">Y as\u00ed empez\u00f3 su \u00faltima historia a pedales. Todo iba bien hasta hace un mes cuando en una prueba en Gij\u00f3n se cay\u00f3 y se produjo una fisura en una costilla. Y despu\u00e9s contrajo el covid&#8230; \u00abNo he podido entrenar y hacer lo que quer\u00eda\u00bb, confiesa. Y para colmo, al llegar a Varese&#8230; Sorteo.\u00abMe toc\u00f3 salir en la posici\u00f3n 71 de 82. En fin, me esperaba una remontada\u00bb. As\u00ed fue. En la primera vuelta se cay\u00f3 y la cabeza se le fue a 40 segundos. Tranquilidad.\u00abSab\u00eda que 50 minutos en ciclocross son muy largos; tir\u00e9 de experiencia y a falta de una vuelta y media los cog\u00ed. Recuper\u00e9 un poco el aire y despu\u00e9s me fui y gan\u00e9\u00bb. <\/p>\n<p class=\"v-p\">Trece a\u00f1os despu\u00e9s de lograr la medalla de oro en el Nacional profesional, en Valencia, despu\u00e9s de ser segundo dos veces, Isaac conquistaba el cetro mundial \u00aben otra categor\u00eda, distinta, con otras cosas\u00bb, pero demostrando que sus ganas por seguir \u00abcruzando los &#8216;praos&#8217; a tope\u00bb no se le acaban. Dej\u00f3 de competir en 2014 y durante cuatro a\u00f1os no hizo \u00abnada de nada\u00bb. Luego le dio por correr a pie y otros &#8216;locos&#8217; como \u00e9l, como Unai Yus, otro campe\u00f3n de Espa\u00f1a, le animaron a subirse otra vez a la &#8216;bici&#8217;. Y por el camino a \u00abense\u00f1ar lo que s\u00e9 a los peque\u00f1os en una Escuela\u00bb. Genio y figura. <\/p>\n","protected":false},"excerpt":{"rendered":"Dice que en realidad corre \u00abpor hacer deporte\u00bb. Y es verdad, pero lo hace muy r\u00e1pido. Isaac Su\u00e1rez&hellip;\n","protected":false},"author":2,"featured_media":270427,"comment_status":"","ping_status":"","sticky":false,"template":"","format":"standard","meta":{"footnotes":""},"categories":[273],"tags":[313,312,168,25,24,15984,369,23,167,1284],"class_list":{"0":"post-270426","1":"post","2":"type-post","3":"status-publish","4":"format-standard","5":"has-post-thumbnail","7":"category-ciclismo","8":"tag-ciclismo","9":"tag-cycling","10":"tag-deportes","11":"tag-es","12":"tag-espana","13":"tag-experiencias","14":"tag-siempre","15":"tag-spain","16":"tag-sports","17":"tag-vivir"},"share_on_mastodon":{"url":"https:\/\/pubeurope.com\/@es\/115660452247865176","error":""},"_links":{"self":[{"href":"https:\/\/www.europesays.com\/es\/wp-json\/wp\/v2\/posts\/270426","targetHints":{"allow":["GET"]}}],"collection":[{"href":"https:\/\/www.europesays.com\/es\/wp-json\/wp\/v2\/posts"}],"about":[{"href":"https:\/\/www.europesays.com\/es\/wp-json\/wp\/v2\/types\/post"}],"author":[{"embeddable":true,"href":"https:\/\/www.europesays.com\/es\/wp-json\/wp\/v2\/users\/2"}],"replies":[{"embeddable":true,"href":"https:\/\/www.europesays.com\/es\/wp-json\/wp\/v2\/comments?post=270426"}],"version-history":[{"count":0,"href":"https:\/\/www.europesays.com\/es\/wp-json\/wp\/v2\/posts\/270426\/revisions"}],"wp:featuredmedia":[{"embeddable":true,"href":"https:\/\/www.europesays.com\/es\/wp-json\/wp\/v2\/media\/270427"}],"wp:attachment":[{"href":"https:\/\/www.europesays.com\/es\/wp-json\/wp\/v2\/media?parent=270426"}],"wp:term":[{"taxonomy":"category","embeddable":true,"href":"https:\/\/www.europesays.com\/es\/wp-json\/wp\/v2\/categories?post=270426"},{"taxonomy":"post_tag","embeddable":true,"href":"https:\/\/www.europesays.com\/es\/wp-json\/wp\/v2\/tags?post=270426"}],"curies":[{"name":"wp","href":"https:\/\/api.w.org\/{rel}","templated":true}]}}