{"id":270438,"date":"2025-12-04T09:00:10","date_gmt":"2025-12-04T09:00:10","guid":{"rendered":"https:\/\/www.europesays.com\/es\/270438\/"},"modified":"2025-12-04T09:00:10","modified_gmt":"2025-12-04T09:00:10","slug":"tributo-de-las-guerreras-k-pop-el-musical-llega-a-telde-el-31-de-enero","status":"publish","type":"post","link":"https:\/\/www.europesays.com\/es\/270438\/","title":{"rendered":"&#8216;Tributo de Las Guerreras K-POP: El Musical&#8217; llega a Telde el 31 de enero"},"content":{"rendered":"<p style=\"text-align:justify;\"><strong>Tributo de Las Guerreras K-POP: El Musical<\/strong>\u00a0llega a Telde el 31 de enero con una de las mayores producciones familiares de Espa\u00f1a<\/p>\n<p style=\"text-align:justify;\">\u00a0<\/p>\n<p style=\"text-align:justify;\">El pr\u00f3ximo 31 de enero, el Auditorio San Juan de Telde acoger\u00e1 El tributo a Las Guerreras K-POP: El Musical, una superproducci\u00f3n inspirada en la popular serie infantil que se ha convertido en un fen\u00f3meno entre el p\u00fablico joven.<\/p>\n<p style=\"text-align:justify;\">\u00a0<\/p>\n<p style=\"text-align:justify;\">El evento est\u00e1 organizado por Grupo Travieso y cuenta con la colaboraci\u00f3n del Ayuntamiento de Telde y del Cabildo de Gran Canaria, reafirmando el compromiso institucional con la promoci\u00f3n cultural y el entretenimiento familiar de calidad.<\/p>\n<p style=\"text-align:justify;\">\u00a0<\/p>\n<p style=\"text-align:justify;\">El musical, considerado uno de los formatos infantiles y familiares m\u00e1s destacados de Espa\u00f1a, ofrece un espect\u00e1culo repleto de m\u00fasica original, coreograf\u00edas al estilo K-POP y una puesta en escena de gran formato que combina tecnolog\u00eda, colorido y narrativa interactiva. La producci\u00f3n est\u00e1 dirigida a ni\u00f1os y a todos los p\u00fablicos, convirti\u00e9ndose en una propuesta ideal para disfrutar en familia.<\/p>\n<p style=\"text-align:justify;\">\u00a0<\/p>\n<p style=\"text-align:justify;\">Con un elenco joven y profesional, formado en danza urbana y teatro musical, Este tributo transporta al p\u00fablico al universo de la serie, donde sus protagonistas se enfrentan a desaf\u00edos que resaltan valores como el compa\u00f1erismo, la creatividad y el trabajo en equipo.<\/p>\n<p style=\"text-align:justify;\">\u00a0<\/p>\n<p style=\"text-align:justify;\">Las entradas ya se encuentran a la venta en la plataforma www.tictra.com, donde se recomienda realizar la adquisici\u00f3n anticipadamente debido a la previsi\u00f3n de alta demanda.<\/p>\n<p style=\"text-align:justify;\">\u00a0<\/p>\n<p style=\"text-align:justify;\">Con este evento, Telde se posiciona una vez m\u00e1s como referente cultural en la isla, ofreciendo espect\u00e1culos de primer nivel que conectan con las nuevas generaciones y fomentan la participaci\u00f3n de las familias en la programaci\u00f3n local.<\/p>\n","protected":false},"excerpt":{"rendered":"Tributo de Las Guerreras K-POP: El Musical\u00a0llega a Telde el 31 de enero con una de las mayores&hellip;\n","protected":false},"author":2,"featured_media":270439,"comment_status":"","ping_status":"","sticky":false,"template":"","format":"standard","meta":{"footnotes":""},"categories":[170],"tags":[1896,6219,26502,209,168,7051,1180,146,147,2958,25,2586,32619,24,41854,18496,41855,1897,1854,41851,32605,11741,12728,3641,6238,41852,184,185,10,1925,2330,41856,41853,492,23,29725,41850,1370,159,12,1529,21],"class_list":{"0":"post-270438","1":"post","2":"type-post","3":"status-publish","4":"format-standard","5":"has-post-thumbnail","7":"category-musica","8":"tag-canarias","9":"tag-canary-islands","10":"tag-cartas-al-director","11":"tag-cultura","12":"tag-deportes","13":"tag-diario-digital","14":"tag-editorial","15":"tag-entertainment","16":"tag-entretenimiento","17":"tag-entrevistas","18":"tag-es","19":"tag-espaa","20":"tag-espagne","21":"tag-espana","22":"tag-fotodenuncia","23":"tag-fuerteventura","24":"tag-gomera","25":"tag-gran-canaria","26":"tag-hierro","27":"tag-informacin","28":"tag-informacion-general","29":"tag-islas-canarias","30":"tag-la-palma","31":"tag-lanzarote","32":"tag-las-palmas","33":"tag-majadero","34":"tag-music","35":"tag-musica","36":"tag-noticias","37":"tag-opinion","38":"tag-prensa","39":"tag-prensa-espaola","40":"tag-pulsometro","41":"tag-sociedad","42":"tag-spain","43":"tag-telde","44":"tag-teldeactualidad","45":"tag-tenerife","46":"tag-tiempo","47":"tag-titulares","48":"tag-ultima-hora","49":"tag-ultimas-noticias"},"share_on_mastodon":{"url":"","error":"Validation failed: Text character limit of 500 exceeded"},"_links":{"self":[{"href":"https:\/\/www.europesays.com\/es\/wp-json\/wp\/v2\/posts\/270438","targetHints":{"allow":["GET"]}}],"collection":[{"href":"https:\/\/www.europesays.com\/es\/wp-json\/wp\/v2\/posts"}],"about":[{"href":"https:\/\/www.europesays.com\/es\/wp-json\/wp\/v2\/types\/post"}],"author":[{"embeddable":true,"href":"https:\/\/www.europesays.com\/es\/wp-json\/wp\/v2\/users\/2"}],"replies":[{"embeddable":true,"href":"https:\/\/www.europesays.com\/es\/wp-json\/wp\/v2\/comments?post=270438"}],"version-history":[{"count":0,"href":"https:\/\/www.europesays.com\/es\/wp-json\/wp\/v2\/posts\/270438\/revisions"}],"wp:featuredmedia":[{"embeddable":true,"href":"https:\/\/www.europesays.com\/es\/wp-json\/wp\/v2\/media\/270439"}],"wp:attachment":[{"href":"https:\/\/www.europesays.com\/es\/wp-json\/wp\/v2\/media?parent=270438"}],"wp:term":[{"taxonomy":"category","embeddable":true,"href":"https:\/\/www.europesays.com\/es\/wp-json\/wp\/v2\/categories?post=270438"},{"taxonomy":"post_tag","embeddable":true,"href":"https:\/\/www.europesays.com\/es\/wp-json\/wp\/v2\/tags?post=270438"}],"curies":[{"name":"wp","href":"https:\/\/api.w.org\/{rel}","templated":true}]}}