{"id":270444,"date":"2025-12-04T09:04:16","date_gmt":"2025-12-04T09:04:16","guid":{"rendered":"https:\/\/www.europesays.com\/es\/270444\/"},"modified":"2025-12-04T09:04:16","modified_gmt":"2025-12-04T09:04:16","slug":"deberiamos-abrir-un-poco-mas-las-cohortes-de-edad-en-la-vacunacion-contra-el-vrs","status":"publish","type":"post","link":"https:\/\/www.europesays.com\/es\/270444\/","title":{"rendered":"\u201cDeber\u00edamos abrir un poco m\u00e1s las cohortes de edad en la vacunaci\u00f3n contra el VRS\u201d"},"content":{"rendered":"<p>            <a href=\"https:\/\/gacetamedica.com\/wp-content\/uploads\/2025\/12\/editada-05822-scaled-e1764836842548.jpg\" data-caption=\"Navarro (Ponencia de Vacunas), M\u00e1rquez (Extremadura), Andradas (Comunidad de Madrid) y Gil (URJC), durante el debate sobre VRS en el IX Foro de Salud P\u00fablica. Foto: Jon Imanol Reino.\" rel=\"nofollow noopener\" target=\"_blank\"><img loading=\"lazy\" decoding=\"async\" width=\"696\" height=\"374\" class=\"entry-thumb td-modal-image\" src=\"https:\/\/www.europesays.com\/es\/wp-content\/uploads\/2025\/12\/editada-05822-scaled-e1764836842548-696x374.jpg\"   alt=\"\" title=\"\"\/><\/a>Navarro (Ponencia de Vacunas), M\u00e1rquez (Extremadura), Andradas (Comunidad de Madrid) y Gil (URJC), durante el debate sobre VRS en el IX Foro de Salud P\u00fablica. Foto: Jon Imanol Reino.<\/p>\n<p>La primera mesa del<strong> IX Foro de Salud P\u00fablica<\/strong>, organizado por <a href=\"https:\/\/www.fundacionfundamed.org\/\" target=\"_blank\" rel=\"noreferrer noopener nofollow\"><strong>Fundamed<\/strong><\/a> con el apoyo de<strong> GSK, Sanofi y Shionogi,<\/strong> ha girado en torno al <strong>virus respiratorio sincitial (VRS)<\/strong> y a las<strong> estrategias de vacunaci\u00f3n <\/strong>que est\u00e1n aplicando las distintas comunidades aut\u00f3nomas para proteger a los m\u00e1s vulnerables frente a una infecci\u00f3n respiratoria sobre la que cada vez se conocen m\u00e1s datos sobre su impacto.<\/p>\n<p>El debate ha sido moderado por <strong>\u00c1ngel Gil<\/strong>, catedr\u00e1tico de Medicina Preventiva y Salud P\u00fablica de la Universidad Rey Juan Carlos, y ha contado con la participaci\u00f3n de <strong>Elena Andradas<\/strong>, directora general de Salud P\u00fablica de la Comunidad de Madrid, <strong>Yolanda M\u00e1rquez<\/strong>, directora general de Salud P\u00fablica de Extremadura, y <strong>Jos\u00e9 Antonio Navarro<\/strong>, consultor honorario de la Ponencia de Vacunas del Ministerio de Sanidad.<\/p>\n<p><img fetchpriority=\"high\" decoding=\"async\" width=\"1024\" height=\"683\" src=\"https:\/\/www.europesays.com\/es\/wp-content\/uploads\/2025\/12\/Gil-1024x683.jpg\" alt=\"\" class=\"wp-image-223931\" style=\"width:392px;height:auto\"\/>\u00c1ngel Gil, catedr\u00e1tico Medicina Preventiva y Salud P\u00fablica URJC. Foto: Jon Imanol Reino.<\/p>\n<p>Durante la introducci\u00f3n del debate, Gil record\u00f3 que<strong> antes de la pandemia de la COVID-19 \u201cten\u00edamos un gran impacto de VRS, fundamentalmente en los ni\u00f1os m\u00e1s peque\u00f1os<\/strong>, pero poco a poco tambi\u00e9n \u00edbamos viendo que ten\u00edamos un volumen importante de impacto en la poblaci\u00f3n m\u00e1s mayor\u201d. De hecho, este a\u00f1o ya ha habido 10 comunidades aut\u00f3nomas que han dado el paso para vacunar a los ancianos institucionalizados frente al virus.<\/p>\n<p>En este sentido, Gil dio paso a Andradas directora general en Madrid, que ha sido una de las regiones a la vanguardia a la hora de implantar esta nueva cobertura. En este sentido, Andradas resalt\u00f3 la importancia que tiene el estudio del impacto del virus a la hora de dar el paso e incorporar programas de vacunaci\u00f3n como el de los ni\u00f1os en su d\u00eda o el de los mayores institucionalizados en esta campa\u00f1a.<\/p>\n<p>Al analizar los resultados de la campa\u00f1a de inmunizaci\u00f3n en los m\u00e1s peque\u00f1os, cont\u00f3 Andradas, la Comunidad de Madrid ya empez\u00f3 a monitorizar el impacto de este virus en el resto de la poblaci\u00f3n. \u00abDetectamos que de todas las infecciones por virus respiratorio sincitial que requer\u00edan ingreso hospitalario, el 47% se produc\u00edan en personas que tienen 65 y m\u00e1s a\u00f1os\u201d.<\/p>\n<p><img loading=\"lazy\" decoding=\"async\" width=\"1024\" height=\"683\" src=\"https:\/\/www.europesays.com\/es\/wp-content\/uploads\/2025\/12\/Andradas-1024x683.jpg\" alt=\"\" class=\"wp-image-223934\" style=\"width:445px;height:auto\"\/>Elena Andradas, directora general de Salud P\u00fablica de la Comunidad de Madrid. Foto: Jon Imanol Reino.<\/p>\n<p>Era la primera vez que se fue capaz de <strong>monitorizar <\/strong>esta carga de enfermedad en la Comunidad de Madrid, \u00absabiendo que seguramente a\u00fan estuviera infraestimada\u00bb. \u00abEsto es lo que nos permite, una vez que se dispone de una nueva herramienta como es la vacuna para el frente al VRS para adultos, realizar de una manera lo m\u00e1s \u00e1gil posible una evaluaci\u00f3n t\u00e9cnica pensando en lo que el beneficio que puede aportar la incorporaci\u00f3n en el SNS como un programa m\u00e1s de protecci\u00f3n y prevenci\u00f3n de la salud de nuestras personas mayores\u201d.<\/p>\n<p>Y, a la vista de los resultados t\u00e9cnicos, como detall\u00f3 Andradas, tuvieron <strong>claro que deb\u00edan ser capaces de buscar mecanismos para ir facilitando, \u00absiempre en un marco de consenso<\/strong>\u00ab, la incorporaci\u00f3n de esta cobertura vacunal: \u00abEsa es la raz\u00f3n por la que nosotros ya en este a\u00f1o 2025, y no somos los \u00fanicos, decidimos empezar a vacunar protegiendo a aquellas personas en las que existe una mayor carga de enfermedad\u00bb. Estos grupos son las personas mayores institucionalizadas y tambi\u00e9n perfiles inmunocomprometidos.<\/p>\n<blockquote class=\"wp-block-quote is-layout-flow wp-block-quote-is-layout-flow\">\n<p class=\"has-vivid-cyan-blue-color has-text-color has-link-color wp-elements-c73ade08f242f0d71287a1acc0733679\"><strong>\u00abLA COBERTURA DEL PROGRAMA DE VACUNACI\u00d3N FRENTE A VRS EN RESIDENCIAS ES SUPERIOR AHORA MISMO AL 90%\u00bb<\/strong><\/p>\n<p>Elena Andradas, directora general de Salud P\u00fablica de la Comunidad de Madrid<\/p><\/blockquote>\n<p>\u00abNosotros entendemos que deber\u00edamos ser<strong> capaces de utilizar la vacuna del VRS exactamente igual que la vacuna frente al neumococo, fuera de las campa\u00f1as estacionales<\/strong>\u201d, propuso Andradas. Para la directora general es necesario \u201cser capaces de utilizarla como mecanismo, como herramienta de prevenci\u00f3n a lo largo de todo el a\u00f1o para que cuando llegue la circulaci\u00f3n del virus tengamos a nuestra poblaci\u00f3n protegida\u201d. En este sentido, lo que se ha podido hacer este a\u00f1o, como manifest\u00f3, es dise\u00f1ar una organizaci\u00f3n prioritaria desde principios de septiembre con la que se ha acudido a las residencias con diferentes equipos de vacunaci\u00f3n.<\/p>\n<p><strong>\u00abLa cobertura de vacunaci\u00f3n frente a VRS en residencias de mayores es superior ahora mismo a un 90%<\/strong>, exactamente igual que la conseguida con las unidades de vacunaci\u00f3n de riesgo en los hospitales\u00bb, revel\u00f3 la directora general de Madrid, que tambi\u00e9n resalt\u00f3 que, por responsabilidad, al final de la temporada se evaluar\u00e1 \u00abcu\u00e1l es el resultado de la decisi\u00f3n de incorporar la vacunaci\u00f3n frente al VRS en estas poblaciones\u00bb.<\/p>\n<p><strong>Vigilancia y vacunaci\u00f3n en adultos<\/strong><\/p>\n<p>Ante la misma pregunta, M\u00e1rquez record\u00f3 que, cuando lleg\u00f3 a la Direcci\u00f3n General en 2023, se le puso encima de la mesa inmunizar con los anticuerpos monoclonales de VRS en ni\u00f1os. Ahora, solo dos a\u00f1os despu\u00e9s, Extremadura tiene en marcha tambi\u00e9n la inmunizaci\u00f3n frente a VRS en adultos mayores institucionalizados: \u00abY nos hemos dado cuenta de que acertamos de pleno\u00bb.<\/p>\n<p><img loading=\"lazy\" decoding=\"async\" width=\"1024\" height=\"683\" src=\"https:\/\/www.europesays.com\/es\/wp-content\/uploads\/2025\/12\/Marquez-1024x683.jpg\" alt=\"\" class=\"wp-image-223935\" style=\"width:445px;height:auto\"\/>Yolanda M\u00e1rquez, directora general de Salud P\u00fablica de Extremadura. Foto: Jon Imanol Reino.<\/p>\n<p>No obstante, M\u00e1rquez subray\u00f3 que detr\u00e1s de esta situaci\u00f3n \u00abhay mucha responsabilidad y mucho estudio t\u00e9cnico\u00bb. Gracias a esta combinaci\u00f3n ha sido posible \u00abimplantar la vacunaci\u00f3n contra el VRS en adultos de mayores de 60 a\u00f1os institucionalizados y mayores de 50 a\u00f1os trasplantados de pulm\u00f3n\u00bb. \u201cEs un trabajo \u00edmprobo. Y el escenario que nosotros tenemos en Extremadura es complicado, porque cada vez vamos a tener m\u00e1s personas de una edad bastante considerable, mayor de 65 a\u00f1os, una problem\u00e1tica que tenemos que tener en cuenta para la implantaci\u00f3n de cierto tipo de vacunas\u201d, desarroll\u00f3 M\u00e1rquez.<\/p>\n<p>La directora general de Salud P\u00fablica de la regi\u00f3n extreme\u00f1a especific\u00f3, al hacer balance sobre c\u00f3mo evoluciona la campa\u00f1a de inmunizaci\u00f3n frente al VRS en adultos mayores, que la regi\u00f3n ya ha alcanzado el 40% de vacunaci\u00f3n. \u00abEs verdad que es una vacunaci\u00f3n muy dirigida, pero es que hemos empezado hace una semana y media, por lo que ahora mismo estamos expectantes. La inquietud de M\u00e1rquez, a partir de ahora, ser\u00e1 el dato: \u00ab<strong>Hasta el a\u00f1o que viene no vamos a tener datos, pero son importantes porque, ante todo, estos programas de vacunaci\u00f3n son una inversi\u00f3n<\/strong>\u00ab.<\/p>\n<blockquote class=\"wp-block-quote has-text-align-center is-layout-flow wp-block-quote-is-layout-flow\">\n<p class=\"has-text-align-center has-vivid-cyan-blue-color has-text-color has-link-color wp-elements-ccac5403fa2e443ee5f29e14daa8d666\"><strong>\u00abNO DEBEMOS VACUNAR DE VRS SOLAMENTE A MAYORES INSTITUCIONALIZADOS, DEBER\u00cdAMOS ABRIR UN POCO M\u00c1S LAS COHORTES DE EDAD\u00bb<\/strong><\/p>\n<p>Yolanda M\u00e1rquez, directora general de Salud P\u00fablica de Extremadura<\/p><\/blockquote>\n<p>Por su parte, <strong>Navarro aport\u00f3 los datos <\/strong>que ponen de manifiesto la relevancia creciente que est\u00e1 tomando el VRS en el panorama de las principales infecciones respiratorias agudas campa\u00f1a tras campa\u00f1a. \u00abHablando del adulto, puedo adelantar, en cuanto a la epidemiolog\u00eda, que se hospitalizaron alrededor de 13.700 personas en la temporada 24\/25. Si lo comparamos con la gripe, que fueron 30.000, estamos hablando pr\u00e1cticamente de la mitad. Y de las hospitalizaciones, el 25% tiene una neumon\u00eda; el 3% en la UCI; el 1,9% necesitan ventilaci\u00f3n mec\u00e1nica y el 7,5% fallecidos\u00bb.<\/p>\n<p><img loading=\"lazy\" decoding=\"async\" width=\"1024\" height=\"683\" src=\"https:\/\/www.europesays.com\/es\/wp-content\/uploads\/2025\/12\/Navarro-1024x683.jpg\" alt=\"\" class=\"wp-image-223939\" style=\"width:427px;height:auto\"\/>Jos\u00e9 Antonio Navarro, consultor honorario de la Ponencia de Vacunas del Ministerio de Sanidad. Foto: Jon Imanol Reino.<\/p>\n<p>Como reivindic\u00f3 el especialista, se trata de un \u00abdato importante\u00bb: \u00abSi bajamos estos porcentajes a cifras, estamos hablando de <strong> 370 ingresos en UCI y 995 fallecimiento<\/strong>. O sea, que se hace patente la necesidad de tener una medida preventiva que por lo menos pare de alguna manera esa situaci\u00f3n\u201d.<\/p>\n<p>De igual modo, Navarro determin\u00f3 cu\u00e1l es la poblaci\u00f3n diana que se beneficiar\u00eda en mayor medida de la inmunizaci\u00f3n frente a VRS: \u00bb <strong>Seguimos pensando y hay datos ya incluso en Espa\u00f1a de que el perfil coincidir\u00eda con las personas que habitan en residencias de mayores,<\/strong> las personas con una dependencia funcional, con una enfermedad, con una cardiopat\u00eda descompensada, cardiopat\u00eda grave, algunas inmunodeficiencias, trasplante de ri\u00f1\u00f3n s\u00f3lido y hep\u00e1tico, c\u00e1ncer, diabetes\u2026 Todas estas patolog\u00edas m\u00e1s comunes\u00bb.<\/p>\n<p><strong>\u00abHay que seguir avanzando\u00bb<\/strong><\/p>\n<p>A continuaci\u00f3n, Gil pregunt\u00f3, una vez que empiezan a llegar los primeros datos sobre la campa\u00f1a actual, los planes que tienen de cara a pr\u00f3ximos a\u00f1os dos comunidades que est\u00e1n a la vanguardia en la protecci\u00f3n de los colectivos vulnerables frente al VRS, como son Madrid y Extremadura. As\u00ed, Andradas explic\u00f3 que, a falta de evaluar los resultados de esta campa\u00f1a y a tenor de \u00abla magnitud de lo que supone la infecci\u00f3n por VRS en mayores, as\u00ed como los resultados de seguridad y efectividad de la vacuna, nosotros s\u00ed somos partidarios de seguir avanzando en la estrategia de vacunaci\u00f3n\u00bb, no solamente para ampliar personas de riesgo, sino en alguna en alguna otra l\u00ednea m\u00e1s nacional\u00bb.<\/p>\n<p>M\u00e1rquez, en este sentido, coincidi\u00f3 con Andradas y se mostr\u00f3 partidaria de ampliar la cobertura en pr\u00f3ximas campa\u00f1as: \u00abCreo que para posteriores a\u00f1os tenemos que darnos cuenta de que deber\u00edamos sacar el VRS de la vacunaci\u00f3n de oto\u00f1o. Adem\u00e1s, creo que no debemos vacunar solamente a los institucionalizados o los trasplantados de pulm\u00f3n, sino que tambi\u00e9n <strong>deber\u00edamos abrir un poco m\u00e1s las cohortes de edad<\/strong>\u00ab.<\/p>\n<p><strong>La importancia de concienciar <\/strong><\/p>\n<p>Lo ideal, para Navarro, es que todas las autonom\u00edas comenzaran a vacunar este a\u00f1o o el pr\u00f3ximo, o que, por lo menos, tuvieran un compromiso formal. Se cumplen, subray\u00f3, \u00ab<strong>todos los requisitos\u00bb para aventurarse a \u00abuna pol\u00edtica m\u00e1s ambiciosa de la vacunaci\u00f3n\u00bb. <\/strong>Aunque la apuesta de Navarro, al contrario que sus compa\u00f1eras de debate, es por la estacionalidad: \u00abLo que hay que hacer es aprovechar el pico de efectividad de la vacuna para el pico de la enfermedad\u00bb.<\/p>\n<blockquote class=\"wp-block-quote has-text-align-center is-layout-flow wp-block-quote-is-layout-flow\">\n<p class=\"has-text-align-center has-vivid-cyan-blue-color has-text-color has-link-color wp-elements-b80ecbcf77967cd0c30513f7e4fbc96d\"><strong>\u00abSe cumplen todos los requisitos para una pol\u00edtica m\u00e1s ambiciosa en la vacunaci\u00f3n\u00bb<\/strong><\/p>\n<p>Jos\u00e9 Antonio Navarro, consultor honorario de la Ponencia de Vacunas del Ministerio de Sanidad<\/p><\/blockquote>\n<p>Por \u00faltimo, Navarro incidi\u00f3 en la importancia de la concienciaci\u00f3n sobre la vacunaci\u00f3n, a pesar del trabajo que implica \u00abinsistir e insistir\u00bb, ya hablemos de poblaci\u00f3n general o tambi\u00e9n profesionales. \u00abEn general, puedo decir que<strong> la seguridad de las vacunas no es un motivo de preocupaci\u00f3n<\/strong>. Por lo tanto, con ese paquete de novedades hemos conseguido llegar a muchas necesidades p\u00fablicas. Y evidentemente, como parte t\u00e9cnica, no pol\u00edtica, hemos hecho nuestras primeras recomendaciones\u00bb, concluy\u00f3 el especialista.<\/p>\n<p><strong>Tambi\u00e9n te puede interesar\u2026<\/strong><\/p>\n","protected":false},"excerpt":{"rendered":"Navarro (Ponencia de Vacunas), M\u00e1rquez (Extremadura), Andradas (Comunidad de Madrid) y Gil (URJC), durante el debate sobre VRS&hellip;\n","protected":false},"author":2,"featured_media":270445,"comment_status":"","ping_status":"","sticky":false,"template":"","format":"standard","meta":{"footnotes":""},"categories":[92],"tags":[25,24,165,166,23],"class_list":{"0":"post-270444","1":"post","2":"type-post","3":"status-publish","4":"format-standard","5":"has-post-thumbnail","7":"category-salud","8":"tag-es","9":"tag-espana","10":"tag-health","11":"tag-salud","12":"tag-spain"},"share_on_mastodon":{"url":"https:\/\/pubeurope.com\/@es\/115660500255766453","error":""},"_links":{"self":[{"href":"https:\/\/www.europesays.com\/es\/wp-json\/wp\/v2\/posts\/270444","targetHints":{"allow":["GET"]}}],"collection":[{"href":"https:\/\/www.europesays.com\/es\/wp-json\/wp\/v2\/posts"}],"about":[{"href":"https:\/\/www.europesays.com\/es\/wp-json\/wp\/v2\/types\/post"}],"author":[{"embeddable":true,"href":"https:\/\/www.europesays.com\/es\/wp-json\/wp\/v2\/users\/2"}],"replies":[{"embeddable":true,"href":"https:\/\/www.europesays.com\/es\/wp-json\/wp\/v2\/comments?post=270444"}],"version-history":[{"count":0,"href":"https:\/\/www.europesays.com\/es\/wp-json\/wp\/v2\/posts\/270444\/revisions"}],"wp:featuredmedia":[{"embeddable":true,"href":"https:\/\/www.europesays.com\/es\/wp-json\/wp\/v2\/media\/270445"}],"wp:attachment":[{"href":"https:\/\/www.europesays.com\/es\/wp-json\/wp\/v2\/media?parent=270444"}],"wp:term":[{"taxonomy":"category","embeddable":true,"href":"https:\/\/www.europesays.com\/es\/wp-json\/wp\/v2\/categories?post=270444"},{"taxonomy":"post_tag","embeddable":true,"href":"https:\/\/www.europesays.com\/es\/wp-json\/wp\/v2\/tags?post=270444"}],"curies":[{"name":"wp","href":"https:\/\/api.w.org\/{rel}","templated":true}]}}