{"id":270453,"date":"2025-12-04T09:10:09","date_gmt":"2025-12-04T09:10:09","guid":{"rendered":"https:\/\/www.europesays.com\/es\/270453\/"},"modified":"2025-12-04T09:10:09","modified_gmt":"2025-12-04T09:10:09","slug":"el-supremo-delibera-sobre-los-recursos-de-abalos-y-koldo-garcia-contra-el-auto-de-procesamiento","status":"publish","type":"post","link":"https:\/\/www.europesays.com\/es\/270453\/","title":{"rendered":"El Supremo delibera sobre los recursos de \u00c1balos y Koldo Garc\u00eda contra el auto de procesamiento"},"content":{"rendered":"<p>El Tribunal <strong>Supremo revisa este jueves los recursos presentados<\/strong> por el exministro de Transportes y ex secretario de Organizaci\u00f3n del PSOE <strong>Jos\u00e9 Luis \u00c1balos<\/strong> y su exasesor <strong>Koldo Garc\u00eda<\/strong> <strong>contra el auto de procesamiento <\/strong>del magistrado Leopoldo Puente por los delitos de cohecho, pertenencia a organizaci\u00f3n criminal, tr\u00e1fico de influencias y malversaci\u00f3n de caudales p\u00fablicos en la pieza principal del denominado <a href=\"https:\/\/www.rtve.es\/temas\/caso-koldo\/1000143\/\" rel=\"nofollow noopener\" target=\"_blank\">caso Koldo<\/a>.<\/p>\n<p>Ser\u00e1n los <strong>magistrados de la Sala de lo Penal Antonio del Moral, Juan Ram\u00f3n Berdugo y Pablo Llarena<\/strong> quienes, a puerta cerrada, estudiar\u00e1n los recursos que las defensas de \u00c1balos y Garc\u00eda presentaron contra el auto de pase a procedimiento abreviado, y que aproxima a ambos al juicio oral.<\/p>\n<p>Tras este auto, las acusaciones y la Fiscal\u00eda solicitaron elevadas penas de prisi\u00f3n, y ante el posible riesgo \u00abextremo\u00bb de fuga por la proximidad del juicio, el juez dict\u00f3 <strong>prisi\u00f3n provisional para \u00c1balos y Koldo Garc\u00eda hace justo una semana<\/strong>.<\/p>\n<p>Pieza principal del caso Koldo<\/p>\n<p>Esta pieza est\u00e1 centrada en las<strong> presuntas comisiones irregulares en adjudicaciones de contratos de mascarillas en plena pandemia<\/strong>, y es la que est\u00e1 m\u00e1s avanzada. En ella, tambi\u00e9n est\u00e1 procesado el presunto comisionista V\u00edctor de Aldama, quien se encuentra en libertad, al contrario que \u00c1balos y Garc\u00eda, por la colaboraci\u00f3n con la Justicia que le reconocen las acusaciones y el juez.<\/p>\n<p><strong>\u00c1balos y Koldo Garc\u00eda afrontan peticiones de hasta 30 a\u00f1os de prisi\u00f3n<\/strong>, y Aldama, siete a\u00f1os. Precisamente, ante estas elevadas peticiones de c\u00e1rcel y la posible cercan\u00eda del juicio, hizo que el magistrado Puente, a petici\u00f3n de la Fiscal\u00eda y las acusaciones, decidi\u00f3 enviarlos a prisi\u00f3n preventiva hace una semana. <\/p>\n<p>Este jueves la Sala de Apelaci\u00f3n analizar\u00e1 si la investigaci\u00f3n -que arranc\u00f3 en el Supremo a finales de 2024, pero que deriva de la Audiencia Nacional- ha conseguido recabar suficientes indicios para sentarlos en el banquillo junto con Aldama en el que<strong> ser\u00eda el primer juicio del caso Koldo. <\/strong><\/p>\n<p>Seg\u00fan la tesis del instructor y de las acusaciones,<strong> los tres se habr\u00edan concertado para aprovechar el cargo de \u00c1balos en el Gobierno<\/strong> y en el PSOE y favorecer as\u00ed la contrataci\u00f3n p\u00fablica de ciertas empresas introducidas por Aldama \u00aba cambio del correspondiente beneficio econ\u00f3mico\u00bb para los tres.<\/p>\n<p>\u00c1balos podr\u00eda perder su sueldo de diputado<\/p>\n<p>Si la Sala de lo Penal rechaza los recursos y se hace firme el auto de procesamiento,<strong> el Congreso suspender\u00e1 a \u00c1balos de sus derechos y deberes como diputado<\/strong>. Ser\u00e1 en ese momento cuando deje de percibir su sueldo como parlamentario y perder\u00e1 el derecho a votar en la C\u00e1mara Baja. <\/p>\n<p>Y es que seg\u00fan reza en el art\u00edculo 21 del Reglamento del Congreso, \u00ablos diputados y diputadas quedar\u00e1n suspendidos en sus derechos y deberes parlamentarios cuando, concedida por la C\u00e1mara la autorizaci\u00f3n objeto de un suplicatorio y firme el auto de procesamiento, se hallaren en situaci\u00f3n de prisi\u00f3n preventiva y mientras dure esta\u00bb.<\/p>\n<p><strong>\u00c1balos logr\u00f3 su acta de diputado en las \u00faltimas elecciones generales de 2023<\/strong> como cabeza de lista de los socialistas por Valencia. Y aunque el <a href=\"https:\/\/www.rtve.es\/noticias\/20240227\/psoe-abre-expediente-disciplinario-abalos-militancia\/15988128.shtml\" rel=\"nofollow noopener\" target=\"_blank\">PSOE le suspendi\u00f3 de militancia<\/a> cuando salt\u00f3 el caso y <a href=\"https:\/\/www.rtve.es\/noticias\/20240226\/ejecutiva-psoe-aborda-futuro-dimision-abalos-caso-koldo\/15985904.shtml\" rel=\"nofollow noopener\" target=\"_blank\">le exigi\u00f3 que entregara el acta<\/a>, como el acta es personal, el exministro decidi\u00f3 mantenerla y <a href=\"https:\/\/www.rtve.es\/noticias\/20240228\/dos-exministros-diputados-podemos-partidos-territoriales-asi-queda-grupo-mixto-tras-llegada-abalos\/15989865.shtml\" rel=\"nofollow noopener\" target=\"_blank\">pas\u00f3 al Grupo Mixto<\/a>. Mientras \u00c1balos no entregue el acta, seguir\u00e1 siendo diputado del Congreso, aunque ahora podr\u00eda quedar suspendido.<\/p>\n<p>En la actualidad, \u00c1balos cobra un salario base bruto mensual de 3.236,32 euros, a lo que hay que sumar 2.078,92 euros brutos, en concepto de ayuda por ser un diputado fuera de Madrid, lo que hace un total de 5.315,24 euros. Cuando fue expulsado del Grupo Parlamentario del PSOE en febrero de 2024 dej\u00f3 de ser presidente de la Comisi\u00f3n de Interior, por lo que dej\u00f3 de percibir 1.646,04 euros que cobraba por ello.<\/p>\n","protected":false},"excerpt":{"rendered":"El Tribunal Supremo revisa este jueves los recursos presentados por el exministro de Transportes y ex secretario de&hellip;\n","protected":false},"author":2,"featured_media":270454,"comment_status":"","ping_status":"","sticky":false,"template":"","format":"standard","meta":{"footnotes":""},"categories":[8],"tags":[17,18,25,24,13,14,11,19,20,9,10,15,16,23,12,21,22],"class_list":{"0":"post-270453","1":"post","2":"type-post","3":"status-publish","4":"format-standard","5":"has-post-thumbnail","7":"category-espana","8":"tag-breaking-news","9":"tag-breakingnews","10":"tag-es","11":"tag-espana","12":"tag-featured-news","13":"tag-featurednews","14":"tag-headlines","15":"tag-latest-news","16":"tag-latestnews","17":"tag-news","18":"tag-noticias","19":"tag-noticias-destacadas","20":"tag-noticiasdestacadas","21":"tag-spain","22":"tag-titulares","23":"tag-ultimas-noticias","24":"tag-ultimasnoticias"},"share_on_mastodon":{"url":"https:\/\/pubeurope.com\/@es\/115660524350362958","error":""},"_links":{"self":[{"href":"https:\/\/www.europesays.com\/es\/wp-json\/wp\/v2\/posts\/270453","targetHints":{"allow":["GET"]}}],"collection":[{"href":"https:\/\/www.europesays.com\/es\/wp-json\/wp\/v2\/posts"}],"about":[{"href":"https:\/\/www.europesays.com\/es\/wp-json\/wp\/v2\/types\/post"}],"author":[{"embeddable":true,"href":"https:\/\/www.europesays.com\/es\/wp-json\/wp\/v2\/users\/2"}],"replies":[{"embeddable":true,"href":"https:\/\/www.europesays.com\/es\/wp-json\/wp\/v2\/comments?post=270453"}],"version-history":[{"count":0,"href":"https:\/\/www.europesays.com\/es\/wp-json\/wp\/v2\/posts\/270453\/revisions"}],"wp:featuredmedia":[{"embeddable":true,"href":"https:\/\/www.europesays.com\/es\/wp-json\/wp\/v2\/media\/270454"}],"wp:attachment":[{"href":"https:\/\/www.europesays.com\/es\/wp-json\/wp\/v2\/media?parent=270453"}],"wp:term":[{"taxonomy":"category","embeddable":true,"href":"https:\/\/www.europesays.com\/es\/wp-json\/wp\/v2\/categories?post=270453"},{"taxonomy":"post_tag","embeddable":true,"href":"https:\/\/www.europesays.com\/es\/wp-json\/wp\/v2\/tags?post=270453"}],"curies":[{"name":"wp","href":"https:\/\/api.w.org\/{rel}","templated":true}]}}