{"id":270461,"date":"2025-12-04T09:20:09","date_gmt":"2025-12-04T09:20:09","guid":{"rendered":"https:\/\/www.europesays.com\/es\/270461\/"},"modified":"2025-12-04T09:20:09","modified_gmt":"2025-12-04T09:20:09","slug":"arnau-tenas-evita-un-nuevo-sonrojo-copero","status":"publish","type":"post","link":"https:\/\/www.europesays.com\/es\/270461\/","title":{"rendered":"Arnau Tenas evita un nuevo sonrojo copero"},"content":{"rendered":"<p data-mrf-recirculation=\"Links P\u00e1rrafos\" class=\"ue-c-article__paragraph paragraph ue-c-article--first-letter-highlighted\">Fiel a su historia copera, el <strong>Villarreal <\/strong>las pas\u00f3 &#8216;canutas&#8217; para superar a un equipo de tres categor\u00edas menos. Los azulejeros tuvieron que recurrir a la tanda de penaltis para apear a un heroico <strong>Antoniano<\/strong>, donde una parada de <strong>Arnau Tenas<\/strong> les evit\u00f3 un nuevo sonrojo.<\/p>\n<p data-mrf-recirculation=\"Links P\u00e1rrafos\" class=\"ue-c-article__paragraph paragraph\">Advertido por su propio pasado y escocido por anteriores experiencias, el Villarreal sali\u00f3 serio al partido. <strong>Marcelino <\/strong>exigi\u00f3 motivaci\u00f3n a sus futbolistas, y no se les puede achacar la falta de esta. Los amarillos apostaron por un juego directo y vertical, sabedores de que el terreno de juego no permit\u00eda el m\u00e1s m\u00ednimo lujo futbol\u00edstico.<\/p>\n<p data-mrf-recirculation=\"Links P\u00e1rrafos\" class=\"ue-c-article__paragraph paragraph\">Ante un aguerrido <strong>rival <\/strong>los amarillos tuvieron el control y varias llegadas peligrosas en la primera mitad. Pero ni<strong> Tani ni P\u00e9p\u00e9<\/strong> estuvieron acertados en las mejores ocasiones. En una jugada que acab\u00f3 con un claro penalti no se\u00f1alado en \u00e1rea lebrijana por mano, llegar\u00eda la desgraciada lesi\u00f3n del local <strong>Antonio<\/strong>, quien se march\u00f3 en camilla y entre l\u00e1grimas.  Tani tuvo la m\u00e1s clara tras revolverse en el \u00e1rea y disparar desviado. Llegaba al descanso con el partido empatado y con los fantasmas de las copas pasadas revoloteando sobre el <strong>Villarreal<\/strong>.<\/p>\n<p data-mrf-recirculation=\"Links P\u00e1rrafos\" class=\"ue-c-article__paragraph paragraph\">No cambio el guion en la segunda mitad, si bien el dominio amarillo se agrand\u00f3 ante un <strong>Antoniano <\/strong>que se atrincheraba a la perfecci\u00f3n. El tiempo apremiaba y <strong>Marcelino <\/strong>apost\u00f3 por dar entrada a <strong>Mikautadze y Ayoze <\/strong>para desatascar el duelo. En la \u00fanica ocasi\u00f3n del partido en la que los castellonenses encontraron espacios, <strong>Tani <\/strong>estuvo a punto de marcar, pero Revuelta salv\u00f3 bajo palos. Las ocasiones amarillas llegaban, pero no el gol, y con ello la pr\u00f3rroga<\/p>\n<p data-mrf-recirculation=\"Links P\u00e1rrafos\" class=\"ue-c-article__paragraph paragraph\"><strong>Ayoze <\/strong>desataba el nudo de la garganta castellonense al rematar un c\u00f3rner botado por Parejo y avanzar a su equipo. Pero el guion copero todav\u00eda deparar\u00eda un inesperado quiebro.<strong> Jes\u00fas Garc\u00eda<\/strong> empataba tras un  tremendo remate de <strong>Panadero <\/strong>y mandaba el choque a los penaltis. <strong>Arnau <\/strong>detuvo el lanzamiento de <strong>Dur\u00e1n <\/strong>para salvar a su equipo. El <strong>Villarreal <\/strong>se fue del estadio con el susto en el cuerpo y con la clasificaci\u00f3n. El <strong>Antoniano <\/strong>con el merecido homenaje de una hinchada que puede sentirse orgullosa su equipo<\/p>\n","protected":false},"excerpt":{"rendered":"Fiel a su historia copera, el Villarreal las pas\u00f3 &#8216;canutas&#8217; para superar a un equipo de tres categor\u00edas&hellip;\n","protected":false},"author":2,"featured_media":270462,"comment_status":"","ping_status":"","sticky":false,"template":"","format":"standard","meta":{"footnotes":""},"categories":[268],"tags":[168,25,24,280,282,281,23,167],"class_list":{"0":"post-270461","1":"post","2":"type-post","3":"status-publish","4":"format-standard","5":"has-post-thumbnail","7":"category-futbol","8":"tag-deportes","9":"tag-es","10":"tag-espana","11":"tag-football","12":"tag-futbol","13":"tag-soccer","14":"tag-spain","15":"tag-sports"},"share_on_mastodon":{"url":"https:\/\/pubeurope.com\/@es\/115660562511194472","error":""},"_links":{"self":[{"href":"https:\/\/www.europesays.com\/es\/wp-json\/wp\/v2\/posts\/270461","targetHints":{"allow":["GET"]}}],"collection":[{"href":"https:\/\/www.europesays.com\/es\/wp-json\/wp\/v2\/posts"}],"about":[{"href":"https:\/\/www.europesays.com\/es\/wp-json\/wp\/v2\/types\/post"}],"author":[{"embeddable":true,"href":"https:\/\/www.europesays.com\/es\/wp-json\/wp\/v2\/users\/2"}],"replies":[{"embeddable":true,"href":"https:\/\/www.europesays.com\/es\/wp-json\/wp\/v2\/comments?post=270461"}],"version-history":[{"count":0,"href":"https:\/\/www.europesays.com\/es\/wp-json\/wp\/v2\/posts\/270461\/revisions"}],"wp:featuredmedia":[{"embeddable":true,"href":"https:\/\/www.europesays.com\/es\/wp-json\/wp\/v2\/media\/270462"}],"wp:attachment":[{"href":"https:\/\/www.europesays.com\/es\/wp-json\/wp\/v2\/media?parent=270461"}],"wp:term":[{"taxonomy":"category","embeddable":true,"href":"https:\/\/www.europesays.com\/es\/wp-json\/wp\/v2\/categories?post=270461"},{"taxonomy":"post_tag","embeddable":true,"href":"https:\/\/www.europesays.com\/es\/wp-json\/wp\/v2\/tags?post=270461"}],"curies":[{"name":"wp","href":"https:\/\/api.w.org\/{rel}","templated":true}]}}