{"id":270463,"date":"2025-12-04T09:21:10","date_gmt":"2025-12-04T09:21:10","guid":{"rendered":"https:\/\/www.europesays.com\/es\/270463\/"},"modified":"2025-12-04T09:21:10","modified_gmt":"2025-12-04T09:21:10","slug":"si-tengo-que-elegir-me-quedo-con","status":"publish","type":"post","link":"https:\/\/www.europesays.com\/es\/270463\/","title":{"rendered":"\u201cSi tengo que elegir me quedo con\u2026\u201d"},"content":{"rendered":"\n<p> <strong>Cuando piensas en Valeria Vegas<\/strong> es inevitable hacerlo tambi\u00e9n en el proyecto que la catapult\u00f3 a la fama: <strong>ser la bi\u00f3grafa de Cristina Ortiz \u2018La Veneno\u2019<\/strong>. \u2018<strong>\u00a1Digo! Ni puta ni santa. Las memorias de La Veneno<\/strong>\u2019 se public\u00f3 en 2015, tan solo un a\u00f1o antes de la tr\u00e1gica muerte de la que fuera uno de los personajes m\u00e1s medi\u00e1ticos <a href=\"https:\/\/www.vanitatis.elconfidencial.com\/famosos\/2021-11-16\/pepe-navarro-cumple-70-anos-entrevista-vida-paternidad_3324627\/\" target=\"_self\" rel=\"nofollow noopener\">del programa de Pepe Navarro<\/a>, \u2018Esta noche cruzamos el Mississippi\u2019. <\/p>\n<p> Un personaje de la televisi\u00f3n de final de los 90 y principios de los 2000 que merec\u00eda, gracias al paso del tiempo y a la evoluci\u00f3n de la sociedad, <strong>un reconocimiento mayor<\/strong>. Fue as\u00ed como <strong>la obra biogr\u00e1fica de Valeria Vegas se convirti\u00f3 en una serie de \u00e9xito, \u2018<\/strong><a href=\"https:\/\/www.vanitatis.elconfidencial.com\/famosos\/2020-10-28\/veneno-ondas-premio-tragedia-vida-mito-cristina_2524811\/\" target=\"_self\" rel=\"nofollow noopener\"><strong>La Veneno<\/strong><\/a><strong>\u2019<\/strong>, dirigida y guionizada por el d\u00fao profesional de Los Javis, Javier Calvo y Javier Ambrossi, quienes <a href=\"https:\/\/www.vanitatis.elconfidencial.com\/famosos\/2025-11-20\/las-vidas-por-separado-de-javier-calvo-y-javier-ambrossi-sin-contacto_4251576\/\" target=\"_self\" rel=\"nofollow noopener\">por aquel entonces lo eran tambi\u00e9n sentimental<\/a>. <\/p>\n<p> Un trabajo aclamado por muchos que hizo que <a href=\"https:\/\/www.vanitatis.elconfidencial.com\/famosos\/2021-07-03\/personajes-lgtbi-orgullo-gay-lluis-guilera_3090432\/\" target=\"_self\" rel=\"nofollow noopener\">Valeria Vegas<\/a> volviera, de nuevo y con m\u00e1s fuerza, a portar p\u00fablicamente <strong>la etiqueta de \u2018<\/strong><a href=\"https:\/\/www.vanitatis.elconfidencial.com\/famosos\/2020-04-05\/valeria-vegas-los-javis-veneno-serie-antena-3_2531512\/\" target=\"_self\" rel=\"nofollow noopener\"><strong>la bi\u00f3grafa de La Veneno<\/strong><\/a><strong>\u2019<\/strong>. Algo que ella no rechaza ni mucho menos por una clara raz\u00f3n: \u201c<strong>Cuando algo te caracteriza y te persigue, o lo abrazas o se vuelve una pesadilla<\/strong>. Yo estoy superorgullosa\u201d. <\/p>\n<p> Raz\u00f3n de ello ha sido tambi\u00e9n el trabajo audiovisual que hizo con los Javis. \u201cNunca imagin\u00e9 que cuatro a\u00f1os despu\u00e9s Los Javis iban a hacer <strong>una serie tan bien hecha, delicada, cuidada<\/strong>\u2026 es todo perfecto es para estar bastante orgullosa\u201d, consciente de que no hab\u00eda dos personas mejores para llevar su trabajo biogr\u00e1fico a la peque\u00f1a pantalla para tratar como se merec\u00eda, un personaje ya desaparecido como el de Cristina Ortiz. <\/p>\n<p> Aprovechando que el Pisuerga pasaba por Valladolid, Zodiac no dud\u00f3 en sacar a colaci\u00f3n la reciente separaci\u00f3n de los que ahora tambi\u00e9n sus amigos, Javier Calvo y Javier Ambrossi, una ruptura que hace no mucho nadie se creer\u00eda que acabar\u00eda por ocurrir. \u201c<strong>\u00bfCon qu\u00e9 Javi te quedas?<\/strong>\u201d, esa es la cuesti\u00f3n. <\/p>\n<p> Siempre desde el humor y entregada a la causa de dar titulares, Valeria Vegas no tiene ning\u00fan reparo en elegir. \u201cNo me lo he planteado\u201d, aunque siempre ha sido consciente de con cu\u00e1l ha tenido siempre mucho m\u00e1s \u2018feeling\u2019 por una simple raz\u00f3n: \u201cLe tengo mucho cari\u00f1o a los dos, pero siempre he tenido m\u00e1s conexi\u00f3n con Ambrossi. <a href=\"https:\/\/www.vanitatis.elconfidencial.com\/famosos\/2025-11-24\/primeras-palabras-javier-calvo-ambrossi-guitarrica_4253666\/\" target=\"_self\" rel=\"nofollow noopener\">Calvo siempre nos lo dec\u00eda<\/a>: &#8216;Vosotros os llev\u00e1is muy bien&#8217;\u201d. <\/p>\n<p>                Los Javis junto a Valeria Vegas (izq.) y algunas de las protagonistas de &#8216;Veneno&#8217; durante el evento virtual de fin de la serie. (AtresPLAYER Premium)            <\/p>\n<p> El motivo no es otro que ser de la misma generaci\u00f3n.<strong> A Valeria y a Javier Ambrossi les separa \u00fanicamente un a\u00f1o de diferencia<\/strong>, habiendo sido ni\u00f1os de un mismo tiempo: \u201cHablas de cosas de la misma generaci\u00f3n y has vivido igual\u201d. <\/p>\n<p> Sobre qu\u00e9 pasar\u00e1 ahora con toda la \u2018tribu\u2019 que han ido congregando los Javis a lo largo de sus quince a\u00f1os de relaci\u00f3n, compa\u00f1eros de profesi\u00f3n que se han ido convirtiendo en amigos y hasta familia, Valeria tiene claro que por la forma de ser de los dos, su ruptura no ser\u00e1 un problema: <strong>\u201c<\/strong><a href=\"https:\/\/www.vanitatis.elconfidencial.com\/famosos\/2025-11-12\/como-estan-los-javis-calvo-y-ambrossi-tras-su-separacion_4246271\/\" target=\"_self\" rel=\"nofollow noopener\"><strong>Ellos saben relativizar muy bien<\/strong><\/a><strong> y que los amigos vayan a un lado u otro puede ocurrir<\/strong>. Las vacaciones, las navidades\u2026 pero puede haber amigos que est\u00e9n a ambos lados\u201d. <\/p>\n<p> <strong>Cuando piensas en Valeria Vegas<\/strong> es inevitable hacerlo tambi\u00e9n en el proyecto que la catapult\u00f3 a la fama: <strong>ser la bi\u00f3grafa de Cristina Ortiz \u2018La Veneno\u2019<\/strong>. \u2018<strong>\u00a1Digo! Ni puta ni santa. Las memorias de La Veneno<\/strong>\u2019 se public\u00f3 en 2015, tan solo un a\u00f1o antes de la tr\u00e1gica muerte de la que fuera uno de los personajes m\u00e1s medi\u00e1ticos <a href=\"https:\/\/www.vanitatis.elconfidencial.com\/famosos\/2021-11-16\/pepe-navarro-cumple-70-anos-entrevista-vida-paternidad_3324627\/\" target=\"_self\" rel=\"nofollow noopener\">del programa de Pepe Navarro<\/a>, \u2018Esta noche cruzamos el Mississippi\u2019. <\/p>\n","protected":false},"excerpt":{"rendered":"Cuando piensas en Valeria Vegas es inevitable hacerlo tambi\u00e9n en el proyecto que la catapult\u00f3 a la fama:&hellip;\n","protected":false},"author":2,"featured_media":270464,"comment_status":"","ping_status":"","sticky":false,"template":"","format":"standard","meta":{"footnotes":""},"categories":[174],"tags":[255,146,147,25,24,256,23],"class_list":{"0":"post-270463","1":"post","2":"type-post","3":"status-publish","4":"format-standard","5":"has-post-thumbnail","7":"category-famosos","8":"tag-celebrities","9":"tag-entertainment","10":"tag-entretenimiento","11":"tag-es","12":"tag-espana","13":"tag-famosos","14":"tag-spain"},"share_on_mastodon":{"url":"https:\/\/pubeurope.com\/@es\/115660566396002910","error":""},"_links":{"self":[{"href":"https:\/\/www.europesays.com\/es\/wp-json\/wp\/v2\/posts\/270463","targetHints":{"allow":["GET"]}}],"collection":[{"href":"https:\/\/www.europesays.com\/es\/wp-json\/wp\/v2\/posts"}],"about":[{"href":"https:\/\/www.europesays.com\/es\/wp-json\/wp\/v2\/types\/post"}],"author":[{"embeddable":true,"href":"https:\/\/www.europesays.com\/es\/wp-json\/wp\/v2\/users\/2"}],"replies":[{"embeddable":true,"href":"https:\/\/www.europesays.com\/es\/wp-json\/wp\/v2\/comments?post=270463"}],"version-history":[{"count":0,"href":"https:\/\/www.europesays.com\/es\/wp-json\/wp\/v2\/posts\/270463\/revisions"}],"wp:featuredmedia":[{"embeddable":true,"href":"https:\/\/www.europesays.com\/es\/wp-json\/wp\/v2\/media\/270464"}],"wp:attachment":[{"href":"https:\/\/www.europesays.com\/es\/wp-json\/wp\/v2\/media?parent=270463"}],"wp:term":[{"taxonomy":"category","embeddable":true,"href":"https:\/\/www.europesays.com\/es\/wp-json\/wp\/v2\/categories?post=270463"},{"taxonomy":"post_tag","embeddable":true,"href":"https:\/\/www.europesays.com\/es\/wp-json\/wp\/v2\/tags?post=270463"}],"curies":[{"name":"wp","href":"https:\/\/api.w.org\/{rel}","templated":true}]}}