{"id":270471,"date":"2025-12-04T09:26:10","date_gmt":"2025-12-04T09:26:10","guid":{"rendered":"https:\/\/www.europesays.com\/es\/270471\/"},"modified":"2025-12-04T09:26:10","modified_gmt":"2025-12-04T09:26:10","slug":"en-15-dias-se-estrena-la-pelicula-de-ciencia-ficcion-mas-importante-de-los-ultimos-anos-el-gran-colofon-de-una-aventura-espectacular","status":"publish","type":"post","link":"https:\/\/www.europesays.com\/es\/270471\/","title":{"rendered":"En 15 d\u00edas se estrena la pel\u00edcula de ciencia ficci\u00f3n m\u00e1s importante de los \u00faltimos a\u00f1os. El gran colof\u00f3n de una aventura espectacular"},"content":{"rendered":"<p>Ya apenas quedan unas semanas para que 2025 llegue a su final, pero todav\u00eda hay muchas pel\u00edculas y series por estrenar antes de que eso suceda. Eso s\u00ed, hay un t\u00edtulo que brilla con luz propia por encima de todos los dem\u00e1s, ya que se trata de <strong>la pel\u00edcula de ciencia ficci\u00f3n m\u00e1s importante de los \u00faltimos a\u00f1os<\/strong>: <a class=\"text-outboundlink\" href=\"https:\/\/www.espinof.com\/todo-lo-que-sabemos\/avatar-3-fecha-estreno-trailer-reparto-todo-que-sabemos-pelicula-ciencia-ficcion-dirigida-james-cameron\" data-vars-post-title=\"&#039;Avatar 3&#039;, fecha de estreno, tr\u00e1iler y todo lo que sabemos sobre la tercera pel\u00edcula de ciencia ficci\u00f3n de la saga de James Cameron\" data-vars-post-url=\"https:\/\/www.espinof.com\/todo-lo-que-sabemos\/avatar-3-fecha-estreno-trailer-reparto-todo-que-sabemos-pelicula-ciencia-ficcion-dirigida-james-cameron\" rel=\"nofollow noopener\" target=\"_blank\">&#8216;Avatar: Fuego y ceniza&#8217;<\/a>.<\/p>\n<p>Unos pocos privilegiados han tenido ya la oportunidad de ver &#8216;Avatar 3&#8217; y <a class=\"text-outboundlink\" href=\"https:\/\/www.espinof.com\/estrenos\/primeras-impresiones-avatar-fuego-ceniza-apuntan-a-otro-espectaculo-audiovisual-colosal-horny-muy-repetitivo\" data-vars-post-title=\"Las primeras opiniones de &#039;Avatar: Fuego y ceniza&#039; apuntan a otro espect\u00e1culo colosal de James Cameron, y &quot;m\u00e1s horny&quot;, pero muy repetitivo\" data-vars-post-url=\"https:\/\/www.espinof.com\/estrenos\/primeras-impresiones-avatar-fuego-ceniza-apuntan-a-otro-espectaculo-audiovisual-colosal-horny-muy-repetitivo\" rel=\"nofollow noopener\" target=\"_blank\">las primeras opiniones<\/a> apuntan a que es m\u00e1s de lo mismo, pero tambi\u00e9n a que <strong>James Cameron<\/strong> consigue dejarte una vez m\u00e1s \u00abla boca abierta de principio a fin\u00bb. Todo apunta a un espect\u00e1culo que encantar\u00e1 a los fans de las dos anteriores entregas, pero tambi\u00e9n que no ofrece nada para conquistar a los esc\u00e9pticos.<\/p>\n<p>\u00bfEl episodio final?<\/p>\n<p>Con la promesa de que ser\u00e1 <a class=\"text-outboundlink\" href=\"https:\/\/www.espinof.com\/directores-y-guionistas\/james-cameron-confirma-que-avatar-3-sera-larga-saga-superara-192-minutos-sentido-agua-tiene-todo-sentido-mundo\" data-vars-post-title=\"&#039;Avatar 3&#039; ser\u00e1 la m\u00e1s larga de la saga superando las tres horas y media, aunque James Cameron lo hace por el bien de la pel\u00edcula\" data-vars-post-url=\"https:\/\/www.espinof.com\/directores-y-guionistas\/james-cameron-confirma-que-avatar-3-sera-larga-saga-superara-192-minutos-sentido-agua-tiene-todo-sentido-mundo\" rel=\"nofollow noopener\" target=\"_blank\">la pel\u00edcula m\u00e1s larga de la saga<\/a> -aunque sin superar esas tres horas y media que se dijeron inicialmente-, &#8216;Avatar 3&#8217; tambi\u00e9n se perfila con un gran colof\u00f3n a la aventura de Jake Sully (<strong>Sam Worthington<\/strong>) en Pandora. El propio Cameron <a class=\"text-outboundlink\" href=\"https:\/\/www.espinof.com\/directores-y-guionistas\/james-cameron-promete-que-avatar-3-sera-pelicula-final-saga-se-cumple-este-requisito-termina-ahi-cines-escribire-libro\" data-vars-post-title=\"James Cameron promete que &#039;Avatar 3&#039; ser\u00e1 la pel\u00edcula final de la saga si se cumple este requisito: &quot;Si termina ah\u00ed en cines, escribir\u00e9 un libro&quot; \" data-vars-post-url=\"https:\/\/www.espinof.com\/directores-y-guionistas\/james-cameron-promete-que-avatar-3-sera-pelicula-final-saga-se-cumple-este-requisito-termina-ahi-cines-escribire-libro\" rel=\"nofollow noopener\" target=\"_blank\">ha comentado<\/a> que est\u00e1 listo para que sea la entrega final de la saga si no tiene el \u00e9xito esperado, pero a priori eso no parece probable.<\/p>\n<p>De hecho, Cameron ha rodado ya varias escenas para usarlas en <a class=\"text-outboundlink\" href=\"https:\/\/www.espinof.com\/todo-lo-que-sabemos\/avatar-4-fecha-estreno-reparto-trailer-pelicula-ciencia-ficcion-dirigida-james-cameron\" data-vars-post-title=\"&#039;Avatar 4&#039;, fecha de estreno y todo lo que sabemos sobre la pel\u00edcula de la saga de ciencia ficci\u00f3n dirigida por James Cameron\" data-vars-post-url=\"https:\/\/www.espinof.com\/todo-lo-que-sabemos\/avatar-4-fecha-estreno-reparto-trailer-pelicula-ciencia-ficcion-dirigida-james-cameron\" rel=\"nofollow noopener\" target=\"_blank\">&#8216;Avatar 4&#8217;<\/a>, cuyo estreno adem\u00e1s est\u00e1 anunciado para el 21 de diciembre de 2025. <strong>Disney<\/strong> siempre puede asumir esa p\u00e9rdida si la tercera entrega pincha en taquilla, pero es que las dos primeras superaron con holgura los 2.000 millones en taquilla cada una. Quiz\u00e1 &#8216;Avatar 3&#8217; no llegue a tanto, pero ahora mismo apostar en su contra ser\u00eda un gran error.<\/p>\n<p>    <a href=\"https:\/\/www.espinof.com\/listas\/todas-peliculas-james-cameron-ordenadas-peor-a-mejor\" class=\"pivot-outboundlink\" data-vars-post-title=\"Todas las pel\u00edculas de James Cameron ordenadas de peor a mejor\" rel=\"nofollow noopener\" target=\"_blank\"><br \/>\n     <img loading=\"lazy\" decoding=\"async\" alt=\"Todas las pel\u00edculas de James Cameron ordenadas de peor a mejor\" width=\"375\" height=\"142\" src=\"https:\/\/www.europesays.com\/es\/wp-content\/uploads\/2025\/08\/1754225288_684_375_142.jpeg\"\/><br \/>\n    <\/a><\/p>\n<p>Como era de esperar, el grueso del reparto de &#8216;Avatar: El sentido del agua&#8217; regresa en esta tercera entrega, pero hay tambi\u00e9n una novedad que no conviene dejar de lado: <strong>Oona Chaplin <\/strong>(<a class=\"text-outboundlink\" href=\"https:\/\/www.espinof.com\/criticas\/juego-tronos-8x06-estupendo-final-que-serie-merecia\" data-vars-post-title=\"&#039;Juego de Tronos&#039; 8x06: el estupendo final que la serie merec\u00eda\" data-vars-post-url=\"https:\/\/www.espinof.com\/criticas\/juego-tronos-8x06-estupendo-final-que-serie-merecia\" rel=\"nofollow noopener\" target=\"_blank\">&#8216;Juego de Tronos&#8217;<\/a>) da vida a Varang, la l\u00edder de un clan navi que abraza la maldad y traer\u00e1 m\u00faltiples quebraderos de cabeza a los protagonistas de la funci\u00f3n. Ya iba siendo hora de mostrar el lado m\u00e1s oscuro de esta raza alien\u00edgena&#8230;<\/p>\n<p>Ahora ya solamente nos queda tener un poco m\u00e1s de paciencia y esperar hasta el <strong>19 de diciembre de 2025,<\/strong> fecha elegida para el estreno exclusivo en cines de &#8216;Avatar: Fuego y ceniza&#8217;.<\/p>\n<p>En Espinof | <a class=\"text-outboundlink\" href=\"https:\/\/www.espinof.com\/listas\/peliculas-esperadas-2025\" data-vars-post-title=\"Las 47 pel\u00edculas m\u00e1s esperadas de 2025 y los mejores estrenos del a\u00f1o: &#039;Avatar 3&#039;, el regreso de John Wick, &#039;Misi\u00f3n Imposible 8&#039;, &#039;Jurassic World 4&#039; y muchas m\u00e1s\" data-vars-post-url=\"https:\/\/www.espinof.com\/listas\/peliculas-esperadas-2025\" rel=\"nofollow noopener\" target=\"_blank\">Las 47 pel\u00edculas m\u00e1s esperadas de 2025 y los mejores estrenos del a\u00f1o: &#8216;Avatar 3&#8217;, el regreso de John Wick, &#8216;Misi\u00f3n Imposible 8&#8217;, &#8216;Jurassic World 4&#8217; y muchas m\u00e1s<\/a><\/p>\n<p>En Espinof | <a class=\"text-outboundlink\" href=\"https:\/\/www.espinof.com\/listas\/mejores-peliculas-disney-plus-2025\" data-vars-post-title=\"Las 10 mejores pel\u00edculas en Disney+ de 2025 (por ahora)\" data-vars-post-url=\"https:\/\/www.espinof.com\/listas\/mejores-peliculas-disney-plus-2025\" rel=\"nofollow noopener\" target=\"_blank\">Las mejores pel\u00edculas en Disney+ de 2025<\/a><\/p>\n","protected":false},"excerpt":{"rendered":"Ya apenas quedan unas semanas para que 2025 llegue a su final, pero todav\u00eda hay muchas pel\u00edculas y&hellip;\n","protected":false},"author":2,"featured_media":270472,"comment_status":"","ping_status":"","sticky":false,"template":"","format":"standard","meta":{"footnotes":""},"categories":[169],"tags":[177,146,147,25,24,176,175,23],"class_list":{"0":"post-270471","1":"post","2":"type-post","3":"status-publish","4":"format-standard","5":"has-post-thumbnail","7":"category-cine","8":"tag-cine","9":"tag-entertainment","10":"tag-entretenimiento","11":"tag-es","12":"tag-espana","13":"tag-film","14":"tag-movies","15":"tag-spain"},"share_on_mastodon":{"url":"https:\/\/pubeurope.com\/@es\/115660586383125979","error":""},"_links":{"self":[{"href":"https:\/\/www.europesays.com\/es\/wp-json\/wp\/v2\/posts\/270471","targetHints":{"allow":["GET"]}}],"collection":[{"href":"https:\/\/www.europesays.com\/es\/wp-json\/wp\/v2\/posts"}],"about":[{"href":"https:\/\/www.europesays.com\/es\/wp-json\/wp\/v2\/types\/post"}],"author":[{"embeddable":true,"href":"https:\/\/www.europesays.com\/es\/wp-json\/wp\/v2\/users\/2"}],"replies":[{"embeddable":true,"href":"https:\/\/www.europesays.com\/es\/wp-json\/wp\/v2\/comments?post=270471"}],"version-history":[{"count":0,"href":"https:\/\/www.europesays.com\/es\/wp-json\/wp\/v2\/posts\/270471\/revisions"}],"wp:featuredmedia":[{"embeddable":true,"href":"https:\/\/www.europesays.com\/es\/wp-json\/wp\/v2\/media\/270472"}],"wp:attachment":[{"href":"https:\/\/www.europesays.com\/es\/wp-json\/wp\/v2\/media?parent=270471"}],"wp:term":[{"taxonomy":"category","embeddable":true,"href":"https:\/\/www.europesays.com\/es\/wp-json\/wp\/v2\/categories?post=270471"},{"taxonomy":"post_tag","embeddable":true,"href":"https:\/\/www.europesays.com\/es\/wp-json\/wp\/v2\/tags?post=270471"}],"curies":[{"name":"wp","href":"https:\/\/api.w.org\/{rel}","templated":true}]}}