{"id":270473,"date":"2025-12-04T09:27:17","date_gmt":"2025-12-04T09:27:17","guid":{"rendered":"https:\/\/www.europesays.com\/es\/270473\/"},"modified":"2025-12-04T09:27:17","modified_gmt":"2025-12-04T09:27:17","slug":"la-ilusion-copera-llega-al-heliodoro-rodriguez-lopez-cd-tenerife","status":"publish","type":"post","link":"https:\/\/www.europesays.com\/es\/270473\/","title":{"rendered":"La ilusi\u00f3n copera llega al Heliodoro Rodr\u00edguez L\u00f3pez | CD Tenerife"},"content":{"rendered":"<p class=\"MsoNormal\">El CD Tenerife afronta este jueves, d\u00eda 4 de diciembre, una ilusionante cita en la segunda eliminatoria de la Copa del Rey MAPFRE, que le medir\u00e1 en el Estadio Heliodoro Rodr\u00edguez L\u00f3pez al Granada CF (21:00 horas). El conjunto blanquiazul, l\u00edder del Grupo 1 de Primera Federaci\u00f3n, busca ahora mantener su buena din\u00e1mica tambi\u00e9n el torneo copero para lograr el pase a los dieciseisavos de final.<\/p>\n<p class=\"MsoNormal\">En este sentido, \u00c1lvaro Cervera, entrenador del CD Tenerife, destac\u00f3, en la sala de prensa del Estadio Heliodoro Rodr\u00edguez L\u00f3pez, que \u00abnosotros queremos pasar\u00bb. Asimismo, para lograrlo, el preparador blanquiazul asegur\u00f3 que \u00abtomaremos las decisiones que creemos que son mejores para este encuentro\u00bb, que calific\u00f3 como \u00abdif\u00edcil y de mucho desgaste\u00bb.<\/p>\n<p class=\"MsoNormal\">La segunda eliminatoria de la Copa del Rey MAPFRE trae al Heliodoro Rodr\u00edguez L\u00f3pez al Granada CF, equipo que milita actualmente en LALIGA HYPERMOTION, en la que ocupa la decimocuarta posici\u00f3n. Los de Jos\u00e9 Rojo, Pacheta, llegan a esta fase de la competici\u00f3n tras haber superado en la primera ronda, a domicilio, al CD Roda (1-5).<\/p>\n<p class=\"MsoNormal\">La visita del conjunto nazar\u00ed al Estadio Heliodoro Rodr\u00edguez L\u00f3pez ser\u00e1 la segunda ocasi\u00f3n en la que tinerfe\u00f1istas y andaluces se midan en la Isla en competici\u00f3n copera. En el \u00fanico precedente, el CD Tenerife lograr\u00eda una solvente victoria por 4-2, que no fue suficiente para pasar de ronda, tras el resultado adverso del encuentro de ida (4-0).<\/p>\n<p class=\"MsoNormal\">La primera noche copera de la temporada en el recinto blanquiazul ser\u00e1 arbitrada por Manuel \u00c1ngel P\u00e9rez. El \u00e1rbitro, del comit\u00e9 madrile\u00f1o, dirigir\u00e1 por tercera ocasi\u00f3n al CD Tenerife, siendo las dos anteriores la pasada temporada en\u00a0LALIGA HYPERMOTION. En esos encuentros, el conjunto blanquiazul no sum\u00f3 ante el Burgos CF (1-0) ni el CD Mirand\u00e9s (2-0).<\/p>\n<p class=\"MsoNormal\">En conmemoriaci\u00f3n del d\u00eda 3 de diciembre, D\u00eda Internacional de las Personas con Discapacidad, el once inicial del CD Tenerife saltar\u00e1 al c\u00e9sped del Heliodoro Rodr\u00edguez L\u00f3pez con las camisetas de juego que emplean los conjuntos EDI y PC de la Fundaci\u00f3n en sus competiciones oficiales, con el logo del Proyecto DISAF\u00cdO.<\/p>\n<p class=\"MsoNormal\">A su vez, en la previa del partido, Cristo Quintero, integrante del \u00c1rea de Deporte Inclusivo y Discapacidad de la Fundaci\u00f3n, ser\u00e1 el protagonista invitado para la interpretaci\u00f3n del\u00a0Riqui-Raca; acompa\u00f1ado por otros dos miembros de los equipos EDI y PC, Mar\u00eda Arroyo y Tanaus\u00fa Aguilar, guiar\u00e1 a la afici\u00f3n en la entonaci\u00f3n del popular c\u00e1ntico de \u00e1nimo.<\/p>\n<p class=\"MsoNormal\">#TenerifeGranada #CopaDelReyMAPFRE #DISAF\u00cdO #LaBregaNosUne<\/p>\n","protected":false},"excerpt":{"rendered":"El CD Tenerife afronta este jueves, d\u00eda 4 de diciembre, una ilusionante cita en la segunda eliminatoria de&hellip;\n","protected":false},"author":2,"featured_media":270474,"comment_status":"","ping_status":"","sticky":false,"template":"","format":"standard","meta":{"footnotes":""},"categories":[93],"tags":[168,25,24,23,167],"class_list":{"0":"post-270473","1":"post","2":"type-post","3":"status-publish","4":"format-standard","5":"has-post-thumbnail","7":"category-deportes","8":"tag-deportes","9":"tag-es","10":"tag-espana","11":"tag-spain","12":"tag-sports"},"share_on_mastodon":{"url":"https:\/\/pubeurope.com\/@es\/115660589855484150","error":""},"_links":{"self":[{"href":"https:\/\/www.europesays.com\/es\/wp-json\/wp\/v2\/posts\/270473","targetHints":{"allow":["GET"]}}],"collection":[{"href":"https:\/\/www.europesays.com\/es\/wp-json\/wp\/v2\/posts"}],"about":[{"href":"https:\/\/www.europesays.com\/es\/wp-json\/wp\/v2\/types\/post"}],"author":[{"embeddable":true,"href":"https:\/\/www.europesays.com\/es\/wp-json\/wp\/v2\/users\/2"}],"replies":[{"embeddable":true,"href":"https:\/\/www.europesays.com\/es\/wp-json\/wp\/v2\/comments?post=270473"}],"version-history":[{"count":0,"href":"https:\/\/www.europesays.com\/es\/wp-json\/wp\/v2\/posts\/270473\/revisions"}],"wp:featuredmedia":[{"embeddable":true,"href":"https:\/\/www.europesays.com\/es\/wp-json\/wp\/v2\/media\/270474"}],"wp:attachment":[{"href":"https:\/\/www.europesays.com\/es\/wp-json\/wp\/v2\/media?parent=270473"}],"wp:term":[{"taxonomy":"category","embeddable":true,"href":"https:\/\/www.europesays.com\/es\/wp-json\/wp\/v2\/categories?post=270473"},{"taxonomy":"post_tag","embeddable":true,"href":"https:\/\/www.europesays.com\/es\/wp-json\/wp\/v2\/tags?post=270473"}],"curies":[{"name":"wp","href":"https:\/\/api.w.org\/{rel}","templated":true}]}}