{"id":270496,"date":"2025-12-04T09:45:13","date_gmt":"2025-12-04T09:45:13","guid":{"rendered":"https:\/\/www.europesays.com\/es\/270496\/"},"modified":"2025-12-04T09:45:13","modified_gmt":"2025-12-04T09:45:13","slug":"jimena-la-mujer-de-sabina-que-es-20-anos-mas-joven-y-crecio-en-un-ambiente-culto-de-lima","status":"publish","type":"post","link":"https:\/\/www.europesays.com\/es\/270496\/","title":{"rendered":"Jimena, la mujer de Sabina que es 20 a\u00f1os m\u00e1s joven y creci\u00f3 en un ambiente culto de Lima"},"content":{"rendered":"<p><strong><a href=\"https:\/\/theobjective.com\/etiqueta\/joaquin-sabina\/\" rel=\"nofollow noopener\" target=\"_blank\">Joaqu\u00edn Sabina<\/a><\/strong> ya ha dicho \u2018adi\u00f3s\u2019 a los escenarios. El ic\u00f3nico cantante dio su \u00faltimo concierto en Madrid el pasado fin de semana despu\u00e9s de una intensa gira que le ha llevado por todos los lugares del mundo. A pesar de sus m\u00e1s de cinco d\u00e9cadas sobre el escenario, el de Ja\u00e9n sigue enamorando y congregando a sus oyentes como el primer d\u00eda. Adem\u00e1s, el cantautor no est\u00e1 solo; junto a \u00e9l se congregan muchos rostros famosos, como los de la presentadora <strong>M\u00f3nica Carrillo o del periodista I\u00f1aki L\u00f3pez<\/strong>, quienes nunca se pierden sus pasos. Aunque eso s\u00ed, su compa\u00f1\u00eda m\u00e1s especial es la de <strong>Jimena Coronado<\/strong>, su segunda mujer, su confidente y la persona que nunca le ha abandonado y le acompa\u00f1ar\u00e1 tambi\u00e9n en esta nueva etapa lejos de su actividad profesional.<\/p>\n<p>Jimena naci\u00f3 en\u00a0<strong>Lima<\/strong>, en una familia de clase alta con una fuerte tradici\u00f3n institucional. Su padre,\u00a0<strong>Javier Coronado<\/strong>, ten\u00eda un cargo de relevancia en la <strong>Polic\u00eda Nacional<\/strong>, y su madre proven\u00eda de un entorno culto y muy orientado a la educaci\u00f3n. Desde peque\u00f1a creci\u00f3 entre libros, m\u00fasica latinoamericana y un ambiente donde se valoraba mucho la discreci\u00f3n y la educaci\u00f3n. Las personas que la conocen definen a Jimena como \u00ab<strong>lectora voraz<\/strong>\u00bb, sobre todo de poes\u00eda y novela hispanoamericana. Tambi\u00e9n, es muy sensible a la m\u00fasica como el bolero, trova, rock latino y cantautores. En todo momento, ha mostrado su car\u00e1cter reservado, algo t\u00edmido, firme e inteligente.<\/p>\n<p>Jimena Coronado naci\u00f3 en Per\u00fa en un ambiente selecto <\/p>\n<p><img fetchpriority=\"high\" decoding=\"async\" width=\"466\" height=\"700\" src=\"https:\/\/www.europesays.com\/es\/wp-content\/uploads\/2025\/12\/sabina-jimena.jpg\" alt=\"\" class=\"wp-image-3764247\"  \/>Joaqu\u00edn Sabina junto a Jimena Coronado. | Gtres<\/p>\n<p>Como dec\u00edamos, la mujer vino al mundo en <strong>Per\u00fa <\/strong>a finales de los a\u00f1os 60, en el seno de una familia profundamente ligada a la vida institucional. Hija de Javier Coronado, destacado miembro de la Polic\u00eda Nacional del Per\u00fa, creci\u00f3 en un entorno culto, disciplinado y cosmopolita, donde los libros, la m\u00fasica latinoamericana y las buenas conversaciones formaban parte habitual de la vida cotidiana. Desde muy joven desarroll\u00f3 <strong>un car\u00e1cter observador, sereno y discreto<\/strong>, rasgos que la han acompa\u00f1ado siempre y que marcaron tambi\u00e9n su posterior v\u00ednculo con la figura arrolladora de Joaqu\u00edn Sabina.<\/p>\n<p>Desde la adolescencia, Jimena mostr\u00f3<strong> una sensibilidad especial por la imagen y el detalle<\/strong>. La fotograf\u00eda se convirti\u00f3 en su lenguaje favorito, un espacio donde pod\u00eda aislar emociones, miradas y ambientes con la naturalidad de quien no busca protagonismo, sino verdad. En los a\u00f1os 90 <strong>trabaj\u00f3 para distintos medios en Lima<\/strong>, cubriendo eventos culturales y pol\u00edticos, y gan\u00e1ndose una reputaci\u00f3n como fot\u00f3grafa meticulosa, amable y muy profesional.<\/p>\n<p>C\u00f3mo conoci\u00f3 a Joaqu\u00edn Sabina <\/p>\n<p>Su destino cambi\u00f3 en 1996, cuando Sabina viaj\u00f3 a Per\u00fa durante una <strong>gira<\/strong>. Jimena formaba parte del equipo de prensa que deb\u00eda fotografiarlo para una entrevista. Aquel encuentro, aparentemente rutinario, fue <strong>decisivo <\/strong>para ambos. Sabina qued\u00f3 cautivado por la calma y la elegancia natural de aquella joven fot\u00f3grafa que no parec\u00eda impresionada por su fama; Jimena, por su parte, encontr\u00f3 en el cantautor un humor irresistible y una sensibilidad literaria que la atrap\u00f3 al instante. Lo que empez\u00f3 como una conversaci\u00f3n t\u00edmida se convirti\u00f3 pronto en una relaci\u00f3n intensa y profunda, y Jimena se traslad\u00f3 a Madrid para iniciar una vida junto a \u00e9l.<\/p>\n<p><img loading=\"lazy\" decoding=\"async\" width=\"1024\" height=\"869\" src=\"https:\/\/www.europesays.com\/es\/wp-content\/uploads\/2025\/12\/jimena-coronado-peru-1024x869.jpg\" alt=\"\" class=\"wp-image-3870050\"  \/>Jimena Coronado junto a Joaqu\u00edn Sabina. | Gtres<\/p>\n<p>A partir de entonces, su presencia se volvi\u00f3 fundamental en el <strong>universo \u00edntimo del cantante<\/strong>. Jimena ha sido, durante a\u00f1os, el ancla que sostuvo a Sabina en los momentos m\u00e1s duros, especialmente tras el <strong>ictus <\/strong>que sufri\u00f3 en 2001. Ella coordin\u00f3 tratamientos, control\u00f3 visitas, protegi\u00f3 su descanso y se convirti\u00f3 en su apoyo diario cuando el artista atravesaba dificultades f\u00edsicas y emocionales. Amigos cercanos coinciden en que Jimena aport\u00f3 orden, calma y estabilidad a una vida marcada por la creatividad desbordante y los excesos de juventud de Sabina.<\/p>\n<p>Su relaci\u00f3n, construida lejos del ruido medi\u00e1tico, se caracteriza por una complicidad evidente, por un humor compartido y por un cari\u00f1o maduro que se ha ido fortaleciendo con el tiempo. Jimena nunca ha buscado los focos; <strong>prefiere mantenerse detr\u00e1s de la c\u00e1mara, en la sombra, acompa\u00f1ando sin imponerse, sosteniendo sin exhibirse<\/strong>. Pero su influencia en el d\u00eda a d\u00eda de Sabina es indiscutible; organiza su ritmo de vida, cuida su entorno, gestiona compromisos y act\u00faa como un filtro amable frente a las exigencias del mundo exterior. Y ahora, tambi\u00e9n, su <strong>jubilaci\u00f3n<\/strong>. <\/p>\n<p>Una boda \u00edntima en el ayuntamiento de Madrid <\/p>\n<p>Tras m\u00e1s de dos d\u00e9cadas juntos, Sabina y Jimena decidieron formalizar su historia de amor con <strong>una boda \u00edntima celebrada el 29 de junio de 2020 en el Ayuntamiento de Madrid<\/strong>. Fue un acto breve, discreto y simb\u00f3lico, con solo dos testigos y sin la presencia de prensa. Sabina luci\u00f3 chistera \u2014un gui\u00f1o a su propia leyenda\u2014 y ambos celebraron despu\u00e9s con un almuerzo sencillo, como corresponde a una pareja que nunca ha necesitado grandes rituales para reafirmar lo que ya viv\u00edan a diario. A pesar de su car\u00e1cter reservado, Sabina ha hablado, en varias ocasiones, sobre su pareja, a quien ha definido como \u00abmi casa, mi calma y mi centro\u00bb.<\/p>\n<blockquote class=\"instagram-media\" data-instgrm-permalink=\"https:\/\/www.instagram.com\/p\/DRslqlIDfDY\/?utm_source=ig_embed&amp;utm_campaign=loading\" data-instgrm-version=\"14\" style=\" background:#FFF; border:0; border-radius:3px; box-shadow:0 0 1px 0 rgba(0,0,0,0.5),0 1px 10px 0 rgba(0,0,0,0.15); margin: 1px; max-width:540px; min-width:326px; padding:0; width:99.375%; width:-webkit-calc(100% - 2px); width:calc(100% - 2px);\"\/>\n<p>La historia de Joaqu\u00edn Sabina y Jimena Coronado se ha consolidado como una de las relaciones m\u00e1s s\u00f3lidas y discretas del panorama cultural espa\u00f1ol. Desde que se conocieron en 1996, su v\u00ednculo ha evolucionado hacia un equilibrio casi perfecto entre cari\u00f1o, humor, admiraci\u00f3n mutua y una convivencia tranquila que contrasta con la vida fren\u00e9tica que durante a\u00f1os acompa\u00f1\u00f3 al cantautor. Para Sabina, Jimena representa un punto de apoyo emocional imprescindible. Ella lleg\u00f3 a su vida en un momento de enorme exposici\u00f3n p\u00fablica y de cierta inestabilidad personal, y lo hizo <strong>sin pretensiones, sin ruido y con una serenidad que \u00e9l mismo ha descrito como \u00abun salvavidas<\/strong>\u00bb. Desde entonces, Jimena ha sido su acompa\u00f1ante silenciosa, su organizadora cotidiana, la persona que crea un espacio de calma en torno a \u00e9l, alej\u00e1ndole de excesos y presiones innecesarias.<\/p>\n<p>La relaci\u00f3n se caracteriza por una\u00a0<strong>complicidad cotidiana<\/strong> con bromas privadas \u2014que luego se hacen p\u00fablicas\u2014 que solo ellos entienden, largas conversaciones tranquilas, silencios compartidos y una forma de cuidarse mutuamente sin estridencias. Jimena conoce cada detalle del car\u00e1cter de Sabina \u2014sus ritmos, sus man\u00edas, su fragilidad f\u00edsica, su iron\u00eda corrosiva\u2014 y \u00e9l encuentra en ella una mezcla de dulzura y firmeza que le equilibra.<\/p>\n<p>Como dec\u00edamos, tras el ictus que sufri\u00f3 en 2001, el papel de Jimena fue decisivo. Se encarg\u00f3 de su recuperaci\u00f3n con una dedicaci\u00f3n absoluta, gestionando m\u00e9dicos, agendas y visitas, y acompa\u00f1\u00e1ndolo incluso en los momentos en los que \u00e9l se sent\u00eda m\u00e1s vulnerable. Ese periodo fortaleci\u00f3 a\u00fan m\u00e1s el v\u00ednculo, convirtiendo su relaci\u00f3n en un apoyo emocional y pr\u00e1ctico imprescindible. En el d\u00eda a d\u00eda, llevan una vida\u00a0<strong>tranquila, familiar y organizada<\/strong>, alejada del frenes\u00ed. Jimena mantiene un perfil bajo y evita cualquier foco medi\u00e1tico, algo que Sabina valora profundamente. \u00c9l, por su parte, la coloca en un lugar central de su vida: conf\u00eda en ella, la escucha y se deja cuidar, mostrando una faceta m\u00e1s suave y reposada que contrasta con su imagen p\u00fablica irreverente y bohemia.<\/p>\n<p>                                                    <script async src=\"\/\/www.instagram.com\/embed.js\"><\/script><\/p>\n","protected":false},"excerpt":{"rendered":"Joaqu\u00edn Sabina ya ha dicho \u2018adi\u00f3s\u2019 a los escenarios. El ic\u00f3nico cantante dio su \u00faltimo concierto en Madrid&hellip;\n","protected":false},"author":2,"featured_media":270497,"comment_status":"","ping_status":"","sticky":false,"template":"","format":"standard","meta":{"footnotes":""},"categories":[174],"tags":[255,146,147,25,24,256,66473,23177,4412,23],"class_list":{"0":"post-270496","1":"post","2":"type-post","3":"status-publish","4":"format-standard","5":"has-post-thumbnail","7":"category-famosos","8":"tag-celebrities","9":"tag-entertainment","10":"tag-entretenimiento","11":"tag-es","12":"tag-espana","13":"tag-famosos","14":"tag-joaquu00edn-sabina","15":"tag-peru00fa","16":"tag-relaciones-de-pareja","17":"tag-spain"},"share_on_mastodon":{"url":"https:\/\/pubeurope.com\/@es\/115660660865932135","error":""},"_links":{"self":[{"href":"https:\/\/www.europesays.com\/es\/wp-json\/wp\/v2\/posts\/270496","targetHints":{"allow":["GET"]}}],"collection":[{"href":"https:\/\/www.europesays.com\/es\/wp-json\/wp\/v2\/posts"}],"about":[{"href":"https:\/\/www.europesays.com\/es\/wp-json\/wp\/v2\/types\/post"}],"author":[{"embeddable":true,"href":"https:\/\/www.europesays.com\/es\/wp-json\/wp\/v2\/users\/2"}],"replies":[{"embeddable":true,"href":"https:\/\/www.europesays.com\/es\/wp-json\/wp\/v2\/comments?post=270496"}],"version-history":[{"count":0,"href":"https:\/\/www.europesays.com\/es\/wp-json\/wp\/v2\/posts\/270496\/revisions"}],"wp:featuredmedia":[{"embeddable":true,"href":"https:\/\/www.europesays.com\/es\/wp-json\/wp\/v2\/media\/270497"}],"wp:attachment":[{"href":"https:\/\/www.europesays.com\/es\/wp-json\/wp\/v2\/media?parent=270496"}],"wp:term":[{"taxonomy":"category","embeddable":true,"href":"https:\/\/www.europesays.com\/es\/wp-json\/wp\/v2\/categories?post=270496"},{"taxonomy":"post_tag","embeddable":true,"href":"https:\/\/www.europesays.com\/es\/wp-json\/wp\/v2\/tags?post=270496"}],"curies":[{"name":"wp","href":"https:\/\/api.w.org\/{rel}","templated":true}]}}