{"id":270507,"date":"2025-12-04T09:52:09","date_gmt":"2025-12-04T09:52:09","guid":{"rendered":"https:\/\/www.europesays.com\/es\/270507\/"},"modified":"2025-12-04T09:52:09","modified_gmt":"2025-12-04T09:52:09","slug":"un-medico-revela-las-claves-para-detectar-rapidamente-un-ictus-los-primeros-minutos-son-vitales-sociedad","status":"publish","type":"post","link":"https:\/\/www.europesays.com\/es\/270507\/","title":{"rendered":"Un m\u00e9dico revela las claves para detectar r\u00e1pidamente un ictus: los primeros minutos son vitales | Sociedad"},"content":{"rendered":"<p class=\"loc\">Madrid<\/p>\n<p>Hace ya varios d\u00edas, concretamente el pasado martes, el director de la Semana Internacional de Cine de Valladolid (Seminci), Jos\u00e9 Luis Cienfuegos, <a href=\"https:\/\/cadenaser.com\/nacional\/2025\/12\/02\/muere-el-director-de-la-seminci-de-valladolid-jose-luis-cienfuegos-a-los-60-anos-cadena-ser\/\" target=\"_blank\" rel=\"noreferrer nofollow noopener\" title=\"https:\/\/cadenaser.com\/nacional\/2025\/12\/02\/muere-el-director-de-la-seminci-de-valladolid-jose-luis-cienfuegos-a-los-60-anos-cadena-ser\/\">fallec\u00eda a los 60 a\u00f1os de edad como consecuencia de un ictus<\/a>. Una noticia que conmocionaba al mundo del cine, quien no se terminaba de creer la muerte repentina de una persona que hab\u00eda sido clave para impulsar algunos de los grandes festivales espa\u00f1oles de cine. Desde entonces se ha hablado mucho acerca del ictus y sobre c\u00f3mo hacer frente a la que sin duda alguna es una de las dolencias m\u00e1s temidas. De ah\u00ed que hayamos convocado una semana m\u00e1s al<a href=\"https:\/\/cadenaser.com\/nacional\/2025\/10\/23\/un-medico-explica-por-que-nos-recetan-una-pastilla-cada-ocho-horas-y-que-hay-que-hacer-si-se-nos-olvida-tomar-una-cadena-ser\/\" target=\"_blank\" rel=\"noreferrer nofollow noopener\" title=\"https:\/\/cadenaser.com\/nacional\/2025\/10\/23\/un-medico-explica-por-que-nos-recetan-una-pastilla-cada-ocho-horas-y-que-hay-que-hacer-si-se-nos-olvida-tomar-una-cadena-ser\/\"> doctor Fernando Fern\u00e1ndez Bueno<\/a> en El Faro de la Cadena SER para que nos desvele las claves de esta enfermedad y c\u00f3mo actuar si nos enfrentamos a la misma. <\/p>\n<p>M\u00e1s informaci\u00f3n<\/p>\n<p>En declaraciones a la Cadena SER, el doctor Bueno nos ha recomendado que nos fijemos especialmente en la cara de la persona para saber si realmente puede tener un ictus o no: \u00abDebemos fijarnos, sobre todo, en la asimetr\u00eda facial. Lo que la gente dice es que se le torc\u00eda la boca, que no puede mover un brazo o una pierna y que sufre alteraciones en el habla\u00bb. Por lo tanto, es de vital importancia detectar estos posibles fallos para ponerlo en conocimiento de los m\u00e9dicos para que puedan iniciar el protocolo habitual en estos casos. <\/p>\n<p>Los primeros minutos son vitales<\/p>\n<p>Si presenta cualquiera de estos signos, es de vital importancia que llamemos cuanto antes al 112 para que los especialistas puedan activar el c\u00f3digo ictus: \u00abTenemos un periodo de entre tres y cuatro horas para ponerles el tratamiento. Cuanto antes se le ponga mejor, por lo que es muy importante que sepamos apreciar estos s\u00edntomas y estos signos que manifiesta el paciente\u00bb. <\/p>\n<p><img decoding=\"async\" src=\"https:\/\/www.europesays.com\/es\/wp-content\/uploads\/2025\/12\/https:\/\/sdmedia.playser.cadenaser.com\/playser\/image\/202510\/10\/1760091993_asset_still.png\" alt=\"Momento\" width=\"655\"   loading=\"lazy\"\/><\/p>\n<p>El c\u00f3digo iframe se ha copiado en el portapapeles<\/p>\n<p>FacebookTwitterLinkedinWhatsAppCerrar<\/p>\n<p>Tras escuchar sus consejos, Mara Torres ha recordado que nadie est\u00e1 a salvo de esta enfermedad: \u00abEl ictus te da de repente. Puede ser que te d\u00e9 a ti sin que t\u00fa hayas tenido nunca ninguna patolog\u00eda, lleves un estilo de vida sano y no tengas a ning\u00fan familiar a tu alrededor que haya padecido un ictus\u00bb. Entonces, el doctor Bueno ha reconocido que tiene raz\u00f3n, pero que hay gente que es m\u00e1s propensa a sufrir esta dolencia por su estilo de vida: \u00abSi vamos sumando factores de riesgo como el tabaquismo, hipertensi\u00f3n, hipercolesterolemia, pues vamos sumando esos fen\u00f3menos de accidentes cerebrovasculares, pero le puede ocurrir a cualquier persona\u00bb. <\/p>\n<p>Qu\u00e9 hacer si est\u00e1s solo en casa<\/p>\n<p>\u00bfY c\u00f3mo se puede detectar un caso de ictus cuando est\u00e1s solo en casa? Por norma general, quienes padecen esta enfermedad tienen problemas para comunicarse, pero, si no est\u00e1n hablando con alguien, es m\u00e1s dif\u00edcil darse cuenta de que est\u00e1n sufriendo de este problema. Pero el doctor Bueno se\u00f1ala que hay algunas claves que nos pueden demostrar que algo no va bien: \u00abTe puedes dar cuenta si comienzas a sufrir alteraciones en los movimientos de brazos o piernas. Pero es complicado, porque date cuenta de que est\u00e1 afectando a \u00e1reas cerebrales y en algunos de esos momentos el cerebro no es capaz de procesar lo que le est\u00e1 ocurriendo a uno mismo\u00bb. <\/p>\n<p>Por todo ello, recomienda que vayamos a mirarnos al espejo para ver si se ha producido la asimetr\u00eda facial o que incluso intentemos articular cualquier palabra o llamar a alguien por tel\u00e9fono: \u00abLo ideal ser\u00eda avisar a alguien o, si puedes hacerlo, llamar al 112 y comunicarlo. Puede que esa asimetr\u00eda facial sea solo una par\u00e1lisis facial, pero ante la duda, lo mejor es llamar al 112\u00bb. <\/p>\n","protected":false},"excerpt":{"rendered":"Madrid Hace ya varios d\u00edas, concretamente el pasado martes, el director de la Semana Internacional de Cine de&hellip;\n","protected":false},"author":2,"featured_media":270508,"comment_status":"","ping_status":"","sticky":false,"template":"","format":"standard","meta":{"footnotes":""},"categories":[92],"tags":[25,24,165,166,23],"class_list":{"0":"post-270507","1":"post","2":"type-post","3":"status-publish","4":"format-standard","5":"has-post-thumbnail","7":"category-salud","8":"tag-es","9":"tag-espana","10":"tag-health","11":"tag-salud","12":"tag-spain"},"share_on_mastodon":{"url":"https:\/\/pubeurope.com\/@es\/115660688584718706","error":""},"_links":{"self":[{"href":"https:\/\/www.europesays.com\/es\/wp-json\/wp\/v2\/posts\/270507","targetHints":{"allow":["GET"]}}],"collection":[{"href":"https:\/\/www.europesays.com\/es\/wp-json\/wp\/v2\/posts"}],"about":[{"href":"https:\/\/www.europesays.com\/es\/wp-json\/wp\/v2\/types\/post"}],"author":[{"embeddable":true,"href":"https:\/\/www.europesays.com\/es\/wp-json\/wp\/v2\/users\/2"}],"replies":[{"embeddable":true,"href":"https:\/\/www.europesays.com\/es\/wp-json\/wp\/v2\/comments?post=270507"}],"version-history":[{"count":0,"href":"https:\/\/www.europesays.com\/es\/wp-json\/wp\/v2\/posts\/270507\/revisions"}],"wp:featuredmedia":[{"embeddable":true,"href":"https:\/\/www.europesays.com\/es\/wp-json\/wp\/v2\/media\/270508"}],"wp:attachment":[{"href":"https:\/\/www.europesays.com\/es\/wp-json\/wp\/v2\/media?parent=270507"}],"wp:term":[{"taxonomy":"category","embeddable":true,"href":"https:\/\/www.europesays.com\/es\/wp-json\/wp\/v2\/categories?post=270507"},{"taxonomy":"post_tag","embeddable":true,"href":"https:\/\/www.europesays.com\/es\/wp-json\/wp\/v2\/tags?post=270507"}],"curies":[{"name":"wp","href":"https:\/\/api.w.org\/{rel}","templated":true}]}}