{"id":270509,"date":"2025-12-04T09:53:09","date_gmt":"2025-12-04T09:53:09","guid":{"rendered":"https:\/\/www.europesays.com\/es\/270509\/"},"modified":"2025-12-04T09:53:09","modified_gmt":"2025-12-04T09:53:09","slug":"audiencias-03-de-diciembre-de-2025-barlovento-comunicacion","status":"publish","type":"post","link":"https:\/\/www.europesays.com\/es\/270509\/","title":{"rendered":"Audiencias 03 de diciembre de 2025 &#8211; Barlovento Comunicaci\u00f3n"},"content":{"rendered":"<ol>\n<li><a href=\"https:\/\/news.google.com\/rss\/articles\/CBMikgFBVV95cUxPcjk5RkZ1WTZib29JdE1jZDJwVUZrb1VVSzBpM1BtYWJ2TlBLN0pwUDJhU19TQzV2ZXo1aHp5WHZtNjZQbUhhR2kyakxOZktzLUlFSzhob2kzcDJhbk5XdzEzdVdhNUc1dVptZkhmcGFmcDRfZjZRTzJYQ0N2ZW5lUW9PZUhIa2U2OEJpZjJtdHFIdw?oc=5\" target=\"_blank\" rel=\"nofollow noopener\">Audiencias 03 de diciembre de 2025<\/a>&nbsp;&nbsp;Barlovento Comunicaci\u00f3n<\/li>\n<li><a href=\"https:\/\/news.google.com\/rss\/articles\/CBMikgFBVV95cUxOdlRNYUtTcjgwd2h2ZzFNamF2U2FqYWJpcW1DOTJXbEJ6RGw0VmEzOGR1S2oxWnNGVmp4YlNqWjdMUC15R19UUWRhbXFMUmlUYlNWVTB0eXJ3YmN6N3FhaENXaHNmN1NZX0kyWXkxR1JxUDZ2VWdkdnJGRnVwLVU1STB5eGRMTC1wRzNRM3dIMzFqdw?oc=5\" target=\"_blank\" rel=\"nofollow noopener\">Audiencias 01 de diciembre de 2025<\/a>&nbsp;&nbsp;Barlovento Comunicaci\u00f3n<\/li>\n<li><a href=\"https:\/\/news.google.com\/rss\/articles\/CBMiywFBVV95cUxPM0NhWUM5OUZ1TUVPeEJrVHNWblB1T19TYXYxbjVQUVUyalRUR1pkb0RTLVBaTmpfYWU4Vy1sYlZkRGhXdmh3QnpRS0ZEYXR5bUdIUndYY19OV0YxOFVsdXFHOFJhWlIxdkZSZE1lTWdhMzF1WWEzcnV5bEt5aGNBQjR4blJ0ZzNaaFRaYU42a01tQUlDNDZmaDBRc1JidDN0YTNPc2VTTUZPNU01UUx4alZFS2F3ZXF2Qjk0NkJjdmtFNUxRRHBxTXZPOA?oc=5\" target=\"_blank\" rel=\"nofollow noopener\">ANTENA 3 NOTICIAS2 lider\u00f3 el lunes con 2,7 millones de espectadores y 21,2% seguido de Pasapalabra<\/a>&nbsp;&nbsp;El Programa de la Publicidad<\/li>\n<li><a href=\"https:\/\/news.google.com\/rss\/articles\/CBMiZ0FVX3lxTE50TWxZUjRYeFhyWE93TWpRNXZTQ1dRQll0WThRTmUzQU9rb0ZZUkV5Y0hXTFdhSGNhLVBNUjNEQ09SODZQRjYyZ1NPd2x4OEFVZnRRZlgza0ZUR284WjdNUnBob2JpSmc?oc=5\" target=\"_blank\" rel=\"nofollow noopener\">Audiencias de TV por franjas Mi\u00e9rcoles 3 de Diciembre de 2025<\/a>&nbsp;&nbsp;FormulaTV<\/li>\n<li><a href=\"https:\/\/news.google.com\/rss\/articles\/CBMikgFBVV95cUxNSjE0SlkyemdhV1lxWTM3ZG9zdVNtUDBNY19zNVNobHZkSjNUZjVWMU5KN2tWYUs1Y0RReHJkRmZLRnFpOVotM3lnODNWM3F1RjNXOUFLOXNTcmkxR1FJVFJfaGZTQ1liUWZoT2xrRFEzWThWNHUxVVNLSl91ZkFzbUVIOHF6VldpSmdQb1o4V1hqZw?oc=5\" target=\"_blank\" rel=\"nofollow noopener\">Audiencias 27 de noviembre de 2025<\/a>&nbsp;&nbsp;Barlovento Comunicaci\u00f3n<\/li>\n<\/ol>\n","protected":false},"excerpt":{"rendered":"Audiencias 03 de diciembre de 2025&nbsp;&nbsp;Barlovento Comunicaci\u00f3n Audiencias 01 de diciembre de 2025&nbsp;&nbsp;Barlovento Comunicaci\u00f3n ANTENA 3 NOTICIAS2 lider\u00f3&hellip;\n","protected":false},"author":2,"featured_media":113342,"comment_status":"","ping_status":"","sticky":false,"template":"","format":"standard","meta":{"footnotes":""},"categories":[91],"tags":[146,147,25,24,23],"class_list":{"0":"post-270509","1":"post","2":"type-post","3":"status-publish","4":"format-standard","5":"has-post-thumbnail","7":"category-entretenimiento","8":"tag-entertainment","9":"tag-entretenimiento","10":"tag-es","11":"tag-espana","12":"tag-spain"},"share_on_mastodon":{"url":"https:\/\/pubeurope.com\/@es\/115660692180274567","error":""},"_links":{"self":[{"href":"https:\/\/www.europesays.com\/es\/wp-json\/wp\/v2\/posts\/270509","targetHints":{"allow":["GET"]}}],"collection":[{"href":"https:\/\/www.europesays.com\/es\/wp-json\/wp\/v2\/posts"}],"about":[{"href":"https:\/\/www.europesays.com\/es\/wp-json\/wp\/v2\/types\/post"}],"author":[{"embeddable":true,"href":"https:\/\/www.europesays.com\/es\/wp-json\/wp\/v2\/users\/2"}],"replies":[{"embeddable":true,"href":"https:\/\/www.europesays.com\/es\/wp-json\/wp\/v2\/comments?post=270509"}],"version-history":[{"count":0,"href":"https:\/\/www.europesays.com\/es\/wp-json\/wp\/v2\/posts\/270509\/revisions"}],"wp:featuredmedia":[{"embeddable":true,"href":"https:\/\/www.europesays.com\/es\/wp-json\/wp\/v2\/media\/113342"}],"wp:attachment":[{"href":"https:\/\/www.europesays.com\/es\/wp-json\/wp\/v2\/media?parent=270509"}],"wp:term":[{"taxonomy":"category","embeddable":true,"href":"https:\/\/www.europesays.com\/es\/wp-json\/wp\/v2\/categories?post=270509"},{"taxonomy":"post_tag","embeddable":true,"href":"https:\/\/www.europesays.com\/es\/wp-json\/wp\/v2\/tags?post=270509"}],"curies":[{"name":"wp","href":"https:\/\/api.w.org\/{rel}","templated":true}]}}