{"id":270516,"date":"2025-12-04T09:57:09","date_gmt":"2025-12-04T09:57:09","guid":{"rendered":"https:\/\/www.europesays.com\/es\/270516\/"},"modified":"2025-12-04T09:57:09","modified_gmt":"2025-12-04T09:57:09","slug":"jorge-rey-alerta-del-tiempo-que-hara-en-espana-durante-el-puente-de-diciembre-segun-las-cabanuelas-habra-lluvias-en","status":"publish","type":"post","link":"https:\/\/www.europesays.com\/es\/270516\/","title":{"rendered":"Jorge Rey alerta del tiempo que har\u00e1 en Espa\u00f1a durante el puente de diciembre seg\u00fan las Caba\u00f1uelas: \u00abHabr\u00e1 lluvias en&#8230;\u00bb"},"content":{"rendered":"<p style=\"\">El <strong>puente de diciembre<\/strong> se ha convertido en la ocasi\u00f3n perfecta para muchos espa\u00f1oles, que aprovechar\u00e1n estos festivos nacionales para descansar un poco de la rutina. Como cada a\u00f1o, <a href=\"https:\/\/www.abc.es\/recreo\/roberto-brasero-alerta-zonas-espana-fuertes-lluvias-20251202122424-nt.html\" title=\"www.abc.es\" data-voc-vtm-id=\"in-text-traffic\" data-mrf-link=\"www.abc.es\" rel=\"nofollow noopener\" target=\"_blank\">esta \u00e9poca coincide<\/a> con el inicio del <strong>invierno meteorol\u00f3gico<\/strong>, lo que en los  &#8230; \u00faltimos a\u00f1os ha afectado por completo al ambiente de los d\u00edas de <strong>la Constituci\u00f3n<\/strong> (6 de diciembre) y <strong>la Inmaculada<\/strong> (8 de diciembre). Es por ello que, desde hace semanas, todos los interesados se fijan en las <strong>previsiones del tiempo<\/strong> para saber si la lluvia, el fr\u00edo o la nieve podr\u00edan fastidiar este par\u00f3n. <\/p>\n<p class=\"voc-p\" style=\"\">A\u00fan con bastante incertidumbre, todo apunta a que ser\u00e1n unas <strong>jornadas bastante estables<\/strong> en lo que a tiempo se refiere, seg\u00fan advierte <strong>la Agencia Estatal de Meteorolog\u00eda (Aemet)<\/strong>. La entrada de un <a href=\"https:\/\/www.abc.es\/sociedad\/aemet-avisa-espana-tiempo-hara-puente-diciembre-20251203085146-nt.html\" title=\"www.abc.es\" data-voc-vtm-id=\"in-text-traffic\" data-mrf-link=\"www.abc.es\" rel=\"nofollow noopener\" target=\"_blank\">nuevo frente de lluvias<\/a>, que llegar\u00e1 a Espa\u00f1a a partir del jueves, s\u00ed podr\u00eda ir dejando <strong>precipitaciones y nevadas<\/strong> en algunos puntos de la Pen\u00ednsula, aunque a partir del viernes <strong>podr\u00eda ir suaviz\u00e1ndose este temporal<\/strong>. Conforme el anticicl\u00f3n vaya imponi\u00e9ndose, se espera tambi\u00e9n que puedan subir las temperaturas en algunos puntos.<\/p>\n<p class=\"voc-p\" style=\"\">Sin embargo, a la espera de que el organismo lance su previsi\u00f3n definitiva de cara a este fin de semana, quien s\u00ed ha avisado ya de lo que nos espera estos pr\u00f3ximos d\u00edas ha sido <strong>Jorge Rey<\/strong>. El joven burgal\u00e9s, conocido como <strong>\u00abel ni\u00f1o meteor\u00f3logo\u00bb<\/strong> por sus predicciones gracias a las <strong>caba\u00f1uelas<\/strong>, ha avanzado en su \u00faltimo v\u00eddeo c\u00f3mo ser\u00e1 el tiempo durante este puente de la Constituci\u00f3n en nuestro pa\u00eds.<\/p>\n<p>\nJorge Rey avisa del cambio de tiempo que llega a Espa\u00f1a en el puente de diciembre\n<\/p>\n<p class=\"voc-p\" style=\"\">La semana en Espa\u00f1a ha comenzado marcada por la llegada de <strong>\u00abun frente de borrascas\u00bb<\/strong>, que ha dejado <strong>\u00abavisos por vientos, fuerte oleaje y nevadas\u00bb<\/strong>, afectando a ciudades como \u00c1vila, Soria o Segovia. Aunque la nieve ha ca\u00eddo de forma d\u00e9bil, en las pr\u00f3ximas horas podr\u00edan seguir afectando por la <strong>influencia de una masa fr\u00eda<\/strong> que se mantendr\u00e1 sobre Espa\u00f1a hasta el fin de semana del puente de diciembre.<\/p>\n<p class=\"voc-p\" style=\"\">Durante la jornada de este jueves, veremos <strong>precipitaciones \u00aben puntos de la mitad norte peninsular<\/strong>, incluso tambi\u00e9n a las Baleares\u00bb. El viernes se repetir\u00e1n estas lluvias, advierte Jorge Rey, que se\u00f1ala que seguiremos viendo <strong>chubascos en \u00abpuntos del Cant\u00e1brico, o en \u00e1reas de Galicia\u00bb<\/strong>.<\/p>\n<p class=\"voc-p\" style=\"\">Aunque estos pr\u00f3ximos d\u00edas estar\u00e1n marcados por la llegada de algunos frentes de lluvias, Jorge Rey ha explicado que, de cara al fin de semana, se espera <strong>\u00abla estabilizaci\u00f3n de un anticicl\u00f3n sobre Espa\u00f1a\u00bb<\/strong>. En caso de que esto suceda, todo apunta a que tendremos \u00abun <strong>ascenso de las temperaturas y mucho m\u00e1s sol<\/strong>\u00bb a partir del viernes, conforme este se empiece a imponer.<\/p>\n<p class=\"voc-p\" style=\"\">Coincidiendo con el D\u00eda de la Constituci\u00f3n, el aficionado a la meteorolog\u00eda ha anticipado que las temperaturas empezar\u00e1n \u00aba <strong>llegar incluso a los 20\u00baC<\/strong> en algunos puntos de Espa\u00f1a\u00bb. A\u00fan as\u00ed, los term\u00f3metros no subir\u00e1n en todas partes del pa\u00eds: \u00ab<strong>En el interior costar\u00e1 m\u00e1s,<\/strong> entre otras cosas por la aparici\u00f3n de nieblas\u00bb.<\/p>\n<p class=\"voc-p\" style=\"\">El s\u00e1bado 6 ser\u00e1, adem\u00e1s, un d\u00eda bastante <strong>tranquilo y estable en cuanto a precipitaciones<\/strong>, seg\u00fan explica el ni\u00f1o meteor\u00f3logo. \u00ab<strong>Esperamos muy pocas lluvias<\/strong> y <strong>el domingo pr\u00e1cticamente desaparecer\u00e1n<\/strong> ante la imposici\u00f3n de un anticicl\u00f3n. Sobre Canarias esperamos algunas lluvias, pocas, en las islas de mayor relieve. Ya ven, muy poca cosa\u00bb, ha se\u00f1alado Jorge Rey.<\/p>\n<p>\nAs\u00ed ser\u00e1 el tiempo de Navidad en Espa\u00f1a seg\u00fan las caba\u00f1uelas de Jorge Rey\n<\/p>\n<p class=\"voc-p\" style=\"\">Aunque a\u00fan faltan varias semanas para que se celebre la <strong>Navidad<\/strong>, el burgal\u00e9s tambi\u00e9n se ha atrevido a lanzar unas pinceladas de c\u00f3mo ser\u00e1 el tiempo para entonces en Espa\u00f1a. Rey ha explicado que nos esperan unos <strong>d\u00edas festivos \u00abmuy fr\u00edos y h\u00famedos\u00bb<\/strong> por la llegada de un <strong>\u00abtemporal invernal\u00bb<\/strong>, que afectar\u00e1 a d\u00edas tan se\u00f1alados como el de Nochebuena y el pr\u00f3ximo 25 de diciembre.<\/p>\n<p class=\"voc-p\" style=\"\">\u00abLos d\u00edas antes del propio 25 de diciembre esperemos la llegada de <strong>fr\u00edos polares y de humedad atl\u00e1ntica<\/strong>\u00bb, ha advertido gracias a las caba\u00f1uelas. A\u00fan as\u00ed, espera que la situaci\u00f3n comience a estabilizarse mucho hacia el d\u00eda 27 de diciembre, cuando <strong>\u00abse calmar\u00e1 mucho la cosa, excepto en zonas del norte\u00bb<\/strong>. <\/p>\n","protected":false},"excerpt":{"rendered":"El puente de diciembre se ha convertido en la ocasi\u00f3n perfecta para muchos espa\u00f1oles, que aprovechar\u00e1n estos festivos&hellip;\n","protected":false},"author":2,"featured_media":270517,"comment_status":"","ping_status":"","sticky":false,"template":"","format":"standard","meta":{"footnotes":""},"categories":[8],"tags":[3830,17,18,66474,35329,25,24,13,14,21089,11,2224,19,20,9,10,15,16,29612,2497,5330,5153,23,159,12,21,22],"class_list":{"0":"post-270516","1":"post","2":"type-post","3":"status-publish","4":"format-standard","5":"has-post-thumbnail","7":"category-espana","8":"tag-alerta","9":"tag-breaking-news","10":"tag-breakingnews","11":"tag-cabanuelas","12":"tag-diciembre","13":"tag-es","14":"tag-espana","15":"tag-featured-news","16":"tag-featurednews","17":"tag-hara","18":"tag-headlines","19":"tag-jorge","20":"tag-latest-news","21":"tag-latestnews","22":"tag-news","23":"tag-noticias","24":"tag-noticias-destacadas","25":"tag-noticiasdestacadas","26":"tag-precipitaciones","27":"tag-puente","28":"tag-rey","29":"tag-segun","30":"tag-spain","31":"tag-tiempo","32":"tag-titulares","33":"tag-ultimas-noticias","34":"tag-ultimasnoticias"},"share_on_mastodon":{"url":"https:\/\/pubeurope.com\/@es\/115660707920017629","error":""},"_links":{"self":[{"href":"https:\/\/www.europesays.com\/es\/wp-json\/wp\/v2\/posts\/270516","targetHints":{"allow":["GET"]}}],"collection":[{"href":"https:\/\/www.europesays.com\/es\/wp-json\/wp\/v2\/posts"}],"about":[{"href":"https:\/\/www.europesays.com\/es\/wp-json\/wp\/v2\/types\/post"}],"author":[{"embeddable":true,"href":"https:\/\/www.europesays.com\/es\/wp-json\/wp\/v2\/users\/2"}],"replies":[{"embeddable":true,"href":"https:\/\/www.europesays.com\/es\/wp-json\/wp\/v2\/comments?post=270516"}],"version-history":[{"count":0,"href":"https:\/\/www.europesays.com\/es\/wp-json\/wp\/v2\/posts\/270516\/revisions"}],"wp:featuredmedia":[{"embeddable":true,"href":"https:\/\/www.europesays.com\/es\/wp-json\/wp\/v2\/media\/270517"}],"wp:attachment":[{"href":"https:\/\/www.europesays.com\/es\/wp-json\/wp\/v2\/media?parent=270516"}],"wp:term":[{"taxonomy":"category","embeddable":true,"href":"https:\/\/www.europesays.com\/es\/wp-json\/wp\/v2\/categories?post=270516"},{"taxonomy":"post_tag","embeddable":true,"href":"https:\/\/www.europesays.com\/es\/wp-json\/wp\/v2\/tags?post=270516"}],"curies":[{"name":"wp","href":"https:\/\/api.w.org\/{rel}","templated":true}]}}