{"id":270524,"date":"2025-12-04T10:06:25","date_gmt":"2025-12-04T10:06:25","guid":{"rendered":"https:\/\/www.europesays.com\/es\/270524\/"},"modified":"2025-12-04T10:06:25","modified_gmt":"2025-12-04T10:06:25","slug":"xabi-lopez-arostegui-es-baja-por-una-lesion-muscular","status":"publish","type":"post","link":"https:\/\/www.europesays.com\/es\/270524\/","title":{"rendered":"Xabi L\u00f3pez-Arostegui es baja por una lesi\u00f3n muscular"},"content":{"rendered":"<p class=\"ft-text ft-helper-align-justify\"><strong>El Valencia Basket pierde a unos de sus hombres.<\/strong> En el entrenamiento del pasado lunes, <a class=\"ft-link ft-link--decoration\" href=\"https:\/\/www.superdeporte.es\/valencia-basket\/2025\/10\/31\/xabi-lopez-arostegui-suma-100-partidos-123224303.html\" rel=\"nofollow noopener\" target=\"_blank\">Xabi L\u00f3pez-Arostegui<\/a> se tuvo que retirar por molestias f\u00edsicas y, despu\u00e9s de realizarle las pruebas m\u00e9dicas pertinentes, <strong>el club &#8216;taronja&#8217; ha confirmado que el internacional espa\u00f1ol sufre una lesi\u00f3n muscular en la pierna derecha. <\/strong>Su regreso al trabajo colectivo depender\u00e1 de c\u00f3mo avance su recuperaci\u00f3n y seguir\u00e1 bajo supervisi\u00f3n m\u00e9dica hasta que se reincorpore con total normalidad.<\/p>\n<p class=\"ft-text ft-helper-align-justify\">El alero, que en el mes de octubre se convirti\u00f3 en jugador centenario con el <a class=\"ft-link ft-link--decoration\" href=\"https:\/\/www.superdeporte.es\/tags\/valencia-basket\/\" rel=\"nofollow noopener\" target=\"_blank\"><strong>Valencia Basket<\/strong><\/a> en Europa, en la Liga Endesa apenas ha tenido gran protagonismo: <strong>14:37 minutos de media<\/strong>, <a class=\"ft-link ft-link--decoration\" href=\"https:\/\/www.acb.com\/jugador\/todos-sus-partidos\/id\/20211660\" rel=\"nofollow noopener\" target=\"_blank\">fruto de los cinco partidos jugados \u2014de las ocho jornadas disputadas\u2014<\/a> y promedia 7,4 puntos y 4 rebotes. En Euroliga, el vasco ha sido uno de los tres descartes de Pedro Mart\u00ednez <a class=\"ft-link ft-link--decoration\" href=\"https:\/\/www.superdeporte.es\/valencia-basket\/2025\/11\/25\/descartes-pedro-martinez-bayern-munich-euroliga-roig-arena-124119278.html\" rel=\"nofollow noopener\" target=\"_blank\">en los \u00faltimos choques ante Bayern y Zalgiris Kaunas.<\/a> <strong>De hecho, ha aparecido en tan solo cinco de los trece partidos, con seis minutos por encuentro. <\/strong><\/p>\n<p>Los compromisos que se pierde<\/p>\n<p class=\"ft-text ft-helper-align-justify\">La rotura no es grave, por lo que no estar\u00e1 muchas semanas ausentes. Por el momento, la entidad &#8216;taronja&#8217; no podr\u00e1 contar con \u00e9l ni ante <strong>Panathinaikos<\/strong>, en el partido correspondiente a la decimocuarta jornada de la <a class=\"ft-link ft-link--decoration\" href=\"https:\/\/www.euroleaguebasketball.net\/es\/euroleague\/teams\/valencia-basket\/games\/pam\/\" rel=\"nofollow noopener\" target=\"_blank\">Euroliga<\/a>; ni frente al <strong>Baskonia<\/strong>, este domingo en el choque de la novena jornada de la ABC.<\/p>\n","protected":false},"excerpt":{"rendered":"El Valencia Basket pierde a unos de sus hombres. En el entrenamiento del pasado lunes, Xabi L\u00f3pez-Arostegui se&hellip;\n","protected":false},"author":2,"featured_media":270525,"comment_status":"","ping_status":"","sticky":false,"template":"","format":"standard","meta":{"footnotes":""},"categories":[269],"tags":[66475,6814,299,298,168,25,24,8252,665,7355,23,167,2916,1781],"class_list":{"0":"post-270524","1":"post","2":"type-post","3":"status-publish","4":"format-standard","5":"has-post-thumbnail","7":"category-baloncesto","8":"tag-arostegui","9":"tag-baja","10":"tag-baloncesto","11":"tag-basketball","12":"tag-deportes","13":"tag-es","14":"tag-espana","15":"tag-lesion","16":"tag-liga-endesa","17":"tag-lopez","18":"tag-spain","19":"tag-sports","20":"tag-valencia-basket","21":"tag-xabi"},"share_on_mastodon":{"url":"https:\/\/pubeurope.com\/@es\/115660743356809055","error":""},"_links":{"self":[{"href":"https:\/\/www.europesays.com\/es\/wp-json\/wp\/v2\/posts\/270524","targetHints":{"allow":["GET"]}}],"collection":[{"href":"https:\/\/www.europesays.com\/es\/wp-json\/wp\/v2\/posts"}],"about":[{"href":"https:\/\/www.europesays.com\/es\/wp-json\/wp\/v2\/types\/post"}],"author":[{"embeddable":true,"href":"https:\/\/www.europesays.com\/es\/wp-json\/wp\/v2\/users\/2"}],"replies":[{"embeddable":true,"href":"https:\/\/www.europesays.com\/es\/wp-json\/wp\/v2\/comments?post=270524"}],"version-history":[{"count":0,"href":"https:\/\/www.europesays.com\/es\/wp-json\/wp\/v2\/posts\/270524\/revisions"}],"wp:featuredmedia":[{"embeddable":true,"href":"https:\/\/www.europesays.com\/es\/wp-json\/wp\/v2\/media\/270525"}],"wp:attachment":[{"href":"https:\/\/www.europesays.com\/es\/wp-json\/wp\/v2\/media?parent=270524"}],"wp:term":[{"taxonomy":"category","embeddable":true,"href":"https:\/\/www.europesays.com\/es\/wp-json\/wp\/v2\/categories?post=270524"},{"taxonomy":"post_tag","embeddable":true,"href":"https:\/\/www.europesays.com\/es\/wp-json\/wp\/v2\/tags?post=270524"}],"curies":[{"name":"wp","href":"https:\/\/api.w.org\/{rel}","templated":true}]}}