{"id":270526,"date":"2025-12-04T10:07:09","date_gmt":"2025-12-04T10:07:09","guid":{"rendered":"https:\/\/www.europesays.com\/es\/270526\/"},"modified":"2025-12-04T10:07:09","modified_gmt":"2025-12-04T10:07:09","slug":"antony-salio-cojeando-del-ciutat-de-valencia-hay-tiempo-para-recuperar","status":"publish","type":"post","link":"https:\/\/www.europesays.com\/es\/270526\/","title":{"rendered":"Antony sali\u00f3 cojeando del Ciutat de Valencia: \u00abHay tiempo para recuperar\u00bb"},"content":{"rendered":"<p style=\"\"><strong>Antony<\/strong> protagoniz\u00f3 una de las im\u00e1genes m\u00e1s llamativas despu\u00e9s del Torrent &#8211; Betis de la <strong>Copa del Rey<\/strong> en el que los verdiblancos pasaron de ronda hacia los dieciseisavos de final gracias al triplete de Riquelme y otro tanto de Ortiz. El brasile\u00f1o sali\u00f3  &#8230; cojeando del estadio Ciutat de Valencia, donde se disput\u00f3 el encuentro, y encendi\u00f3 las alarmas ante la cercan\u00eda del choque ante el l\u00edder de LaLiga.<\/p>\n<p class=\"voc-p\" style=\"\">El caso es que <strong>Pellegrini<\/strong> aline\u00f3 como titular a Antony y lo mantuvo en el campo durante 66 minutos hasta que fue sustituido por Pablo Garc\u00eda. Hab\u00eda recibido algunas entradas duras el brasile\u00f1o, una a la altura de su tobillo que le dej\u00f3 tocado. La articulaci\u00f3n se resinti\u00f3 cuando se enfri\u00f3 una vez fuera del terreno de juego y eso le hizo cojear.<\/p>\n<p class=\"voc-p\" style=\"\"><strong>\u00abHay tiempo para recuperar\u00bb<\/strong>, dijo el extremo en sus breves palabras hacia medios como El Chiringuito, que estaban en la zona mixta del estadio Ciutat de Valencia.<\/p>\n<p class=\"voc-p\" style=\"\">Ahora se est\u00e1 a la espera de que esta molestia no suponga una lesi\u00f3n que le impida jugar el pr\u00f3ximo partido ante el Barcelona ni en el exigente calendario que tienen los verdiblancos hasta el par\u00f3n navide\u00f1o, con enfrentamientos ante D\u00ednamo de Zagreb, Rayo, dieciseisavos de Copa y Getafe tras el choque con los azulgranas.<\/p>\n<p class=\"voc-p\" style=\"\">Antony es titular indiscutible con Pellegrini, que le dio minutos ante el Torrent debido a que no hab\u00eda podido jugar el derbi por sanci\u00f3n tras la roja directa que vio en el tramo final del choque ante el Girona.<\/p>\n","protected":false},"excerpt":{"rendered":"Antony protagoniz\u00f3 una de las im\u00e1genes m\u00e1s llamativas despu\u00e9s del Torrent &#8211; Betis de la Copa del Rey&hellip;\n","protected":false},"author":2,"featured_media":270527,"comment_status":"","ping_status":"","sticky":false,"template":"","format":"standard","meta":{"footnotes":""},"categories":[268],"tags":[23655,12091,66476,168,25,24,280,282,866,18528,281,23,167,159,235],"class_list":{"0":"post-270526","1":"post","2":"type-post","3":"status-publish","4":"format-standard","5":"has-post-thumbnail","7":"category-futbol","8":"tag-antony","9":"tag-ciutat","10":"tag-cojeando","11":"tag-deportes","12":"tag-es","13":"tag-espana","14":"tag-football","15":"tag-futbol","16":"tag-recuperar","17":"tag-salio","18":"tag-soccer","19":"tag-spain","20":"tag-sports","21":"tag-tiempo","22":"tag-valencia"},"share_on_mastodon":{"url":"https:\/\/pubeurope.com\/@es\/115660747412288232","error":""},"_links":{"self":[{"href":"https:\/\/www.europesays.com\/es\/wp-json\/wp\/v2\/posts\/270526","targetHints":{"allow":["GET"]}}],"collection":[{"href":"https:\/\/www.europesays.com\/es\/wp-json\/wp\/v2\/posts"}],"about":[{"href":"https:\/\/www.europesays.com\/es\/wp-json\/wp\/v2\/types\/post"}],"author":[{"embeddable":true,"href":"https:\/\/www.europesays.com\/es\/wp-json\/wp\/v2\/users\/2"}],"replies":[{"embeddable":true,"href":"https:\/\/www.europesays.com\/es\/wp-json\/wp\/v2\/comments?post=270526"}],"version-history":[{"count":0,"href":"https:\/\/www.europesays.com\/es\/wp-json\/wp\/v2\/posts\/270526\/revisions"}],"wp:featuredmedia":[{"embeddable":true,"href":"https:\/\/www.europesays.com\/es\/wp-json\/wp\/v2\/media\/270527"}],"wp:attachment":[{"href":"https:\/\/www.europesays.com\/es\/wp-json\/wp\/v2\/media?parent=270526"}],"wp:term":[{"taxonomy":"category","embeddable":true,"href":"https:\/\/www.europesays.com\/es\/wp-json\/wp\/v2\/categories?post=270526"},{"taxonomy":"post_tag","embeddable":true,"href":"https:\/\/www.europesays.com\/es\/wp-json\/wp\/v2\/tags?post=270526"}],"curies":[{"name":"wp","href":"https:\/\/api.w.org\/{rel}","templated":true}]}}