{"id":270528,"date":"2025-12-04T10:08:12","date_gmt":"2025-12-04T10:08:12","guid":{"rendered":"https:\/\/www.europesays.com\/es\/270528\/"},"modified":"2025-12-04T10:08:12","modified_gmt":"2025-12-04T10:08:12","slug":"baja-de-ultima-hora-en-el-hormiguero-pablo-motos-pierde-a-uno-de-sus-invitados","status":"publish","type":"post","link":"https:\/\/www.europesays.com\/es\/270528\/","title":{"rendered":"Baja de \u00faltima hora en \u2018El Hormiguero\u2019: Pablo Motos pierde a uno de sus invitados"},"content":{"rendered":"<p class=\"\">Cambio de \u00faltima hora en la lista de invitados de \u2018El Hormiguero\u2019. El programa cont\u00f3 el lunes con Guillermo Francella y Javier Veiga, el martes con Ver\u00f3nica S\u00e1nchez y Sonsoles \u00d3nega y para el mi\u00e9rcoles 3 de diciembre estaba programada la presencia de Ernesto Sevilla, Santiago Segura y Pablo Chiapella. Sin embargo, <b>el espacio de Antena 3 se ve\u00eda obligado a anunciar en pleno directo la ausencia de este \u00faltimo<\/b>, algo que dej\u00f3 desconcertados a los espectadores. <\/p>\n<p class=\"\">\u201cIba a venir, pero est\u00e1 malito. As\u00ed que desde aqu\u00ed le mandamos un abrazo, que se ponga bueno\u201d, explicaba Pablo Motos <b>ante la notable ausencia de Pablo Chiapella en plat\u00f3<\/b>. Cabe recordar que los tres actores acud\u00edan a \u2018El Hormiguero\u2019 para presentar \u2018La navidad en sus manos 2\u2032, una comedia en la que el protagonista se ve envuelto en un caos navide\u00f1o tras haber sustituido por accidente a Pap\u00e1 Noel.<\/p>\n<p>La gran ausencia de Pablo Chiapella<\/p>\n<p class=\"\">\u201cHa dicho que est\u00e1 en la cama, que no se puede mover\u201d, insisti\u00f3 el presentador segundos antes de recibir en \u2018El Hormiguero\u2019 a Ernesto Sevilla y Santiago Segura.<b> \u201cDice que le ha pillado la gripe y que est\u00e1 aparcado\u201d, a\u00f1adi\u00f3 Motos.<\/b> \u201c\u00a1Eso dice!\u201c, apunt\u00f3 por su parte el creador de la saga \u2018Torrente\u2019. <\/p>\n<p class=\"\">Entre risas y bromas, Ernesto Sevilla no perdi\u00f3 su oportunidad para hacer de las suyas: <b>\u201cPor cierto, chicos, llamadle Amador, desde lejos. No le gusta que le llamen Pablo\u201d<\/b>. \u201cSe ha puesto tan malo que no puede venir\u201d, coment\u00f3 tambi\u00e9n Motos. <\/p>\n<p>Noticias relacionadas<a href=\"https:\/\/as.com\/tikitakas\/television\/el-inesperado-guino-de-david-bisbal-a-broncano-en-el-hormiguero-la-reaccion-de-pablo-motos-f202511-n\/\" class=\"s_m_w\" title=\"El artista almeriense visit\u00f3 el espacio de Antena 3 para promocionar su gira navide\u00f1a \u2018Todo es posible en Navidad\u2019 y su nueva canci\u00f3n.\" data-tb-link=\"\" rel=\"nofollow noopener\" target=\"_blank\"><img decoding=\"async\" src=\"https:\/\/www.europesays.com\/es\/wp-content\/uploads\/2025\/12\/OHJBYP3QTZD2VME4GU7GCAIAFU.jpg\" alt=\"El inesperado gui\u00f1o de David Bisbal a Broncano en \u2018El Hormiguero\u2019: la reacci\u00f3n de Pablo Motos\" class=\"\" height=\"9\" width=\"16\"   loading=\"lazy\" data-tb-thumbnail=\"\"\/><\/a><a href=\"https:\/\/as.com\/tikitakas\/television\/paula-vazquez-se-confiesa-en-la-revuelta-sobre-su-celibato-voluntario-yo-ya-me-hago-mi-comidita-f202511-n\/\" class=\"s_m_w\" title=\"La presentadora de La 1 sorprende en el programa de David Broncano con su particular respuesta a las preguntas cl\u00e1sicas.\" data-tb-link=\"\" rel=\"nofollow noopener\" target=\"_blank\"><img decoding=\"async\" src=\"https:\/\/www.europesays.com\/es\/wp-content\/uploads\/2025\/12\/HPD36QRV6BAQXOEC3XNZ7MPJSU.png\" alt=\"Paula V\u00e1zquez se confiesa en \u2018La Revuelta\u2019 sobre su celibato voluntario: \u201cYo ya me hago mi comidita\u201d\" class=\"\" height=\"9\" width=\"16\"   loading=\"lazy\" data-tb-thumbnail=\"\"\/><\/a><\/p>\n<p class=\"\">\u201cYo tengo un gripazo y cuando he llegado me dicen: \u2018No, es que Chiapella tiene gripe\u2019. <b>Que traiga el certificado m\u00e9dico. Esto es como el colegio. <\/b>Yo no pod\u00eda dejar a este p\u00fablico maravilloso tirado, a Ernesto y a mi amigo Pablo\u201d, concluyo Segura.<\/p>\n<p class=\"\"><b>\u00a1Tus opiniones importan!<\/b> Comenta en los art\u00edculos y suscr\u00edbete gratis a nuestra <a href=\"https:\/\/asfan.as.com\/newsletters\/\" target=\"_blank\" rel=\"nofollow noopener\" title=\"https:\/\/asfan.as.com\/newsletters\/\">newsletter<\/a> y a las alertas informativas en la <a href=\"https:\/\/as.com\/aplicacion-de-as-n\/\" target=\"_blank\" rel=\"nofollow noopener\" title=\"https:\/\/as.com\/aplicacion-de-as-n\/\">App<\/a> o el canal de <a href=\"https:\/\/www.whatsapp.com\/channel\/0029VaAasdA7j6g745nz9M10\" target=\"_blank\" rel=\"nofollow noopener\" title=\"https:\/\/www.whatsapp.com\/channel\/0029VaAasdA7j6g745nz9M10\">WhatsApp<\/a>. \u00bfBuscas licenciar contenido? Haz clic <a href=\"https:\/\/profesional.elpais.com\/landing-sindicacion?utm_medium=interno&amp;utm_source=crosslinking&amp;utm_campaign=sindicacion_as_pie_articulos\" target=\"_blank\" rel=\"nofollow noopener\" title=\"https:\/\/profesional.elpais.com\/landing-sindicacion?utm_medium=interno&amp;utm_source=crosslinking&amp;utm_campaign=sindicacion_as_pie_articulos\">aqu\u00ed<\/a><\/p>\n","protected":false},"excerpt":{"rendered":"Cambio de \u00faltima hora en la lista de invitados de \u2018El Hormiguero\u2019. El programa cont\u00f3 el lunes con&hellip;\n","protected":false},"author":2,"featured_media":82760,"comment_status":"","ping_status":"","sticky":false,"template":"","format":"standard","meta":{"footnotes":""},"categories":[174],"tags":[255,146,147,25,24,256,23],"class_list":{"0":"post-270528","1":"post","2":"type-post","3":"status-publish","4":"format-standard","5":"has-post-thumbnail","7":"category-famosos","8":"tag-celebrities","9":"tag-entertainment","10":"tag-entretenimiento","11":"tag-es","12":"tag-espana","13":"tag-famosos","14":"tag-spain"},"share_on_mastodon":{"url":"https:\/\/pubeurope.com\/@es\/115660751939868185","error":""},"_links":{"self":[{"href":"https:\/\/www.europesays.com\/es\/wp-json\/wp\/v2\/posts\/270528","targetHints":{"allow":["GET"]}}],"collection":[{"href":"https:\/\/www.europesays.com\/es\/wp-json\/wp\/v2\/posts"}],"about":[{"href":"https:\/\/www.europesays.com\/es\/wp-json\/wp\/v2\/types\/post"}],"author":[{"embeddable":true,"href":"https:\/\/www.europesays.com\/es\/wp-json\/wp\/v2\/users\/2"}],"replies":[{"embeddable":true,"href":"https:\/\/www.europesays.com\/es\/wp-json\/wp\/v2\/comments?post=270528"}],"version-history":[{"count":0,"href":"https:\/\/www.europesays.com\/es\/wp-json\/wp\/v2\/posts\/270528\/revisions"}],"wp:featuredmedia":[{"embeddable":true,"href":"https:\/\/www.europesays.com\/es\/wp-json\/wp\/v2\/media\/82760"}],"wp:attachment":[{"href":"https:\/\/www.europesays.com\/es\/wp-json\/wp\/v2\/media?parent=270528"}],"wp:term":[{"taxonomy":"category","embeddable":true,"href":"https:\/\/www.europesays.com\/es\/wp-json\/wp\/v2\/categories?post=270528"},{"taxonomy":"post_tag","embeddable":true,"href":"https:\/\/www.europesays.com\/es\/wp-json\/wp\/v2\/tags?post=270528"}],"curies":[{"name":"wp","href":"https:\/\/api.w.org\/{rel}","templated":true}]}}