{"id":270546,"date":"2025-12-04T10:19:10","date_gmt":"2025-12-04T10:19:10","guid":{"rendered":"https:\/\/www.europesays.com\/es\/270546\/"},"modified":"2025-12-04T10:19:10","modified_gmt":"2025-12-04T10:19:10","slug":"putin-mantiene-que-su-ejercito-tomara-el-control-de-donbas-y-la-region-de-nueva-rusia-internacional","status":"publish","type":"post","link":"https:\/\/www.europesays.com\/es\/270546\/","title":{"rendered":"Putin mantiene que su ej\u00e9rcito tomar\u00e1 el control de Donb\u00e1s y la regi\u00f3n de Nueva Rusia | Internacional"},"content":{"rendered":"<p class=\"\">El presidente ruso, Vlad\u00edmir Putin, ha declarado en una entrevista este jueves que Rusia tomar\u00eda el control total de Donb\u00e1s, en el este de ucrania, y de Nueva Rusia (regi\u00f3n que comprender\u00eda zonas del sur de Ucrania, hasta la provincia de Odesa) por la fuerza a menos que las fuerzas ucranias se retiren, algo que Kiev ha rechazado rotundamente. \u201cO liberamos estos territorios por la fuerza de las armas, o las tropas ucranias los abandonan\u201d, <a href=\"https:\/\/www.indiatoday.in\/india\/story\/russia-president-vladimir-putin-india-today-viral-carpool-pm-modi-two-friends-in-a-car-2830596-2025-12-04\" target=\"_self\" rel=\"nofollow noopener\" title=\"https:\/\/www.indiatoday.in\/india\/story\/russia-president-vladimir-putin-india-today-viral-carpool-pm-modi-two-friends-in-a-car-2830596-2025-12-04\">ha declarado Putin al diario India Today<\/a> antes de una visita a Nueva Delhi, seg\u00fan un v\u00eddeo emitido por la televisi\u00f3n estatal rusa.<\/p>\n<p class=\"\">Ucrania no quiere ceder a Rusia su propio territorio, que Mosc\u00fa no ha logrado ganar en el campo de batalla, y el presidente ucranio, Volod\u00edmir Zelenski, ha declarado que Mosc\u00fa no deber\u00eda ser recompensada por una guerra que inici\u00f3. <\/p>\n<p class=\"\">Rusia controla actualmente el 19,2% de Ucrania, incluyendo Crimea, que se anexion\u00f3 en 2014, la totalidad de Lugansk, m\u00e1s del 80% de Donetsk, alrededor del 75% de Jers\u00f3n y Zaporiyia, y partes de las regiones de J\u00e1rkov, Sumi, Mikolaev y Dnipr\u00f3.<\/p>\n<p class=\"\">Unos 5.000 kil\u00f3metros cuadrados de Donetsk permanecen bajo control ucranio. <a href=\"https:\/\/elpais.com\/internacional\/2025-11-26\/las-esperanzas-de-trump-de-un-acuerdo-rapido-sobre-ucrania-se-desvanecen-ante-la-parsimonia-de-moscu.html\" target=\"_self\" rel=\"nofollow noopener\" title=\"https:\/\/elpais.com\/internacional\/2025-11-26\/las-esperanzas-de-trump-de-un-acuerdo-rapido-sobre-ucrania-se-desvanecen-ante-la-parsimonia-de-moscu.html\">En las conversaciones con Estados Unidos sobre las l\u00edneas generales de un posible acuerdo de paz para poner fin a la guerra<\/a>, Rusia ha reiterado su deseo de controlar Donb\u00e1s y que Estados Unidos deber\u00eda reconocer informalmente el control de Mosc\u00fa.<\/p>\n<p class=\"\">En 2022, Rusia declar\u00f3 que las regiones ucranias de Lugansk, Donetsk, Jers\u00f3n y Zaporiyia formaban parte de Rusia tras los referendos que Occidente y Kiev calificaron de farsa. La mayor\u00eda de los pa\u00edses reconocen estas regiones, y Crimea, como parte de Ucrania. <\/p>\n<p class=\"\">Putin recibi\u00f3 a los enviados estadounidenses Steve Witkoff y Jared Kushner en el Kremlin el martes y afirm\u00f3 que Rusia hab\u00eda aceptado algunas propuestas estadounidenses sobre Ucrania y que las conversaciones deb\u00edan continuar. La agencia estatal de noticias rusa, RIA, cit\u00f3 a Putin afirmando que su reuni\u00f3n con Witkoff y Kushner hab\u00eda sido \u201cmuy \u00fatil\u201d y que se hab\u00eda basado en las propuestas que \u00e9l y el presidente Donald Trump discutieron en Alaska en agosto.<\/p>\n","protected":false},"excerpt":{"rendered":"El presidente ruso, Vlad\u00edmir Putin, ha declarado en una entrevista este jueves que Rusia tomar\u00eda el control total&hellip;\n","protected":false},"author":2,"featured_media":270547,"comment_status":"","ping_status":"","sticky":false,"template":"","format":"standard","meta":{"footnotes":""},"categories":[42],"tags":[8738,17,18,70,71,72,700,13,14,69,7082,11,61,62,63,64,19,20,9,10,15,16,1613,1614,12,7081,21,22,1617,65,66,67],"class_list":{"0":"post-270546","1":"post","2":"type-post","3":"status-publish","4":"format-standard","5":"has-post-thumbnail","7":"category-internacional","8":"tag-ataques-militares","9":"tag-breaking-news","10":"tag-breakingnews","11":"tag-conflictos","12":"tag-conflictos-armados","13":"tag-conflictos-internacionales","14":"tag-europa","15":"tag-featured-news","16":"tag-featurednews","17":"tag-guerra","18":"tag-guerra-de-rusia-en-ucrania","19":"tag-headlines","20":"tag-internacional","21":"tag-international","22":"tag-international-news","23":"tag-internationalnews","24":"tag-latest-news","25":"tag-latestnews","26":"tag-news","27":"tag-noticias","28":"tag-noticias-destacadas","29":"tag-noticiasdestacadas","30":"tag-otan","31":"tag-rusia","32":"tag-titulares","33":"tag-ucrania","34":"tag-ultimas-noticias","35":"tag-ultimasnoticias","36":"tag-union-europea","37":"tag-world","38":"tag-world-news","39":"tag-worldnews"},"share_on_mastodon":{"url":"","error":"Validation failed: Text character limit of 500 exceeded"},"_links":{"self":[{"href":"https:\/\/www.europesays.com\/es\/wp-json\/wp\/v2\/posts\/270546","targetHints":{"allow":["GET"]}}],"collection":[{"href":"https:\/\/www.europesays.com\/es\/wp-json\/wp\/v2\/posts"}],"about":[{"href":"https:\/\/www.europesays.com\/es\/wp-json\/wp\/v2\/types\/post"}],"author":[{"embeddable":true,"href":"https:\/\/www.europesays.com\/es\/wp-json\/wp\/v2\/users\/2"}],"replies":[{"embeddable":true,"href":"https:\/\/www.europesays.com\/es\/wp-json\/wp\/v2\/comments?post=270546"}],"version-history":[{"count":0,"href":"https:\/\/www.europesays.com\/es\/wp-json\/wp\/v2\/posts\/270546\/revisions"}],"wp:featuredmedia":[{"embeddable":true,"href":"https:\/\/www.europesays.com\/es\/wp-json\/wp\/v2\/media\/270547"}],"wp:attachment":[{"href":"https:\/\/www.europesays.com\/es\/wp-json\/wp\/v2\/media?parent=270546"}],"wp:term":[{"taxonomy":"category","embeddable":true,"href":"https:\/\/www.europesays.com\/es\/wp-json\/wp\/v2\/categories?post=270546"},{"taxonomy":"post_tag","embeddable":true,"href":"https:\/\/www.europesays.com\/es\/wp-json\/wp\/v2\/tags?post=270546"}],"curies":[{"name":"wp","href":"https:\/\/api.w.org\/{rel}","templated":true}]}}