{"id":270548,"date":"2025-12-04T10:20:16","date_gmt":"2025-12-04T10:20:16","guid":{"rendered":"https:\/\/www.europesays.com\/es\/270548\/"},"modified":"2025-12-04T10:20:16","modified_gmt":"2025-12-04T10:20:16","slug":"bolanos-promueve-a-una-exasesora-de-sanchez-y-cunada-de-la-exministra-ribera-a-la-sala-que-juzgara-a-abalos","status":"publish","type":"post","link":"https:\/\/www.europesays.com\/es\/270548\/","title":{"rendered":"Bola\u00f1os promueve a una exasesora de S\u00e1nchez y cu\u00f1ada de la exministra Ribera a la Sala que juzgar\u00e1 a \u00c1balos"},"content":{"rendered":"\n<p> La codiciada vacante de la <strong>Sala de lo Penal del Tribunal Supremo <\/strong>que debe cubrir el Consejo General del Poder Judicial (CGPJ) en las pr\u00f3ximas semanas ya tiene una candidata <strong>preferida por Moncloa<\/strong>. Distintas fuentes jur\u00eddicas consultadas aseguran a El Confidencial que <a href=\"https:\/\/www.elconfidencial.com\/espana\/2025-11-06\/preocupacion-moncloa-imputacion-secretaria-general-presidencia_4242301\/\" target=\"_blank\" rel=\"nofollow noopener\">F\u00e9lix Bola\u00f1os<\/a> apoya el nombramiento de la catedr\u00e1tica de Derecho Penal en la Universidad Aut\u00f3noma de Madrid <strong>Silvina Bacigalupo<\/strong>, que aspira a ocupar el puesto perteneciente al turno de juristas, libre tras la jubilaci\u00f3n de Miguel Colmenero. <\/p>\n<p> Bacigalupo Sagesse es hija de Enrique Bacigalupo, magistrado hispanoargentino que integr\u00f3 la Sala Segunda de 1987 a 2011 y cercano tambi\u00e9n a los socialistas. Silvina recaba ya <strong>el apoyo de buena parte del sector progresista<\/strong> del \u00f3rgano de gobierno de los jueces, aseguran estas fuentes. Desde el sector conservador, se entiende que el Ejecutivo persigue su entrada en la Sala m\u00e1s delicada para<a href=\"https:\/\/blogs.elconfidencial.com\/espana\/tribuna\/2025-09-26\/sanchez-robespierre-guerra-judicial-1hms_4216440\/\" target=\"_self\" rel=\"nofollow noopener\"> los intereses del Gobierno.<\/a> <\/p>\n<p> El objetivo que persigue Moncloa:<strong> sumar apoyos<\/strong> en un momento en el que la Segunda se ha convertido de forma abierta en un enemigo a batir por el Gobierno <a href=\"https:\/\/www.elconfidencial.com\/espana\/2025-11-24\/fiscal-general-renuncia-condena-ts_4253206\/\" target=\"_blank\" rel=\"nofollow noopener\">despu\u00e9s de la condena al fiscal general<\/a> y antes del pr\u00f3ximo juicio contra <a href=\"https:\/\/www.elconfidencial.com\/espana\/2025-11-27\/juez-abalos-koldo-garcia-carcel-inicio-juicio_4255924\/\" target=\"_blank\" rel=\"nofollow noopener\">Jos\u00e9 Luis \u00c1balos y Koldo Garc\u00eda<\/a>, previsto para la primavera de 2026. <\/p>\n<p> La cercan\u00eda de la catedr\u00e1tica con el Ejecutivo es -dicen- evidente.<strong> Su relaci\u00f3n con el PSOE viene de antiguo<\/strong>. Pedro S\u00e1nchez la fich\u00f3 en 2015 para que formara parte del consejo de sabios que acompa\u00f1aron al dirigente socialista en las elecciones generales de aquel a\u00f1o. Su cometido fue el de coordinar las \u00e1reas relacionadas con<strong> la transparencia del programa electoral <\/strong>de los socialistas. <\/p>\n<p> Adem\u00e1s, la candidata preferida por el PSOE est\u00e1 emparentada <a href=\"https:\/\/www.elconfidencial.com\/espana\/2025-06-09\/teresa-ribera-aldama-reunion-investigacion-koldo-senado_4147257\/\" target=\"_blank\" rel=\"nofollow noopener\">con la exvicepresidenta y exministra Teresa Ribera<\/a>, casada con<strong> un hermano de Silvina<\/strong>, Mariano Bacigalupo, actual consejero de la Comisi\u00f3n Nacional del Mercado de Valores (CNMV). <\/p>\n<blockquote class=\"twitter-tweet\">\n<p lang=\"es\" dir=\"ltr\">Silvina Bacigalupo, experta en transparencia y buen gobierno <a href=\"https:\/\/twitter.com\/hashtag\/ElGobiernodelS%C3%AD?src=hash&amp;ref_src=twsrc%5Etfw\" rel=\"nofollow noopener\" target=\"_blank\">#ElGobiernodelS\u00ed<\/a> <a href=\"https:\/\/t.co\/wAUDX2nEc9\" rel=\"nofollow\">https:\/\/t.co\/wAUDX2nEc9<\/a> <a href=\"https:\/\/t.co\/NXwYmln1aT\" rel=\"nofollow\">pic.twitter.com\/NXwYmln1aT<\/a> <a href=\"https:\/\/twitter.com\/hashtag\/L6Nrobles?src=hash&amp;ref_src=twsrc%5Etfw\" rel=\"nofollow noopener\" target=\"_blank\">#L6Nrobles<\/a><\/p>\n<p>\u2014 PSOE (@PSOE) <a href=\"https:\/\/twitter.com\/PSOE\/status\/734150381706596352?ref_src=twsrc%5Etfw\" rel=\"nofollow noopener\" target=\"_blank\">May 21, 2016<\/a><\/p><\/blockquote>\n<p> Catedr\u00e1tica en la Universidad Aut\u00f3noma desde 2008, especializada en derecho penal econ\u00f3mico y de la empresa, la trayectoria acad\u00e9mica de Silvina incluye numerosas publicaciones <a href=\"https:\/\/www.elconfidencial.com\/espana\/2025-07-17\/ferrer-teso-retiran-candidaturas-presidencias-clave-supremo-arrieta-lucas_4175028\/\" target=\"_blank\" rel=\"nofollow noopener\">sobre la responsabilidad penal de las personas jur\u00eddicas<\/a>, la responsabilidad de directivos y la gesti\u00f3n \u00e9tica, as\u00ed como trabajos destacados en materia de pol\u00edticas p\u00fablicas relacionadas <strong>con la prevenci\u00f3n de la corrupci\u00f3n.<\/strong> <\/p>\n<p> Desde el entorno del Gobierno se pondera su experiencia precisamente en esta \u00faltima \u00e1rea, la de la corrupci\u00f3n. Actualmente, ocupa la presidencia de Transparency International-Espa\u00f1a y es miembro de la<strong> junta directiva de Transparency International<\/strong>, organismo que se encarga de elaborar de forma anual un \u00edndice de percepci\u00f3n sobre esta materia. El \u00faltimo no fue favorable, <a href=\"https:\/\/www.elconfidencial.com\/espana\/2025-09-22\/transparencia-internacional-suspende-plan-contra-corrupcion-sanchez-fracaso_4213630\/\" target=\"_blank\" rel=\"nofollow noopener\">con una ca\u00edda de Espa\u00f1a de 10 puestos<\/a>, llegando a ser superada por Ruanda, dicen como muestra de su independencia. <\/p>\n<p>                Bloqueo frente \u00aba los intereses de Moncloa\u00bb           <\/p>\n<p> Ninguno de estos argumentos <a href=\"https:\/\/www.elconfidencial.com\/espana\/2025-04-18\/tension-y-roces-en-la-sala-penal-del-supremo-por-el-pulso-para-elegir-a-su-presidente_4109558\/\" target=\"_blank\" rel=\"nofollow noopener\">convencen al sector conservador<\/a>, que no respaldar\u00e1 esta elecci\u00f3n y <strong>apunta al bloqueo frente \u00aba los intereses de Moncloa\u00bb<\/strong>, aseguran las fuentes consultadas. Al puesto aspiran otros 13 candidatos que ya han pasado por las entrevistas de la Comisi\u00f3n de Calificaci\u00f3n. <\/p>\n<p> La f\u00f3rmula habitual de elecci\u00f3n supone descartar a los que menos apoyos obtengan en una primera votaci\u00f3n hasta reducir los aspirantes a una terna. Sobre el papel, el proceso estar\u00eda lista para iniciarse en el pleno del pr\u00f3ximo 17 de diciembre, pero<strong> el enfrentamiento que ya se adivina estirar\u00e1 los tiempos. <\/strong> <\/p>\n<p> Todo apunta as\u00ed a la congelaci\u00f3n de la elecci\u00f3n sine die. La elecci\u00f3n se realiza por<strong> mayor\u00eda reforzada de tres quintos<\/strong>, lo que obliga a <a href=\"https:\/\/www.elconfidencial.com\/espana\/2025-07-23\/cgpj-martinez-arrieta-pablo-lucas-presidentes-salas-supremo_4178492\/\" target=\"_blank\" rel=\"nofollow noopener\">un acuerdo entre ambos sectores<\/a>, dado que el actual CGPJ est\u00e1 formado por 10 vocales designados a propuesta del PP y otros 10 que propuso el Gobierno. <\/p>\n<p>                  <img decoding=\"async\" class=\"inTextNews__img\" alt=\"Foto: gobierno-sanchez-ifema-comisario-castro-ferraz-elecciones\" src=\"https:\/\/www.europesays.com\/es\/wp-content\/uploads\/2025\/12\/f.elconfidencial.com\/original\/2fa\/c2f\/bc3\/2fac2fbc36d4ecc1c7aee112466fc3eb.jpg\"  \/>     <\/p>\n<p>TE PUEDE INTERESAR<\/p>\n<p>      <a class=\"inTextNews__title\" href=\"https:\/\/www.elconfidencial.com\/espana\/2025-11-24\/gobierno-sanchez-ifema-comisario-castro-ferraz-elecciones_4253015\/\" onclick=\"window.ECCO.emit(&#039;amplitude&#039;, { dataEventName: &#039;click_related_article_module&#039;, data: { related_article_url: &#039;https:\/\/www.elconfidencial.com\/espana\/2025-11-24\/gobierno-sanchez-ifema-comisario-castro-ferraz-elecciones_4253015\/&#039;, related_article_author: &#039;Jos\u00e9 Mar\u00eda Olmo,Alberto P\u00e9rez Gim\u00e9nez,Alejandro Requeijo&#039;, related_article_section: &#039;espana&#039; } })\" rel=\"nofollow noopener\" target=\"_blank\"> El Gobierno de S\u00e1nchez maniobra para colocar en Ifema al comisario de las cargas de Ferraz <\/a>   <\/p>\n<p>    Jos\u00e9 Mar\u00eda Olmo     Alberto P\u00e9rez Gim\u00e9nez     Alejandro Requeijo   <\/p>\n<p> En este caso, el sector m\u00e1s cercano a la derecha <strong>se ha posicionado a favor de Alicia Gil, <\/strong>catedr\u00e1tica de la Universidad Nacional de Educaci\u00f3n a Distancia. Antes de la irrupci\u00f3n de Bacigalupo, el candidato con m\u00e1s opciones de apoyo por parte de los progresistas era el abogado y profesor titular de <a href=\"https:\/\/www.elconfidencial.com\/espana\/2025-05-08\/la-ucm-descubre-ahora-proyectos-creados-por-la-catedra-de-begona-gomez-sin-su-conocimiento_4124962\/\" target=\"_self\" rel=\"nofollow noopener\">la Universidad Complutense<\/a> de Madrid <strong>Manolo Oll\u00e9<\/strong>. <\/p>\n<p> Lo m\u00e1s previsible es que se reproduzca la misma situaci\u00f3n que se dio con la elecci\u00f3n de la presidencia de esta Sala, paralizada durante meses por el respaldo inamovible de ambos bloques a candidatos enfrentados. En aquel caso, los conservadores <strong>respaldaban a Andr\u00e9s Mart\u00ednez Arrieta<\/strong>, que acab\u00f3 llev\u00e1ndose el puesto, y los progresistas a la magistrada <strong>Ana Ferrer.<\/strong> <\/p>\n<p> La codiciada vacante de la <strong>Sala de lo Penal del Tribunal Supremo <\/strong>que debe cubrir el Consejo General del Poder Judicial (CGPJ) en las pr\u00f3ximas semanas ya tiene una candidata <strong>preferida por Moncloa<\/strong>. Distintas fuentes jur\u00eddicas consultadas aseguran a El Confidencial que <a href=\"https:\/\/www.elconfidencial.com\/espana\/2025-11-06\/preocupacion-moncloa-imputacion-secretaria-general-presidencia_4242301\/\" target=\"_blank\" rel=\"nofollow noopener\">F\u00e9lix Bola\u00f1os<\/a> apoya el nombramiento de la catedr\u00e1tica de Derecho Penal en la Universidad Aut\u00f3noma de Madrid <strong>Silvina Bacigalupo<\/strong>, que aspira a ocupar el puesto perteneciente al turno de juristas, libre tras la jubilaci\u00f3n de Miguel Colmenero. <\/p>\n<p>              <script async src=\"https:\/\/platform.twitter.com\/widgets.js\" charset=\"utf-8\"><\/script><\/p>\n","protected":false},"excerpt":{"rendered":"La codiciada vacante de la Sala de lo Penal del Tribunal Supremo que debe cubrir el Consejo General&hellip;\n","protected":false},"author":2,"featured_media":270549,"comment_status":"","ping_status":"","sticky":false,"template":"","format":"standard","meta":{"footnotes":""},"categories":[8],"tags":[17,18,25,24,13,14,11,19,20,9,10,15,16,23,12,21,22],"class_list":{"0":"post-270548","1":"post","2":"type-post","3":"status-publish","4":"format-standard","5":"has-post-thumbnail","7":"category-espana","8":"tag-breaking-news","9":"tag-breakingnews","10":"tag-es","11":"tag-espana","12":"tag-featured-news","13":"tag-featurednews","14":"tag-headlines","15":"tag-latest-news","16":"tag-latestnews","17":"tag-news","18":"tag-noticias","19":"tag-noticias-destacadas","20":"tag-noticiasdestacadas","21":"tag-spain","22":"tag-titulares","23":"tag-ultimas-noticias","24":"tag-ultimasnoticias"},"share_on_mastodon":{"url":"https:\/\/pubeurope.com\/@es\/115660798914895399","error":""},"_links":{"self":[{"href":"https:\/\/www.europesays.com\/es\/wp-json\/wp\/v2\/posts\/270548","targetHints":{"allow":["GET"]}}],"collection":[{"href":"https:\/\/www.europesays.com\/es\/wp-json\/wp\/v2\/posts"}],"about":[{"href":"https:\/\/www.europesays.com\/es\/wp-json\/wp\/v2\/types\/post"}],"author":[{"embeddable":true,"href":"https:\/\/www.europesays.com\/es\/wp-json\/wp\/v2\/users\/2"}],"replies":[{"embeddable":true,"href":"https:\/\/www.europesays.com\/es\/wp-json\/wp\/v2\/comments?post=270548"}],"version-history":[{"count":0,"href":"https:\/\/www.europesays.com\/es\/wp-json\/wp\/v2\/posts\/270548\/revisions"}],"wp:featuredmedia":[{"embeddable":true,"href":"https:\/\/www.europesays.com\/es\/wp-json\/wp\/v2\/media\/270549"}],"wp:attachment":[{"href":"https:\/\/www.europesays.com\/es\/wp-json\/wp\/v2\/media?parent=270548"}],"wp:term":[{"taxonomy":"category","embeddable":true,"href":"https:\/\/www.europesays.com\/es\/wp-json\/wp\/v2\/categories?post=270548"},{"taxonomy":"post_tag","embeddable":true,"href":"https:\/\/www.europesays.com\/es\/wp-json\/wp\/v2\/tags?post=270548"}],"curies":[{"name":"wp","href":"https:\/\/api.w.org\/{rel}","templated":true}]}}