{"id":270550,"date":"2025-12-04T10:21:23","date_gmt":"2025-12-04T10:21:23","guid":{"rendered":"https:\/\/www.europesays.com\/es\/270550\/"},"modified":"2025-12-04T10:21:23","modified_gmt":"2025-12-04T10:21:23","slug":"el-equipo-asi-es-mas-peligroso-el-dilema-de-xabi-alonso-tras-superar-su-primera-gran-prueba-de-fuego-futbol","status":"publish","type":"post","link":"https:\/\/www.europesays.com\/es\/270550\/","title":{"rendered":"\u00abEl equipo as\u00ed es m\u00e1s peligroso\u00bb: el dilema de Xabi Alonso tras superar su primera gran prueba de fuego | F\u00fatbol"},"content":{"rendered":"<p class=\"loc\">Madrid<\/p>\n<p><a href=\"https:\/\/cadenaser.com\/nacional\/2025\/12\/03\/athletic-club-0-3-real-madrid-resumen-resultado-y-goles-de-la-jornada-19-de-laliga-ea-sports-cadena-ser\/\" target=\"_blank\" rel=\"noreferrer nofollow noopener\" title=\"https:\/\/cadenaser.com\/nacional\/2025\/12\/03\/athletic-club-0-3-real-madrid-resumen-resultado-y-goles-de-la-jornada-19-de-laliga-ea-sports-cadena-ser\/\">El Real Madrid ha hecho los deberes este mi\u00e9rcoles despu\u00e9s de ganarle por cero goles a tres al Athletic Club <\/a>en el que para muchos era su gran prueba de fuego. Despu\u00e9s de tres partidos sin conocer la victoria, los de Xabi Alonso se plantaban en la Catedral con m\u00e1s dudas que nunca. Sin embargo, el conjunto blanco ha completado su mejor partido hasta la fecha gracias a un Kylian Mbapp\u00e9 que sigue de dulce y las paradas de un Thibaut Courtois que han impedido la reacci\u00f3n de un Athletic Club que sigue demasiado lejos del nivel mostrado la temporada pasada.<\/p>\n<p>M\u00e1s informaci\u00f3n<\/p>\n<p>De esta manera, el Real Madrid respira y sigue muy vivo en la lucha por LaLiga EA Sports. A pesar de que el FC Barcelona lidera la competici\u00f3n con 37 puntos, los de Xabi Alonso le pisan los talones con 36, por lo que la competici\u00f3n est\u00e1 m\u00e1s abierta que nunca. Un partido sobre el que hemos hablado<a href=\"https:\/\/cadenaser.com\/podcast\/cadena-ser\/el-larguero\/225\/\" target=\"_blank\" rel=\"noreferrer nofollow noopener\" title=\"https:\/\/cadenaser.com\/podcast\/cadena-ser\/el-larguero\/225\/\"> en El Larguero de la Cadena SER<\/a>, donde Manu Carre\u00f1o y su equipo habitual de colaboradores han analizado las claves de la victoria del Real Madrid. Entre ellos, Antonio Romero, quien cree que este partido puede ser de gran ayuda para Xabi Alonso a la hora de preparar los que vienen. <\/p>\n<p>El cambio de Xabi Alonso<\/p>\n<p>Principalmente porque el Real Madrid ha recuperado su mejor versi\u00f3n cuando ha apostado por un estilo de juego m\u00e1s directo y menos asociativo: \u00abCon Carlo Ancelotti es evidente que durante su \u00faltima temporada la cosa ya estaba torcida. Estaba todo acerc\u00e1ndose al final, pero ven\u00eda de donde ven\u00eda, y ven\u00eda de haber hecho algo muy importante con el Real Madrid. Pero Xabi Alonso hab\u00eda venido para el rock &amp; roll. Pero<a href=\"https:\/\/cadenaser.com\/nacional\/2025\/12\/04\/alvaro-benito-entre-la-prudencia-y-el-escepticismo-con-este-real-madrid-me-cuesta-mucho-pensar-que-xabi-alonso-se-haya-rendido-de-su-idea-cadena-ser\/\" target=\"_blank\" rel=\"noreferrer nofollow noopener\" title=\"https:\/\/cadenaser.com\/nacional\/2025\/12\/04\/alvaro-benito-entre-la-prudencia-y-el-escepticismo-con-este-real-madrid-me-cuesta-mucho-pensar-que-xabi-alonso-se-haya-rendido-de-su-idea-cadena-ser\/\"> el rock &amp; roll que imaginaba Xabi Alonso en su cabeza ha cambiado\u00bb.<\/a><\/p>\n<blockquote class=\"twitter-tweet\">\n<p lang=\"es\" dir=\"ltr\">\ud83d\ude44 \ud83e\udec2 \u00abNo ha sido tan TIERNO el abrazo Xabi-Vin\u00edcius como el momento entre Raphinha y Flick&#8230;\u00bb <a href=\"https:\/\/twitter.com\/aromeroser?ref_src=twsrc%5Etfw\" rel=\"nofollow noopener\" target=\"_blank\">@aromeroser<\/a><\/p>\n<p>\ud83c\udfb8 \u00abEl problema es que Ancelotti ten\u00eda un cr\u00e9dito que Xabi a\u00fan tiene que ganar, \u00e9l vino para el rock&amp;roll\u00bb<\/p>\n<p>\ud83c\udfc3 \u00abCon Vini y Mbapp\u00e9 a la carrera el equipo es m\u00e1s peligroso\u00bb <a href=\"https:\/\/t.co\/cNXJB3ocxU\" rel=\"nofollow\">pic.twitter.com\/cNXJB3ocxU<\/a><\/p>\n<p>\u2014 El Larguero (@ellarguero) <a href=\"https:\/\/twitter.com\/ellarguero\/status\/1996357998722322657?ref_src=twsrc%5Etfw\" rel=\"nofollow noopener\" target=\"_blank\">December 3, 2025<\/a><\/p><\/blockquote>\n<p>Y cree que es positivo porque est\u00e1 m\u00e1s cerca de recuperar la esencia del Real Madrid de temporadas pasadas: \u00abPara m\u00ed, con lo que tiene el Real Madrid actualmente, yo estoy m\u00e1s cerca de ver un Real Madrid aproxim\u00e1ndose a los t\u00edtulos con lo que he visto hoy, que con otro tipo de centro del campo u otro tipo de estructura en el terreno de juego\u00bb. Aunque antes de cantar victoria, cree que es importante ver c\u00f3mo se comporta el equipo con esta estructura de juego ante equipos de primer orden europeo.<\/p>\n<p>\u00abA la carrera son m\u00e1s peligrosos\u00bb<\/p>\n<p>A pesar de que el Athletic Club es un equipo que tambi\u00e9n participa en la UEFA Champions League, no le ha dado ning\u00fan tipo problema cuando no ten\u00eda el bal\u00f3n. De ah\u00ed que todav\u00eda haya que esperar a un partido contra cualquiera de las lanzas europeas para saber realmente si este es el camino o si hay que buscar nuevas soluciones. <\/p>\n<p>No obstante, el periodista deportivo cree que, con las piezas que tiene actualmente, la mejor opci\u00f3n posible pasa por poner a Vinicius y Mbapp\u00e9 a correr: \u00abYo creo que un Real Madrid con Vinicius y Mbapp\u00e9 a la carrera es m\u00e1s peligroso que tocando con cuatro o cinco en el centro del campo sin romper al espacio y sin tener demasiadas oportunidades de gol\u00bb. <\/p>\n<p>Escucha &#8216;El Larguero&#8217; completo<\/p>\n<p><a href=\"https:\/\/cadenaser.com\/podcast\/cadena-ser\/el-larguero\/225\/\" target=\"_blank\" rel=\"nofollow noopener\" title=\"https:\/\/cadenaser.com\/podcast\/cadena-ser\/el-larguero\/225\/\">Esto es un fragmento de &#8216;El Larguero&#8217;,<\/a> con Manu Carre\u00f1o. Puedes escuchar el programa completo aqu\u00ed:<\/p>\n<p><img decoding=\"async\" src=\"https:\/\/www.europesays.com\/es\/wp-content\/uploads\/2025\/12\/https:\/\/sdmedia.playser.cadenaser.com\/playser\/image\/202512\/04\/1764807607961_1764807744_asset_still.p.jpeg\" alt=\"El Real Madrid salva una bola de partido en Bilbao y el Girona se despide de la Copa del Rey\" width=\"655\"   loading=\"lazy\"\/><\/p>\n<p class=\"tit\">El Real Madrid salva una bola de partido en Bilbao y el Girona se despide de la Copa del Rey<\/p>\n<p>00:00:0001:42:58<\/p>\n<p>El c\u00f3digo iframe se ha copiado en el portapapeles<\/p>\n<p>FacebookTwitterLinkedinWhatsAppCerrar<\/p>\n<p><script async src=\"https:\/\/platform.twitter.com\/widgets.js\" charset=\"utf-8\"><\/script><\/p>\n","protected":false},"excerpt":{"rendered":"Madrid El Real Madrid ha hecho los deberes este mi\u00e9rcoles despu\u00e9s de ganarle por cero goles a tres&hellip;\n","protected":false},"author":2,"featured_media":270551,"comment_status":"","ping_status":"","sticky":false,"template":"","format":"standard","meta":{"footnotes":""},"categories":[5],"tags":[54966,66480,2203,17,18,66481,25,24,1205,50774,7136,13,14,280,282,50776,50777,50778,18808,11,8040,1210,19,20,1211,40538,1212,9,10,15,16,1215,42796,19596,3048,23,1219,16709,167,1221,66482,66483,12,21,22,42007],"class_list":{"0":"post-270550","1":"post","2":"type-post","3":"status-publish","4":"format-standard","5":"has-post-thumbnail","7":"category-titulares","8":"tag-202526-season","9":"tag-ath-bilbao","10":"tag-athletic-club","11":"tag-breaking-news","12":"tag-breakingnews","13":"tag-december-3","14":"tag-es","15":"tag-espana","16":"tag-european-football","17":"tag-f22photo","18":"tag-fans","19":"tag-featured-news","20":"tag-featurednews","21":"tag-football","22":"tag-futbol","23":"tag-goal","24":"tag-goal-celebration","25":"tag-guille-martinez","26":"tag-guillermo-martinez","27":"tag-headlines","28":"tag-kylian-mbappe","29":"tag-laliga-ea-sports","30":"tag-latest-news","31":"tag-latestnews","32":"tag-league","33":"tag-league-match","34":"tag-match","35":"tag-news","36":"tag-noticias","37":"tag-noticias-destacadas","38":"tag-noticiasdestacadas","39":"tag-nurphoto","40":"tag-player-performance","41":"tag-professional-football","42":"tag-real-madrid","43":"tag-spain","44":"tag-spanish-football","45":"tag-spanish-league","46":"tag-sports","47":"tag-sports-photography","48":"tag-team-celebration","49":"tag-teamwork","50":"tag-titulares","51":"tag-ultimas-noticias","52":"tag-ultimasnoticias","53":"tag-vinicius-jr"},"share_on_mastodon":{"url":"","error":"Validation failed: Text character limit of 500 exceeded"},"_links":{"self":[{"href":"https:\/\/www.europesays.com\/es\/wp-json\/wp\/v2\/posts\/270550","targetHints":{"allow":["GET"]}}],"collection":[{"href":"https:\/\/www.europesays.com\/es\/wp-json\/wp\/v2\/posts"}],"about":[{"href":"https:\/\/www.europesays.com\/es\/wp-json\/wp\/v2\/types\/post"}],"author":[{"embeddable":true,"href":"https:\/\/www.europesays.com\/es\/wp-json\/wp\/v2\/users\/2"}],"replies":[{"embeddable":true,"href":"https:\/\/www.europesays.com\/es\/wp-json\/wp\/v2\/comments?post=270550"}],"version-history":[{"count":0,"href":"https:\/\/www.europesays.com\/es\/wp-json\/wp\/v2\/posts\/270550\/revisions"}],"wp:featuredmedia":[{"embeddable":true,"href":"https:\/\/www.europesays.com\/es\/wp-json\/wp\/v2\/media\/270551"}],"wp:attachment":[{"href":"https:\/\/www.europesays.com\/es\/wp-json\/wp\/v2\/media?parent=270550"}],"wp:term":[{"taxonomy":"category","embeddable":true,"href":"https:\/\/www.europesays.com\/es\/wp-json\/wp\/v2\/categories?post=270550"},{"taxonomy":"post_tag","embeddable":true,"href":"https:\/\/www.europesays.com\/es\/wp-json\/wp\/v2\/tags?post=270550"}],"curies":[{"name":"wp","href":"https:\/\/api.w.org\/{rel}","templated":true}]}}