{"id":270554,"date":"2025-12-04T10:27:10","date_gmt":"2025-12-04T10:27:10","guid":{"rendered":"https:\/\/www.europesays.com\/es\/270554\/"},"modified":"2025-12-04T10:27:10","modified_gmt":"2025-12-04T10:27:10","slug":"aguanto-100-dias-por-mi","status":"publish","type":"post","link":"https:\/\/www.europesays.com\/es\/270554\/","title":{"rendered":"Aguant\u00f3 100 d\u00edas por m\u00ed"},"content":{"rendered":"<p class=\"paragraph\"><a href=\"https:\/\/www.heraldo.es\/noticias\/deportes\/2025\/12\/02\/la-boda-del-ciclista-e-influencer-dani-ku-en-el-hospital-antes-de-morir-por-cancer-1875308.html\" title=\"La boda del ciclista e influencer Dani Ku en el hospital antes de morir por c\u00e1ncer\" rel=\"nofollow noopener\" target=\"_blank\">El conocido ciclista e influencer espa\u00f1ol <\/a><b>Dani Ku<\/b> contrajo matrimonio con su pareja <b>J\u00fadit <\/b>en mayo de 2024, apenas 100 d\u00edas antes de fallecer v\u00edctima de un c\u00e1ncer de colon. El deportista, que muri\u00f3 en septiembre de 2024 a los 42 a\u00f1os, celebr\u00f3 una emotiva ceremonia en la habitaci\u00f3n 204 del hospital donde estaba ingresado, seg\u00fan ha revelado recientemente su viuda a trav\u00e9s de su cuenta de Instagram, compartiendo por primera vez este \u00edntimo momento con sus seguidores.<\/p>\n<p class=\"paragraph\">J\u00fadit ha decidido hacer p\u00fablico este episodio seis meses despu\u00e9s de la boda, explicando que su marido deseaba compartirlo cuando recibiera el alta, algo que lamentablemente nunca ocurri\u00f3. \u00ab<b>Hoy os comparto algo que no he contado hasta ahora, algo que s\u00f3lo saben las personas m\u00e1s cercanas<\/b>\u00ab, escribi\u00f3 en la red social junto a varias fotograf\u00edas del especial momento que vivieron en el centro hospitalario, donde dos amigas cercanas actuaron como testigos de la uni\u00f3n.<\/p>\n<p class=\"paragraph\"><b>La decisi\u00f3n de casarse surgi\u00f3 tras el ingreso del ciclista el 23 de mayo de 2024<\/b>, cuando los m\u00e9dicos advirtieron sobre la gravedad de su estado. \u00abMuy pronto, los m\u00e9dicos nos dijeron que no sab\u00edan si saldr\u00eda de la situaci\u00f3n, que pod\u00eda ser cuesti\u00f3n de d\u00edas\u00bb, ha relatado J\u00fadit, quien ha destacado que la boda pudo celebrarse gracias a la intervenci\u00f3n de una amiga y de la doctora que atend\u00eda a Dani Ku, concret\u00e1ndose el enlace el 30 de mayo.<\/p>\n","protected":false},"excerpt":{"rendered":"El conocido ciclista e influencer espa\u00f1ol Dani Ku contrajo matrimonio con su pareja J\u00fadit en mayo de 2024,&hellip;\n","protected":false},"author":2,"featured_media":267195,"comment_status":"","ping_status":"","sticky":false,"template":"","format":"standard","meta":{"footnotes":""},"categories":[273],"tags":[62502,1066,313,1757,312,168,25,24,3345,2616,23,167],"class_list":{"0":"post-270554","1":"post","2":"type-post","3":"status-publish","4":"format-standard","5":"has-post-thumbnail","7":"category-ciclismo","8":"tag-aguanto","9":"tag-cancer","10":"tag-ciclismo","11":"tag-ciclista","12":"tag-cycling","13":"tag-deportes","14":"tag-es","15":"tag-espana","16":"tag-hospital","17":"tag-morir","18":"tag-spain","19":"tag-sports"},"share_on_mastodon":{"url":"https:\/\/pubeurope.com\/@es\/115660825851448518","error":""},"_links":{"self":[{"href":"https:\/\/www.europesays.com\/es\/wp-json\/wp\/v2\/posts\/270554","targetHints":{"allow":["GET"]}}],"collection":[{"href":"https:\/\/www.europesays.com\/es\/wp-json\/wp\/v2\/posts"}],"about":[{"href":"https:\/\/www.europesays.com\/es\/wp-json\/wp\/v2\/types\/post"}],"author":[{"embeddable":true,"href":"https:\/\/www.europesays.com\/es\/wp-json\/wp\/v2\/users\/2"}],"replies":[{"embeddable":true,"href":"https:\/\/www.europesays.com\/es\/wp-json\/wp\/v2\/comments?post=270554"}],"version-history":[{"count":0,"href":"https:\/\/www.europesays.com\/es\/wp-json\/wp\/v2\/posts\/270554\/revisions"}],"wp:featuredmedia":[{"embeddable":true,"href":"https:\/\/www.europesays.com\/es\/wp-json\/wp\/v2\/media\/267195"}],"wp:attachment":[{"href":"https:\/\/www.europesays.com\/es\/wp-json\/wp\/v2\/media?parent=270554"}],"wp:term":[{"taxonomy":"category","embeddable":true,"href":"https:\/\/www.europesays.com\/es\/wp-json\/wp\/v2\/categories?post=270554"},{"taxonomy":"post_tag","embeddable":true,"href":"https:\/\/www.europesays.com\/es\/wp-json\/wp\/v2\/tags?post=270554"}],"curies":[{"name":"wp","href":"https:\/\/api.w.org\/{rel}","templated":true}]}}