{"id":270555,"date":"2025-12-04T10:29:17","date_gmt":"2025-12-04T10:29:17","guid":{"rendered":"https:\/\/www.europesays.com\/es\/270555\/"},"modified":"2025-12-04T10:29:17","modified_gmt":"2025-12-04T10:29:17","slug":"intenso-fin-de-semana-en-son-moix","status":"publish","type":"post","link":"https:\/\/www.europesays.com\/es\/270555\/","title":{"rendered":"Intenso fin de semana en Son Moix"},"content":{"rendered":"<p>Con el fin de semana de par\u00f3n por Ventanas FIBA, <strong>la <a href=\"https:\/\/www.ultimahora.es\/etiqueta\/Primera+FEB.html?utm_source=Inline-tag&amp;utm_medium=internal\" rel=\"nofollow noopener\" target=\"_blank\">Primera FEB<\/a> retoma la competici\u00f3n liguera mientras que la Liga Femenina Challenge contin\u00faa su curso y este fin de semana lo har\u00e1 por partida triple en Son Moix<\/strong>. <strong>Azulmarino, Palmer Basket y Fibwi Mallorca<\/strong> coinciden en este periodo festivo en el que todos jugar\u00e1n sus respectivos partidos en el pabell\u00f3n de la capital despu\u00e9s del partido de Champions del Palma Futsal.<\/p>\n<p>El primero en hacerlo ser\u00e1 el <strong>Azulmarino el s\u00e1bado a partir de las 19 horas de la tarde frente al Recoletas Zamora<\/strong> en el que las de Alberto Antu\u00f1a buscar\u00e1n la und\u00e9cima victoria consecutiva en liga con la que seguir su camino en lo alto de la Liga Femenina Challenge. De conseguirla, <strong>poco a poco se van acercando al r\u00e9cord de catorce triunfos que logr\u00f3 el Legan\u00e9s la temporada pasada<\/strong>.<\/p>\n<p>En la jornada del domingo y con el regreso de la Primera FEB, el <strong>Palmer Basket ser\u00e1 el encargado de devolver al pabell\u00f3n de Palma la categor\u00eda de plata del <a href=\"https:\/\/www.ultimahora.es\/etiqueta\/baloncesto.html?utm_source=Inline-tag&amp;utm_medium=internal\" rel=\"nofollow noopener\" target=\"_blank\">baloncesto<\/a> espa\u00f1ol este mes de diciembre<\/strong>. Lo har\u00e1 adem\u00e1s con todo un partidazo, frente al <strong>Movistar Estudiantes a partir de las 12 horas<\/strong>, rival con el que disputar\u00e1n el tercer duelo en lo que va de temporada y que todos han ca\u00eddo del bando madrile\u00f1o.<\/p>\n<p>Finalmente ser\u00e1 el turno del <strong>Fibwi Mallorca<\/strong> que busca seguir en din\u00e1mica positiva. Dos victorias de dos posibles en casa, <strong>buscar\u00e1n la tercera a partir de las 19 horas contra el Tizona Burgos<\/strong> con la que los de Pablo Cano quieren mantenerse en las posiciones de playoff de ascenso.<\/p>\n","protected":false},"excerpt":{"rendered":"Con el fin de semana de par\u00f3n por Ventanas FIBA, la Primera FEB retoma la competici\u00f3n liguera mientras&hellip;\n","protected":false},"author":2,"featured_media":270556,"comment_status":"","ping_status":"","sticky":false,"template":"","format":"standard","meta":{"footnotes":""},"categories":[269],"tags":[66484,299,298,168,25,24,301,832,833,14379,830,831,28561,829,3917,23,167],"class_list":{"0":"post-270555","1":"post","2":"type-post","3":"status-publish","4":"format-standard","5":"has-post-thumbnail","7":"category-baloncesto","8":"tag-azul-marino","9":"tag-baloncesto","10":"tag-basketball","11":"tag-deportes","12":"tag-es","13":"tag-espana","14":"tag-eurobasket","15":"tag-eurocup","16":"tag-euroliga","17":"tag-fibwi-palma","18":"tag-leb-oro","19":"tag-liga-acb","20":"tag-palau-desports-de-son-moix","21":"tag-palmer-basket-mallorca","22":"tag-primera-feb","23":"tag-spain","24":"tag-sports"},"share_on_mastodon":{"url":"https:\/\/pubeurope.com\/@es\/115660833894956567","error":""},"_links":{"self":[{"href":"https:\/\/www.europesays.com\/es\/wp-json\/wp\/v2\/posts\/270555","targetHints":{"allow":["GET"]}}],"collection":[{"href":"https:\/\/www.europesays.com\/es\/wp-json\/wp\/v2\/posts"}],"about":[{"href":"https:\/\/www.europesays.com\/es\/wp-json\/wp\/v2\/types\/post"}],"author":[{"embeddable":true,"href":"https:\/\/www.europesays.com\/es\/wp-json\/wp\/v2\/users\/2"}],"replies":[{"embeddable":true,"href":"https:\/\/www.europesays.com\/es\/wp-json\/wp\/v2\/comments?post=270555"}],"version-history":[{"count":0,"href":"https:\/\/www.europesays.com\/es\/wp-json\/wp\/v2\/posts\/270555\/revisions"}],"wp:featuredmedia":[{"embeddable":true,"href":"https:\/\/www.europesays.com\/es\/wp-json\/wp\/v2\/media\/270556"}],"wp:attachment":[{"href":"https:\/\/www.europesays.com\/es\/wp-json\/wp\/v2\/media?parent=270555"}],"wp:term":[{"taxonomy":"category","embeddable":true,"href":"https:\/\/www.europesays.com\/es\/wp-json\/wp\/v2\/categories?post=270555"},{"taxonomy":"post_tag","embeddable":true,"href":"https:\/\/www.europesays.com\/es\/wp-json\/wp\/v2\/tags?post=270555"}],"curies":[{"name":"wp","href":"https:\/\/api.w.org\/{rel}","templated":true}]}}