{"id":270559,"date":"2025-12-04T10:31:15","date_gmt":"2025-12-04T10:31:15","guid":{"rendered":"https:\/\/www.europesays.com\/es\/270559\/"},"modified":"2025-12-04T10:31:15","modified_gmt":"2025-12-04T10:31:15","slug":"cristina-la-hermana-de-alma-gallega-de-sonsoles-onega-que-dirige-el-canal-24-horas-de-rtve","status":"publish","type":"post","link":"https:\/\/www.europesays.com\/es\/270559\/","title":{"rendered":"Cristina, la hermana de alma gallega de Sonsoles \u00d3nega que dirige el Canal 24 horas de RTVE"},"content":{"rendered":"<p class=\"paragraph\">A veces no hace falta que nadie explique un parentesco; basta con verlas. Cuando<b> Sonsoles y Cristina \u00d3nega<\/b> aparecen juntas, el parecido es inmediato: comparten rasgos, gestos y una cercan\u00eda que atraviesa cualquier fotograf\u00eda. Cristina, la mayor, naci\u00f3 en 1975; Sonsoles lleg\u00f3 tres a\u00f1os despu\u00e9s. Aun as\u00ed, podr\u00edan pasar por gemelas gracias a la armon\u00eda de sus facciones y a la complicidad evidente entre ambas. Sin embargo, sus trayectorias p\u00fablicas han seguido caminos muy distintos. Mientras Sonsoles vive uno de los momentos m\u00e1s brillantes de su carrera, Cristina prefiere permanecer en un discreto segundo plano desde el que, seg\u00fan la propia presentadora, act\u00faa como apoyo, referencia y \u00abterm\u00f3metro\u00bb de todas sus decisiones.<\/p>\n<p class=\"paragraph\">La presentadora y escritora atraviesa una etapa profesional especialmente intensa. En Antena 3 contin\u00faa liderando las tardes con <b>Y ahora Sonsoles,<\/b> un programa que desde octubre de 2022 se consolid\u00f3 en los hogares espa\u00f1oles como un formato h\u00edbrido entre entretenimiento y actualidad. Paralelamente, su carrera literaria se ha disparado tras ganar el Premio Planeta en 2023 con Las hijas de la criada, obra que avanza hacia una adaptaci\u00f3n televisiva. En este contexto, Sonsoles no duda en subrayar el papel de su hermana:<b> \u00abEs mi hombro, mi mano, mi consuelo, mi abrazo\u2026<\/b> siempre est\u00e1 ah\u00ed cuando la necesito\u00bb. Tambi\u00e9n ha contado que Cristina es la primera persona a la que consulta cuando duda o teme haber ido demasiado lejos. Una relaci\u00f3n cotidiana que incluye cenas, conciertos y celebraciones familiares, como el reciente 48 cumplea\u00f1os de la presentadora.<\/p>\n<p class=\"paragraph\">Cristina \u00d3nega Salcedo naci\u00f3 en Madrid en 1975, pero en su biograf\u00eda siempre ha reivindicado su ra\u00edz gallega: <b>\u00abPeriodista. De alma gallega\u00bb,<\/b> escribe en su perfil, en referencia a su familia paterna. Su padre, Fernando \u00d3nega, naci\u00f3 en Mosteiro (Lugo) en el seno de una familia dedicada al campo, un origen que \u00e9l siempre ha reivindicado y que ha transmitido a sus hijas. Su madre, Marisol Salcedo, fue la primera esposa del periodista.<\/p>\n<p class=\"c-detail__media__subtitle composite_image\">\n<p>        Cristina \u00d3negaGtres<\/p>\n<p class=\"paragraph\">Licenciada en Periodismo por la Universidad CEU San Pablo (la misma instituci\u00f3n donde a\u00f1os despu\u00e9s estudi\u00f3 Sonsoles), se incorpor\u00f3 a los Servicios Informativos de RTVE en 1997. Comenz\u00f3 en <b>el Canal 24 Horas, <\/b>el mismo espacio que dirige desde 2018. Adem\u00e1s, en mayo su rol en RTVE se reforz\u00f3 al asumir la subdirecci\u00f3n de los Servicios Informativos.<\/p>\n<p class=\"paragraph\">En 1999 pas\u00f3 a la redacci\u00f3n de los Telediarios, primero en Pol\u00edtica y despu\u00e9s en Tribunales, \u00e1rea en la que permaneci\u00f3 trece a\u00f1os y que consolid\u00f3 su reputaci\u00f3n profesional. Durante esa etapa recibi\u00f3 el Premio Larra de la Asociaci\u00f3n de la Prensa de Madrid y un galard\u00f3n del Colegio de Abogados por su cobertura en informaci\u00f3n judicial. En 2012 fue nombrada jefa del \u00e1rea de Nacional de TVE y, dos a\u00f1os despu\u00e9s, directora de Comunicaci\u00f3n del Consejo General del Poder Judicial (CGPJ). Desde ese cargo coordin\u00f3 la comunicaci\u00f3n del Tribunal Supremo, la Audiencia Nacional y los Tribunales Superiores de Justicia, adem\u00e1s de participar en iniciativas de transparencia institucional.<\/p>\n<p class=\"paragraph\">Fuera del \u00e1mbito profesional, Cristina mantiene un perfil extraordinariamente discreto. Sus redes sociales son privadas y las pocas veces que trasciende algo de su d\u00eda a d\u00eda suele ser a trav\u00e9s de peque\u00f1as an\u00e9cdotas que ella misma ha compartido: madrugones en Torrespa\u00f1a, amaneceres de guardia informativa o la tradicional <b>\u00abmerienda de la prensa de tribunales\u00bb<\/b> en el CGPJ, compuesta de chocolates y palmeras, y que ella misma aclar\u00f3 que \u00abera de su bolsillo\u00bb. Aunque rara vez acude a actos p\u00fablicos, se la ha visto en la gala de Las Top 100 Mujeres L\u00edderes de Espa\u00f1a en febrero de 2025 y en abril de 2024 junto a Sonsoles en una exposici\u00f3n de Aldeas Infantiles. Tambi\u00e9n acompa\u00f1\u00f3 a su padre cuando fue nombrado acad\u00e9mico de honor por la Real Academia Europea de Doctores.<\/p>\n","protected":false},"excerpt":{"rendered":"A veces no hace falta que nadie explique un parentesco; basta con verlas. Cuando Sonsoles y Cristina \u00d3nega&hellip;\n","protected":false},"author":2,"featured_media":270560,"comment_status":"","ping_status":"","sticky":false,"template":"","format":"standard","meta":{"footnotes":""},"categories":[174],"tags":[255,146,147,25,24,256,23],"class_list":{"0":"post-270559","1":"post","2":"type-post","3":"status-publish","4":"format-standard","5":"has-post-thumbnail","7":"category-famosos","8":"tag-celebrities","9":"tag-entertainment","10":"tag-entretenimiento","11":"tag-es","12":"tag-espana","13":"tag-famosos","14":"tag-spain"},"share_on_mastodon":{"url":"https:\/\/pubeurope.com\/@es\/115660841649231077","error":""},"_links":{"self":[{"href":"https:\/\/www.europesays.com\/es\/wp-json\/wp\/v2\/posts\/270559","targetHints":{"allow":["GET"]}}],"collection":[{"href":"https:\/\/www.europesays.com\/es\/wp-json\/wp\/v2\/posts"}],"about":[{"href":"https:\/\/www.europesays.com\/es\/wp-json\/wp\/v2\/types\/post"}],"author":[{"embeddable":true,"href":"https:\/\/www.europesays.com\/es\/wp-json\/wp\/v2\/users\/2"}],"replies":[{"embeddable":true,"href":"https:\/\/www.europesays.com\/es\/wp-json\/wp\/v2\/comments?post=270559"}],"version-history":[{"count":0,"href":"https:\/\/www.europesays.com\/es\/wp-json\/wp\/v2\/posts\/270559\/revisions"}],"wp:featuredmedia":[{"embeddable":true,"href":"https:\/\/www.europesays.com\/es\/wp-json\/wp\/v2\/media\/270560"}],"wp:attachment":[{"href":"https:\/\/www.europesays.com\/es\/wp-json\/wp\/v2\/media?parent=270559"}],"wp:term":[{"taxonomy":"category","embeddable":true,"href":"https:\/\/www.europesays.com\/es\/wp-json\/wp\/v2\/categories?post=270559"},{"taxonomy":"post_tag","embeddable":true,"href":"https:\/\/www.europesays.com\/es\/wp-json\/wp\/v2\/tags?post=270559"}],"curies":[{"name":"wp","href":"https:\/\/api.w.org\/{rel}","templated":true}]}}