{"id":270577,"date":"2025-12-04T10:41:09","date_gmt":"2025-12-04T10:41:09","guid":{"rendered":"https:\/\/www.europesays.com\/es\/270577\/"},"modified":"2025-12-04T10:41:09","modified_gmt":"2025-12-04T10:41:09","slug":"ocho-nuevos-milmillonarios-y-una-riqueza-un-215-mayor-los-ricos-espanoles-no-paran-de-crecer-el-salto","status":"publish","type":"post","link":"https:\/\/www.europesays.com\/es\/270577\/","title":{"rendered":"Ocho nuevos milmillonarios y una riqueza un 21,5% mayor: los ricos espa\u00f1oles no paran de crecer &#8211; El Salto"},"content":{"rendered":"<p>Ni se van por el supuesto \u201c<a href=\"https:\/\/www.elsaltodiario.com\/economia\/no-millonarios-no-estan-huyendo-del-infierno-fiscal-espanol-no-paran-crecer-2018\" target=\"_blank\" rel=\"nofollow noopener\">infierno fiscal<\/a>\u201d, ni ha ca\u00eddo la riqueza de los que m\u00e1s tienen en la supuesta \u201cdictadura comunista\u201d, los ultrarricos, aquellos con una riqueza superior a los mil millones de d\u00f3lares (unos 900 millones de euros) no deja de aumentar a\u00f1o tras a\u00f1o. Seg\u00fan se\u00f1ala el nuevo <a href=\"https:\/\/www.elsaltodiario.com\/economia\/file:\/\/\/C:\/Users\/LENOVO\/Downloads\/ubs-billionaire-ambitions-report-2025-the-rise-of-a-new-generation.pdf\" target=\"_blank\" rel=\"nofollow noopener\">Informe sobre las ambiciones de los multimillonarios 2025<\/a> de UBS, la cifra de s\u00faper ricos en Espa\u00f1a ha aumentado en ocho personas m\u00e1s hasta los 32 y su riqueza acumulada se ha incrementado en un 21,5%.<\/p>\n<blockquote><p>El patrimonio acumulado de los s\u00faper ricos espa\u00f1oles ha aumentado en m\u00e1s de 38.000 millones de d\u00f3lares en tan s\u00f3lo un a\u00f1o<\/p><\/blockquote>\n<p>Si miramos las cifras concretas, la riqueza que acumulan ha pasado de los 175.400 millones de d\u00f3lares que atesoraban los 24 milmillonarios a cierre de 2024 a los 213.100 millones que acumulan los 32 a cierre de este 2025. Es decir, el patrimonio acumulado ha aumentado en m\u00e1s de 38.000 millones de d\u00f3lares en tan s\u00f3lo un a\u00f1o. Estos ocho nuevos ricos que han entrado en la lista han a\u00f1adido 11.600 millones de d\u00f3lares al total.<\/p>\n<p>De todas formas, la lista sigue siendo eclipsada por completo por el n\u00famero uno indiscutible: Amancio Ortega. El due\u00f1o de la mayor\u00eda de Inditex sigue siendo el milmillonario que tira del carro acumulando m\u00e1s de la mitad de la riqueza de todo este selecto club. En concreto, Amancio Ortega tiene el 58,2% de toda la riqueza del grupo de las 32 personas que superan los mil millones de d\u00f3lares en Espa\u00f1a.<\/p>\n<p>Los datos del banco se\u00f1alan que la riqueza del due\u00f1o de Zara se ha incrementado en nada menos que 21.600 millones de d\u00f3lares tan s\u00f3lo en 2025. Datos que llegan justo en la semana en la que Inditex, de la mano de su hija Marta Ortega, ha anunciado <a href=\"https:\/\/www.20minutos.es\/lainformacion\/economia-y-finanzas\/inditex-coge-velocidad-logra-nuevo-beneficio-record-nueve-primeros-meses-ano_6905851_0.html\" target=\"_blank\" rel=\"nofollow noopener\">r\u00e9cord hist\u00f3rico de beneficios<\/a> de la multinacional del retail. Tras el anuncio, Inditex se dispar\u00f3 en bolsa m\u00e1s de un 9% lo que, seg\u00fan <a href=\"https:\/\/www.forbes.com\/real-time-billionaires\/\" target=\"_blank\" rel=\"nofollow noopener\">Forbes<\/a>, suma a la riqueza del empresario gallego otros 11.500 millones de d\u00f3lares en tan s\u00f3lo un d\u00eda.<\/p>\n<blockquote><p>La riqueza acumulada de este club de 2.919 s\u00faper ricos aument\u00f3 hasta los 15,8 billones de d\u00f3lares<\/p><\/blockquote>\n<p>A nivel global, la tendencia es parecida: los s\u00faper millonarios se incrementan. La cantidad de este tipo de ricos se increment\u00f3 en un 8,8% a nivel global, frente al incremento del 33% que se ha visto en Espa\u00f1a. La riqueza acumulada de este club de 2.919 s\u00faper ricos aument\u00f3 hasta los 15,8 billones de d\u00f3lares (13,5 billones de euros), lo que supone una acumulaci\u00f3n extra de dinero de este grupo de milmillonarios de 386.500 millones de d\u00f3lares.<\/p>\n","protected":false},"excerpt":{"rendered":"Ni se van por el supuesto \u201cinfierno fiscal\u201d, ni ha ca\u00eddo la riqueza de los que m\u00e1s tienen&hellip;\n","protected":false},"author":2,"featured_media":270578,"comment_status":"","ping_status":"","sticky":false,"template":"","format":"standard","meta":{"footnotes":""},"categories":[80],"tags":[82,95,94,33581,25,24,3906,20333,23],"class_list":{"0":"post-270577","1":"post","2":"type-post","3":"status-publish","4":"format-standard","5":"has-post-thumbnail","7":"category-economia","8":"tag-business","9":"tag-economia","10":"tag-economy","11":"tag-el-salmon-contracorriente","12":"tag-es","13":"tag-espana","14":"tag-inditex","15":"tag-millonarios","16":"tag-spain"},"share_on_mastodon":{"url":"https:\/\/pubeurope.com\/@es\/115660880859215309","error":""},"_links":{"self":[{"href":"https:\/\/www.europesays.com\/es\/wp-json\/wp\/v2\/posts\/270577","targetHints":{"allow":["GET"]}}],"collection":[{"href":"https:\/\/www.europesays.com\/es\/wp-json\/wp\/v2\/posts"}],"about":[{"href":"https:\/\/www.europesays.com\/es\/wp-json\/wp\/v2\/types\/post"}],"author":[{"embeddable":true,"href":"https:\/\/www.europesays.com\/es\/wp-json\/wp\/v2\/users\/2"}],"replies":[{"embeddable":true,"href":"https:\/\/www.europesays.com\/es\/wp-json\/wp\/v2\/comments?post=270577"}],"version-history":[{"count":0,"href":"https:\/\/www.europesays.com\/es\/wp-json\/wp\/v2\/posts\/270577\/revisions"}],"wp:featuredmedia":[{"embeddable":true,"href":"https:\/\/www.europesays.com\/es\/wp-json\/wp\/v2\/media\/270578"}],"wp:attachment":[{"href":"https:\/\/www.europesays.com\/es\/wp-json\/wp\/v2\/media?parent=270577"}],"wp:term":[{"taxonomy":"category","embeddable":true,"href":"https:\/\/www.europesays.com\/es\/wp-json\/wp\/v2\/categories?post=270577"},{"taxonomy":"post_tag","embeddable":true,"href":"https:\/\/www.europesays.com\/es\/wp-json\/wp\/v2\/tags?post=270577"}],"curies":[{"name":"wp","href":"https:\/\/api.w.org\/{rel}","templated":true}]}}