{"id":270584,"date":"2025-12-04T10:49:18","date_gmt":"2025-12-04T10:49:18","guid":{"rendered":"https:\/\/www.europesays.com\/es\/270584\/"},"modified":"2025-12-04T10:49:18","modified_gmt":"2025-12-04T10:49:18","slug":"quiero-ser-honesto-era-muy-bonita-cuando-habia-un-calendario-y-los-mejores-jugaban-siempre","status":"publish","type":"post","link":"https:\/\/www.europesays.com\/es\/270584\/","title":{"rendered":"Quiero ser honesto, era muy bonita cuando hab\u00eda un calendario y los mejores jugaban siempre"},"content":{"rendered":"<p class=\"c-paragraph\">El extenista <a href=\"https:\/\/www.20minutos.es\/tags\/deportes\/rafa-nadal.html\" title=\"Rafa Nadal\" rel=\"nofollow noopener\" target=\"_blank\">Rafa Nadal<\/a> recibi\u00f3 este lunes el Premio As Leyenda 2025 como reconocimiento a su carrera profesional y su legado fuera de las pistas. Tras ello, el balear se sincer\u00f3 en El Larguero\u00a0sobre el momento actual del tenis y <b>dej\u00f3 una interesante propuesta para hacer m\u00e1s atractiva la <a href=\"https:\/\/www.20minutos.es\/tags\/deportes\/copa-davis.html\" title=\"Copa Davis\" rel=\"nofollow noopener\" target=\"_blank\">Copa Davis<\/a><\/b>, competici\u00f3n que marc\u00f3 el fin de su trayectoria.<\/p>\n<p class=\"c-paragraph\">\u00abQuiero ser honesto en este sentido. La realidad es que la Copa Davis era muy bonita cuando hab\u00eda un calendario, <b>cuando se daban las condiciones para que los mejores la jugaran siempre<\/b>\u00ab, arranc\u00f3 exponiendo el ganador de 22 Grand Slams.\u00a0<\/p>\n<p class=\"c-paragraph\">Nadal cree que \u00abcon el formato anterior dej\u00f3 de ser tan bonita cuando los mejores del mundo no la jugaban habitualmente.<b> Nos equivocamos pensando en que el pasado siempre fue mejor porque no es cierto. <\/b>El formato actual no es el ideal, pero el anterior no era lo suficientemente bueno\u00bb.<\/p>\n<p class=\"c-paragraph\">Nadal record\u00f3 que \u00abanteriormente eran cuatro eliminatorias y eso en un calendario como el del tenis, al final,<b> en alg\u00fan momento te cojeaba<\/b>\u00ab, motivo por el que tuvo que renunciar a participar en varias ocasiones.<\/p>\n<p class=\"c-paragraph\">\u00abNo pod\u00eda jugar en pista dura y al d\u00eda siguiente en pista de hierba. No ten\u00edas margen de preparaci\u00f3n y eso te perjudicaba porque despu\u00e9s jugabas en tierra, por ejemplo. Este era el anterior formato. <b>El formato actual es el m\u00e1s favorable para los jugadores<\/b>\u00ab, reconoci\u00f3, aunque con un matiz.<\/p>\n<p class=\"c-paragraph\">\u00abEso s\u00ed, si consigui\u00e9ramos hacer dos eliminatorias un a\u00f1o y otras dos en otro, con fechas adecuadas, <b>creo que ser\u00eda una competici\u00f3n bonita y de m\u00e1ximo prestigio<\/b>\u00ab, a\u00f1adi\u00f3 Rafa Nadal.<\/p>\n","protected":false},"excerpt":{"rendered":"El extenista Rafa Nadal recibi\u00f3 este lunes el Premio As Leyenda 2025 como reconocimiento a su carrera profesional&hellip;\n","protected":false},"author":2,"featured_media":258414,"comment_status":"","ping_status":"","sticky":false,"template":"","format":"standard","meta":{"footnotes":""},"categories":[274],"tags":[168,25,24,21051,3489,2078,7679,12830,23,167,327,326],"class_list":{"0":"post-270584","1":"post","2":"type-post","3":"status-publish","4":"format-standard","5":"has-post-thumbnail","7":"category-tenis","8":"tag-deportes","9":"tag-es","10":"tag-espana","11":"tag-hacer","12":"tag-nadal","13":"tag-para","14":"tag-propuesta","15":"tag-rafa","16":"tag-spain","17":"tag-sports","18":"tag-tenis","19":"tag-tennis"},"share_on_mastodon":{"url":"https:\/\/pubeurope.com\/@es\/115660912419565202","error":""},"_links":{"self":[{"href":"https:\/\/www.europesays.com\/es\/wp-json\/wp\/v2\/posts\/270584","targetHints":{"allow":["GET"]}}],"collection":[{"href":"https:\/\/www.europesays.com\/es\/wp-json\/wp\/v2\/posts"}],"about":[{"href":"https:\/\/www.europesays.com\/es\/wp-json\/wp\/v2\/types\/post"}],"author":[{"embeddable":true,"href":"https:\/\/www.europesays.com\/es\/wp-json\/wp\/v2\/users\/2"}],"replies":[{"embeddable":true,"href":"https:\/\/www.europesays.com\/es\/wp-json\/wp\/v2\/comments?post=270584"}],"version-history":[{"count":0,"href":"https:\/\/www.europesays.com\/es\/wp-json\/wp\/v2\/posts\/270584\/revisions"}],"wp:featuredmedia":[{"embeddable":true,"href":"https:\/\/www.europesays.com\/es\/wp-json\/wp\/v2\/media\/258414"}],"wp:attachment":[{"href":"https:\/\/www.europesays.com\/es\/wp-json\/wp\/v2\/media?parent=270584"}],"wp:term":[{"taxonomy":"category","embeddable":true,"href":"https:\/\/www.europesays.com\/es\/wp-json\/wp\/v2\/categories?post=270584"},{"taxonomy":"post_tag","embeddable":true,"href":"https:\/\/www.europesays.com\/es\/wp-json\/wp\/v2\/tags?post=270584"}],"curies":[{"name":"wp","href":"https:\/\/api.w.org\/{rel}","templated":true}]}}