{"id":270603,"date":"2025-12-04T11:04:12","date_gmt":"2025-12-04T11:04:12","guid":{"rendered":"https:\/\/www.europesays.com\/es\/270603\/"},"modified":"2025-12-04T11:04:12","modified_gmt":"2025-12-04T11:04:12","slug":"la-ue-presenta-planes-para-superar-los-obstaculos-a-la-inversion-que-dificultan-la-competitividad","status":"publish","type":"post","link":"https:\/\/www.europesays.com\/es\/270603\/","title":{"rendered":"La UE presenta planes para superar los obst\u00e1culos a la inversi\u00f3n que dificultan la competitividad"},"content":{"rendered":"\n<p class=\"yf-1090901\">Por Philip Blenkinsop<\/p>\n<p class=\"yf-1090901\">BRUSELAS, 4 dic (Reuters) &#8211; La Comisi\u00f3n Europea propuso el jueves medidas para hacer m\u00e1s competitivos los mercados de capitales de los 27, facilitando las operaciones transfronterizas y ampliando la \u200bsupervisi\u00f3n de la Autoridad Europea de Valores y Mercados (AEVM).<\/p>\n<p class=\"yf-1090901\">La UE intenta competir econ\u00f3micamente con Estados Unidos, \u200cChina y otros mercados rivales, pero podr\u00eda aumentar su competitividad reforzando su mercado \u00fanico, que funciona bien para el intercambio de bienes, \u200cpero no tanto para los servicios.<\/p>\n<p class=\"yf-1090901\">El ex primer ministro italiano Enrico Letta, autor el a\u00f1o pasado de un informe sobre la mejora del mercado \u00fanico, afirm\u00f3 que el mayor impacto global podr\u00eda venir de dirigir los 33 billones de euros (38,53 billones de d\u00f3lares) de ahorro privado hacia la econom\u00eda real. En la actualidad, alrededor de un tercio \u2060se mantiene en cuentas corrientes.<\/p>\n<p class=\"yf-1090901\">Letta afirm\u00f3 \u200cque los 300.000 millones de euros de ahorro familiar que se dirigen al extranjero, principalmente a Estados Unidos, ponen de manifiesto las deficiencias de los fragmentados mercados de la \u200dUE, al igual que la capitalizaci\u00f3n burs\u00e1til de las respectivas bolsas en 2024; en la UE es el 73% del PIB, frente al 270% de Estados Unidos.<\/p>\n<p class=\"yf-1090901\">Las propuestas de la Comisi\u00f3n Europea, que deber\u00e1n ser aprobadas por los pa\u00edses miembros y \u200bel Parlamento Europeo, facilitar\u00edan las operaciones transfronterizas de los mercados regulados y los depositarios centrales de valores.<\/p>\n<p class=\"yf-1090901\">Permitir\u00edan \u200ca los centros de negociaci\u00f3n paneuropeos racionalizar las estructuras corporativas y las licencias en una sola entidad y relajar los l\u00edmites a la tecnolog\u00eda de libro mayor digital, que normalmente se refiere a \u00abblockchain\u00bb o cadena de bloques, la tecnolog\u00eda que est\u00e1 detr\u00e1s de los criptoactivos.<\/p>\n<p class=\"yf-1090901\">La supervisi\u00f3n de las principales infraestructuras, como los centros de negociaci\u00f3n, las entidades de contrapartida central, los depositarios centrales de valores y los proveedores de criptoactivos, se transferir\u00eda a \u2060la AEVM, que tambi\u00e9n tendr\u00eda un mayor papel de coordinaci\u00f3n \u200bpara la gesti\u00f3n de activos.<\/p>\n<p class=\"yf-1090901\">Francia, sede de la AEVM, lleva tiempo \u200bpresionando para que se le otorguen mayores competencias. La directora de la AEVM, Verena Ross, ha dicho que acoger\u00eda favorablemente la medida, pero que se enfrenta a la resistencia de \u200dalgunos miembros de la UE.<\/p>\n<p class=\"yf-1090901\">Los \u2060reguladores financieros de Francia, Italia y Austria pidieron a la AEVM que asumiera la supervisi\u00f3n de las principales criptomonedas. El regulador financiero de Malta, que fue objeto de escrutinio por su proceso de \u2060concesi\u00f3n de licencias a principios de este a\u00f1o, ha dicho que se opone a dar m\u00e1s poder de supervisi\u00f3n a la AEVM.<\/p>\n","protected":false},"excerpt":{"rendered":"Por Philip Blenkinsop BRUSELAS, 4 dic (Reuters) &#8211; La Comisi\u00f3n Europea propuso el jueves medidas para hacer m\u00e1s&hellip;\n","protected":false},"author":2,"featured_media":270604,"comment_status":"","ping_status":"","sticky":false,"template":"","format":"standard","meta":{"footnotes":""},"categories":[80],"tags":[82,1708,95,94,25,24,66487,96,66486,23,943],"class_list":{"0":"post-270603","1":"post","2":"type-post","3":"status-publish","4":"format-standard","5":"has-post-thumbnail","7":"category-economia","8":"tag-business","9":"tag-comision-europea","10":"tag-economia","11":"tag-economy","12":"tag-es","13":"tag-espana","14":"tag-miembros-de-la-ue","15":"tag-millones-de-euros","16":"tag-philip-blenkinsop","17":"tag-spain","18":"tag-ue"},"share_on_mastodon":{"url":"https:\/\/pubeurope.com\/@es\/115660971451089738","error":""},"_links":{"self":[{"href":"https:\/\/www.europesays.com\/es\/wp-json\/wp\/v2\/posts\/270603","targetHints":{"allow":["GET"]}}],"collection":[{"href":"https:\/\/www.europesays.com\/es\/wp-json\/wp\/v2\/posts"}],"about":[{"href":"https:\/\/www.europesays.com\/es\/wp-json\/wp\/v2\/types\/post"}],"author":[{"embeddable":true,"href":"https:\/\/www.europesays.com\/es\/wp-json\/wp\/v2\/users\/2"}],"replies":[{"embeddable":true,"href":"https:\/\/www.europesays.com\/es\/wp-json\/wp\/v2\/comments?post=270603"}],"version-history":[{"count":0,"href":"https:\/\/www.europesays.com\/es\/wp-json\/wp\/v2\/posts\/270603\/revisions"}],"wp:featuredmedia":[{"embeddable":true,"href":"https:\/\/www.europesays.com\/es\/wp-json\/wp\/v2\/media\/270604"}],"wp:attachment":[{"href":"https:\/\/www.europesays.com\/es\/wp-json\/wp\/v2\/media?parent=270603"}],"wp:term":[{"taxonomy":"category","embeddable":true,"href":"https:\/\/www.europesays.com\/es\/wp-json\/wp\/v2\/categories?post=270603"},{"taxonomy":"post_tag","embeddable":true,"href":"https:\/\/www.europesays.com\/es\/wp-json\/wp\/v2\/tags?post=270603"}],"curies":[{"name":"wp","href":"https:\/\/api.w.org\/{rel}","templated":true}]}}