{"id":270605,"date":"2025-12-04T11:05:08","date_gmt":"2025-12-04T11:05:08","guid":{"rendered":"https:\/\/www.europesays.com\/es\/270605\/"},"modified":"2025-12-04T11:05:08","modified_gmt":"2025-12-04T11:05:08","slug":"israel-mata-a-cinco-personas-en-jan-yunis","status":"publish","type":"post","link":"https:\/\/www.europesays.com\/es\/270605\/","title":{"rendered":"Israel mata a cinco personas en Jan Yunis"},"content":{"rendered":"<p><strong>Israel ha matado este jueves al menos a cinco personas en la Franja de Gaza, entre ellas dos ni\u00f1os y dos mujeres<\/strong>, en un ataque contra un campamento de desplazados en Jan Yunis, al sur del enclave. <\/p>\n<p>El Ej\u00e9rcito israel\u00ed ha asegurado que <strong>el bombardeo es una represalia<\/strong> por el ataque este mi\u00e9rcoles contra sus soldados en R\u00e1fah, que dej\u00f3 cinco militares heridos. Para Ham\u00e1s, \u00abconstituye un claro crimen de guerra\u00bb y una \u00abnegligencia hacia el acuerdo de alto el fuego\u00bb. <\/p>\n<p>Tras este \u00faltimo ataque, <strong>China<\/strong> ha pedido que el alto el fuego pactado el 10 de octubre entre Israel y Ham\u00e1s se cumpla \u00abeficazmente\u00bb. <\/p>\n<p>Desde el comienzo del supuesto alto el fuego <strong>han muerto m\u00e1s de 340 palestinos a manos de Israel<\/strong>, seg\u00fan el recuento de la ONU a finales del mes de noviembre. En total, desde los ataques de Ham\u00e1s contra el sur de Israel el 7 de octubre de 2023, que costaron la vida a 1.200 personas, <strong>Israel ha matado a m\u00e1s de 70.000 palestinos<\/strong>.<\/p>\n<p>Bombardeo de tiendas cerca de un hospital<\/p>\n<p>El bombardeo israel\u00ed se ha producido durante la noche <strong>cerca del hospital de campa\u00f1a palestino-kuwait\u00ed<\/strong>. Seg\u00fan fuentes m\u00e9dicas locales, citadas por Efe, 30 personas han resultado heridas. Muchos de los residentes en las tiendas del campamento, llamado Najaa y ubicado en la zona de Al Mawasi, eran empleados del hospital y sus familias. <\/p>\n<p>Palestinos desplazados inspeccionan los da\u00f1os en sus tiendas tras el ataque israel\u00ed de este jueves cerca de Jan Yunis, sur de Gaza\u00a0AP Photo\/Abdel Kareem Hana<\/p>\n<p>El portavoz de Defensa Civil de Gaza,<strong> Mahmoud Basal,<\/strong> ha afirmado en un mensaje que los muertos \u00ab<strong>no se encontraban en una zona de combate, sino en un refugio,<\/strong> en un lugar que les dijeron que era seguro\u00bb. \u00ab\u00bfCu\u00e1ntas masacres m\u00e1s deben cometerse antes de que todos comprendan que lo que est\u00e1 sucediendo en Gaza no es una &#8216;respuesta a un suceso&#8217;, sino un ataque sistem\u00e1tico y el asesinato directo de civiles?\u00bb, se ha preguntado Basal. <\/p>\n<p>Mientras, en <strong>R\u00e1fah<\/strong>, localidad fronteriza con Egipto, <strong>decenas de milicianos de Ham\u00e1s siguen atrincherados en t\u00faneles<\/strong>, lo que est\u00e1 provocando los enfrentamientos que desaf\u00edan el alto el fuego. Israel pretende \u00abcapturarlos o eliminarlos\u00bb si no se rinden y entregan sus armas. Ham\u00e1s ha pedido a los mediadores del alto el fuego (EE.UU., Egipto y Catar) que estos milicianos salgan de la zona de Gaza controlada por Israel. <\/p>\n<p>China pide que el alto el fuego \u00abse implemente eficazmente\u00bb <\/p>\n<p>Tras este \u00faltimo ataque, China ha pedido que el <strong>acuerdo de alto el fuego en Gaza \u00abse implemente eficazmente\u00bb. <\/strong><\/p>\n<p>El portavoz del Ministerio de Exteriores chino, Lin Jian, ha lamentado que \u00abla situaci\u00f3n en Gaza siga siendo fr\u00e1gil\u00bb y ha subrayado la importancia del alto el fuego \u00abpara aliviar la crisis humanitaria y restablecer la paz y la estabilidad regionales lo antes posible\u00bb.<\/p>\n<p>El presidente chino, <strong>Xi Jinping<\/strong>, que este jueves se ha reunido en Pek\u00edn con su hom\u00f3logo franc\u00e9s, <strong>Emmanuel Macron<\/strong>, ha afirmado que ambos pa\u00edses trabajar\u00e1n conjuntamente para avanzar hacia \u00abuna soluci\u00f3n completa, justa y duradera\u00bb en Oriente Medio, y ha anunciado una ayuda de 100 millones de d\u00f3lares destinada a la reconstrucci\u00f3n de Gaza.<\/p>\n<p>Desde el comienzo de la masacre israel\u00ed en Gaza, en 2023, China ha expresado su \u00abconsternaci\u00f3n\u00bb por los ataques israel\u00edes contra la poblaci\u00f3n civil gazat\u00ed y ha reiterado su apoyo a la soluci\u00f3n de los dos Estados. <\/p>\n","protected":false},"excerpt":{"rendered":"Israel ha matado este jueves al menos a cinco personas en la Franja de Gaza, entre ellas dos&hellip;\n","protected":false},"author":2,"featured_media":270606,"comment_status":"","ping_status":"","sticky":false,"template":"","format":"standard","meta":{"footnotes":""},"categories":[42],"tags":[17,18,13,14,11,61,62,63,64,19,20,9,10,15,16,12,21,22,65,66,67],"class_list":{"0":"post-270605","1":"post","2":"type-post","3":"status-publish","4":"format-standard","5":"has-post-thumbnail","7":"category-internacional","8":"tag-breaking-news","9":"tag-breakingnews","10":"tag-featured-news","11":"tag-featurednews","12":"tag-headlines","13":"tag-internacional","14":"tag-international","15":"tag-international-news","16":"tag-internationalnews","17":"tag-latest-news","18":"tag-latestnews","19":"tag-news","20":"tag-noticias","21":"tag-noticias-destacadas","22":"tag-noticiasdestacadas","23":"tag-titulares","24":"tag-ultimas-noticias","25":"tag-ultimasnoticias","26":"tag-world","27":"tag-world-news","28":"tag-worldnews"},"share_on_mastodon":{"url":"https:\/\/pubeurope.com\/@es\/115660975299861101","error":""},"_links":{"self":[{"href":"https:\/\/www.europesays.com\/es\/wp-json\/wp\/v2\/posts\/270605","targetHints":{"allow":["GET"]}}],"collection":[{"href":"https:\/\/www.europesays.com\/es\/wp-json\/wp\/v2\/posts"}],"about":[{"href":"https:\/\/www.europesays.com\/es\/wp-json\/wp\/v2\/types\/post"}],"author":[{"embeddable":true,"href":"https:\/\/www.europesays.com\/es\/wp-json\/wp\/v2\/users\/2"}],"replies":[{"embeddable":true,"href":"https:\/\/www.europesays.com\/es\/wp-json\/wp\/v2\/comments?post=270605"}],"version-history":[{"count":0,"href":"https:\/\/www.europesays.com\/es\/wp-json\/wp\/v2\/posts\/270605\/revisions"}],"wp:featuredmedia":[{"embeddable":true,"href":"https:\/\/www.europesays.com\/es\/wp-json\/wp\/v2\/media\/270606"}],"wp:attachment":[{"href":"https:\/\/www.europesays.com\/es\/wp-json\/wp\/v2\/media?parent=270605"}],"wp:term":[{"taxonomy":"category","embeddable":true,"href":"https:\/\/www.europesays.com\/es\/wp-json\/wp\/v2\/categories?post=270605"},{"taxonomy":"post_tag","embeddable":true,"href":"https:\/\/www.europesays.com\/es\/wp-json\/wp\/v2\/tags?post=270605"}],"curies":[{"name":"wp","href":"https:\/\/api.w.org\/{rel}","templated":true}]}}