{"id":270615,"date":"2025-12-04T11:16:11","date_gmt":"2025-12-04T11:16:11","guid":{"rendered":"https:\/\/www.europesays.com\/es\/270615\/"},"modified":"2025-12-04T11:16:11","modified_gmt":"2025-12-04T11:16:11","slug":"10-000-km-y-17-horas-de-avion-para-conocer-a-su-segundo-hijo","status":"publish","type":"post","link":"https:\/\/www.europesays.com\/es\/270615\/","title":{"rendered":"10.000 km y 17 horas de avi\u00f3n para conocer a su segundo hijo"},"content":{"rendered":"<p><a href=\"https:\/\/okdiario.com\/deportes\/luka-doncic-hace-historia-nba-mas-400-puntos-100-asistencias-doce-partidos-15816204\" rel=\"nofollow noopener\" target=\"_blank\"><strong>Luka Doncic<\/strong><\/a> ha volado de urgencia a Eslovenia para ver nacer a su segundo hijo. <strong>Los Angeles Lakers<\/strong> no podr\u00e1n contar con su estrella para el partido de esta noche frente a los Toronto Raptors, porque ha viajado a su pa\u00eds natal para estar junto a su pareja <strong>Anamaria Goltes<\/strong> en el nacimiento de su segundo hijo. 10.000 kil\u00f3metros y 17 horas de avi\u00f3n se ha metido el base esloveno para volver a su casa junto a su familia en este momento tan importante.<\/p>\n<p>En diciembre de 2023, el base de Los Angeles Lakers fue padre por primera vez junto a su pareja <strong>Anamaria Goltes<\/strong>. Ella dio a luz a una ni\u00f1a llamada <strong>Gabriela,<\/strong> a la que <a href=\"https:\/\/okdiario.com\/deportes\/precioso-detalle-luka-doncic-hija-exhibicion-contra-bucks-15769358\" rel=\"nofollow noopener\" target=\"_blank\"><strong>Luka Doncic<\/strong><\/a> lleva siempre consigo. El ex del Real Madrid y Dallas Mavericks se puso el nombre de su peque\u00f1a escrito a mano en las zapatillas con las que juega. Gabriela es la ni\u00f1a de sus ojos y hace tres d\u00edas cumpli\u00f3 dos a\u00f1itos.<\/p>\n<p>Pero la peque\u00f1a estaba con su madre en Eslovenia y no pudo celebrarlo con ella. Es por eso que <strong>Luka<\/strong> colg\u00f3 un emotivo mensaje de felicitaci\u00f3n a su hija en redes sociales, en el que asegura \u00abno puedo esperar a verte pronto\u00bb: \u00ab\u00a1Feliz cumplea\u00f1os mi peque\u00f1a princesa! \u00a1Traes la mayor alegr\u00eda a mi vida! Te amo, te extra\u00f1o mucho y <strong>no puedo esperar a verte pronto<\/strong>\u00bb. Doncic se reunir\u00e1 con ella y con su prometida.<\/p>\n<p>Por ese motivo, los <a href=\"https:\/\/www.nba.com\/lakers\/los-lakers-homepage\" rel=\"nofollow noopener\" target=\"_blank\"><strong>Lakers<\/strong><\/a> tendr\u00e1n que apa\u00f1\u00e1rselas sin su estrella en casa de uno de los mejores equipos de la <strong>NBA.<\/strong> Para colmo, el conjunto angelino viene de sufrir una de las derrotas m\u00e1s duras de la temporada hace unos d\u00edas frente a los Phoenix Suns (108-125) en casa. Actualmente, la franquicia p\u00farpura y dorada son segundos en la <strong>Conferencia Oeste de la NBA<\/strong> con 15 victorias y cinco derrotas, solamente por detr\u00e1s de unos Oklahoma City Thunder que parecen imparables a d\u00eda de hoy (21 victorias y 1 derrota).<\/p>\n","protected":false},"excerpt":{"rendered":"Luka Doncic ha volado de urgencia a Eslovenia para ver nacer a su segundo hijo. Los Angeles Lakers&hellip;\n","protected":false},"author":2,"featured_media":270616,"comment_status":"","ping_status":"","sticky":false,"template":"","format":"standard","meta":{"footnotes":""},"categories":[269],"tags":[299,298,168,25,24,23,167],"class_list":{"0":"post-270615","1":"post","2":"type-post","3":"status-publish","4":"format-standard","5":"has-post-thumbnail","7":"category-baloncesto","8":"tag-baloncesto","9":"tag-basketball","10":"tag-deportes","11":"tag-es","12":"tag-espana","13":"tag-spain","14":"tag-sports"},"share_on_mastodon":{"url":"https:\/\/pubeurope.com\/@es\/115661018669314917","error":""},"_links":{"self":[{"href":"https:\/\/www.europesays.com\/es\/wp-json\/wp\/v2\/posts\/270615","targetHints":{"allow":["GET"]}}],"collection":[{"href":"https:\/\/www.europesays.com\/es\/wp-json\/wp\/v2\/posts"}],"about":[{"href":"https:\/\/www.europesays.com\/es\/wp-json\/wp\/v2\/types\/post"}],"author":[{"embeddable":true,"href":"https:\/\/www.europesays.com\/es\/wp-json\/wp\/v2\/users\/2"}],"replies":[{"embeddable":true,"href":"https:\/\/www.europesays.com\/es\/wp-json\/wp\/v2\/comments?post=270615"}],"version-history":[{"count":0,"href":"https:\/\/www.europesays.com\/es\/wp-json\/wp\/v2\/posts\/270615\/revisions"}],"wp:featuredmedia":[{"embeddable":true,"href":"https:\/\/www.europesays.com\/es\/wp-json\/wp\/v2\/media\/270616"}],"wp:attachment":[{"href":"https:\/\/www.europesays.com\/es\/wp-json\/wp\/v2\/media?parent=270615"}],"wp:term":[{"taxonomy":"category","embeddable":true,"href":"https:\/\/www.europesays.com\/es\/wp-json\/wp\/v2\/categories?post=270615"},{"taxonomy":"post_tag","embeddable":true,"href":"https:\/\/www.europesays.com\/es\/wp-json\/wp\/v2\/tags?post=270615"}],"curies":[{"name":"wp","href":"https:\/\/api.w.org\/{rel}","templated":true}]}}