{"id":270623,"date":"2025-12-04T11:21:11","date_gmt":"2025-12-04T11:21:11","guid":{"rendered":"https:\/\/www.europesays.com\/es\/270623\/"},"modified":"2025-12-04T11:21:11","modified_gmt":"2025-12-04T11:21:11","slug":"el-duro-comunicado-del-presidente-de-rtve-ante-el-conclave-que-decidira-el-fin-o-la-salvacion-de-eurovision-nunca-se-deberia-haber-llegado-a-este-punto-el-mundo","status":"publish","type":"post","link":"https:\/\/www.europesays.com\/es\/270623\/","title":{"rendered":"El duro comunicado del presidente de RTVE ante el c\u00f3nclave que decidir\u00e1 el fin o la salvaci\u00f3n de Eurovisi\u00f3n: &quot;Nunca se deber\u00eda haber llegado a este punto&quot; &#8211; El Mundo"},"content":{"rendered":"<ol>\n<li><a href=\"https:\/\/news.google.com\/rss\/articles\/CBMif0FVX3lxTE9qNklQMUM2YUV6b0N3andBNVl6M2U0TEVXOTFPVXdQZHA5RDB6UG96cEtmWk1tWlloam5CRERSdjFGaUxTQmthSHhKb1pXQjJyRkx1bFhaWU9JcnRUZm5xT3YwYnRJQUpsN0NkOFBVekl4UUxFU1FWTmFDX3pYdkXSAX9BVV95cUxOVkc3RlltbE5qaU5fNTRQaGlWNnFYOXI2cHVvSkRtcVRGWUVBbnBfV1RpbjR1bTktYUUyc2hOaHYyZFN1THNPNmZaUXFmU21hNHdGRnZLTlg5RndHQ1JiU3B1RjBTQ1ZiNlZydHBtRmxTWjBaYllnRm5tVkRZazBJ?oc=5\" target=\"_blank\" rel=\"nofollow noopener\">El duro comunicado del presidente de RTVE ante el c\u00f3nclave que decidir\u00e1 el fin o la salvaci\u00f3n de Eurovisi\u00f3n: \u00abNunca se deber\u00eda haber llegado a este punto\u00bb<\/a>&nbsp;&nbsp;El Mundo<\/li>\n<li><a href=\"https:\/\/news.google.com\/rss\/articles\/CBMixwFBVV95cUxQRVFEeEJlR0s5dWwwajNjRUMxdlVLZk5TNnJ6VDY2alFyNno1LWJ0eEZfXzBDVUl5Y3lWaWx2blVod2tEbldLWmFvNDd5aVcyQ1h3eTRhV0g3REVBNDliUXBpZU4yQnNVU29ZYTZOOC1hYXU2Nkl6SkhXNUlLM1paWk9xQ2dyeTNiSC01dmVVS0V0UzdnWENGcXR0cDZSVFdPR1BoeFlxcl90dFZFSDhBUU5ZQVFyZjVmMkktbW8tSENULWtUcWVv?oc=5\" target=\"_blank\" rel=\"nofollow noopener\">Que nos quiten lo bailao: Eurovisi\u00f3n decide desde este jueves la participaci\u00f3n de Israel mientras Espa\u00f1a amenaza con retirarse<\/a>&nbsp;&nbsp;El HuffPost<\/li>\n<li><a href=\"https:\/\/news.google.com\/rss\/articles\/CBMi4wFBVV95cUxPMEJlel9ydkNGQVJCVS0xMi1oX2ZVTGJSSGl0T1piSzA0TGxTbzRQek5OYXhNdVRrdXEySnlNVGFfbE02TTRRVkFhVEo5SFFxbHJBdlNHTHk4ZjBQallYTlFpUmNTWXBnR2hITGZtQk45dUhod0lSR29NanRRc1ZjSlN2Z0tNeHhab0l2ZnlGT0NFdlJDNVV3cm1jeVJtVUFOSV96cE1GNXA2emctTFYxQ1UzNy05NExGLVRhZnVBTDhHbVJrUEtpV0o1Wlp2YlRxYjJ6X21FSlFlUWtYU0hOLVBHNNIB_wFBVV95cUxNXzVKMXpyN0d2WU9vVG9MeFctdDB0aXRHZGR5alhybDFIUXIwRWMwTTFBa3BhMjJVU3AwRkc3b193b3FTeGhEVkRjZDRTN0tkNTBQZS1KR2NsczVEOGJLX2h5clRmWjIwWjF6ZmNRZUVjVDFWZzhSTWxKeHdIc0JqdmxfYWlPeXFGZlRtMjNSTGl5WW5naU9VY09HQlBCNERVdU9FMlJGSTQyc0gxeDBTUFNRLUpneFRIZEJCeHktRGVSeEJwdmljR1VvLXlnSzlIVWUtcUxuNGotVW9iZTJ3TzRzZ2s2UzViRG1yUDVTLVotcDVFaTRQYnVlaXBJUFk?oc=5\" target=\"_blank\" rel=\"nofollow noopener\">Eurovisi\u00f3n, pendiente de una tensa cumbre de la UER en la que Espa\u00f1a y otros pa\u00edses podr\u00edan decir adi\u00f3s<\/a>&nbsp;&nbsp;La Voz de Galicia<\/li>\n<li><a href=\"https:\/\/news.google.com\/rss\/articles\/CBMi2wFBVV95cUxNZEhIQ0VsMUFUdDBCS2h5RDBhRWlLQ3Z1X3BOUkhYM2VRbkltTmhKYWpjS282a0l6QnhOYlJTNTQwWFcyYTAtblN4OVRHZENXajZpR1lJTXUzMnRSMktyU2ZfLXJzSUVYaGZ6ekhWYzRHRkstV3FCTEpzS1FzSlZJclVOM3ZQaEYtNlg2UzdNNTY2eDFfRW1HWnJVdlpKZ3d1VnE0OWtQbktsRmFkMkxmRE9fQTdGc2pqV2dfSjNQMzJLLWt5bVVxZUs1cFZxQXVRR3lNbkltemViOVHSAeABQVVfeXFMTUpPeGNKSHQyY2JMWGNjcVZDVGYxclpwRVBOUVJldnJod3ZreHVxU21jdnc1eDM2ZktkckF2U0tpTUxJQjl1UDV3OWZrMk1hTUdCV0NHcHUtM0ZYRXJqWlRKVlF2ck51aHlnRUxEeUluVE1EWDIyZnY4UGY2RXRlb2RIc0lBTUhwWk95aXpwRTRWQzZEQWU3ZlVoZ2E1ZUo1N3F2UnNTUDNlZWpFMGpQVkgzTFJob1lueWpMLVRGVGdycTBBeGxMSVdDeUFxclBZN1FoQUljV1RuUmlCbmc1WHM?oc=5\" target=\"_blank\" rel=\"nofollow noopener\">TVE no emitir\u00e1 ninguna de las tres galas de Eurovisi\u00f3n si Espa\u00f1a se retira finalmente del festival tras vetar a Israel<\/a>&nbsp;&nbsp;El Confidencial<\/li>\n<li><a href=\"https:\/\/news.google.com\/rss\/articles\/CBMirwFBVV95cUxQLXkwSDR1aFhHM1lveF9iWVQ5UFNSb0lzV21qbVFyc2JBdGU2WnNjVkI4S3RBR3NQM2ptd0p6YXVZWGttWjJsMDE1RVNpVHk4MTh3Mk1VQTdRNmI3Q01CSlp5VDVFT3IzRGNYaVM5cDdPVF9fb2M0MGxnUURaZXhpWWpDOGdha0I3RWlMTGJXY3RtRzhrZnA1OUpySS1CRVd0eVcxUG93emlMSTk5OUJF?oc=5\" target=\"_blank\" rel=\"nofollow noopener\">Qu\u00e9 gana y qu\u00e9 pierde Eurovisi\u00f3n si Israel sigue en el festival<\/a>&nbsp;&nbsp;El Correo<\/li>\n<\/ol>\n","protected":false},"excerpt":{"rendered":"El duro comunicado del presidente de RTVE ante el c\u00f3nclave que decidir\u00e1 el fin o la salvaci\u00f3n de&hellip;\n","protected":false},"author":2,"featured_media":270624,"comment_status":"","ping_status":"","sticky":false,"template":"","format":"standard","meta":{"footnotes":""},"categories":[171],"tags":[146,147,25,24,24121,74,518,23,807,214],"class_list":{"0":"post-270623","1":"post","2":"type-post","3":"status-publish","4":"format-standard","5":"has-post-thumbnail","7":"category-tv","8":"tag-entertainment","9":"tag-entretenimiento","10":"tag-es","11":"tag-espana","12":"tag-eurovision","13":"tag-israel","14":"tag-rtve","15":"tag-spain","16":"tag-television","17":"tag-tv"},"share_on_mastodon":{"url":"https:\/\/pubeurope.com\/@es\/115661038081279385","error":""},"_links":{"self":[{"href":"https:\/\/www.europesays.com\/es\/wp-json\/wp\/v2\/posts\/270623","targetHints":{"allow":["GET"]}}],"collection":[{"href":"https:\/\/www.europesays.com\/es\/wp-json\/wp\/v2\/posts"}],"about":[{"href":"https:\/\/www.europesays.com\/es\/wp-json\/wp\/v2\/types\/post"}],"author":[{"embeddable":true,"href":"https:\/\/www.europesays.com\/es\/wp-json\/wp\/v2\/users\/2"}],"replies":[{"embeddable":true,"href":"https:\/\/www.europesays.com\/es\/wp-json\/wp\/v2\/comments?post=270623"}],"version-history":[{"count":0,"href":"https:\/\/www.europesays.com\/es\/wp-json\/wp\/v2\/posts\/270623\/revisions"}],"wp:featuredmedia":[{"embeddable":true,"href":"https:\/\/www.europesays.com\/es\/wp-json\/wp\/v2\/media\/270624"}],"wp:attachment":[{"href":"https:\/\/www.europesays.com\/es\/wp-json\/wp\/v2\/media?parent=270623"}],"wp:term":[{"taxonomy":"category","embeddable":true,"href":"https:\/\/www.europesays.com\/es\/wp-json\/wp\/v2\/categories?post=270623"},{"taxonomy":"post_tag","embeddable":true,"href":"https:\/\/www.europesays.com\/es\/wp-json\/wp\/v2\/tags?post=270623"}],"curies":[{"name":"wp","href":"https:\/\/api.w.org\/{rel}","templated":true}]}}