{"id":270629,"date":"2025-12-04T11:25:07","date_gmt":"2025-12-04T11:25:07","guid":{"rendered":"https:\/\/www.europesays.com\/es\/270629\/"},"modified":"2025-12-04T11:25:07","modified_gmt":"2025-12-04T11:25:07","slug":"la-gripe-en-catalunya-se-situa-a-nivel-moderado-y-salud-recomienda-la-mascarilla-en-hospitales","status":"publish","type":"post","link":"https:\/\/www.europesays.com\/es\/270629\/","title":{"rendered":"La gripe en Catalunya se sit\u00faa a nivel moderado y Salud recomienda la mascarilla en hospitales"},"content":{"rendered":"<p><img id=\"fotoPrincipalNoticia\" src=\"https:\/\/www.europesays.com\/es\/wp-content\/uploads\/2025\/12\/fotonoticia_20251204121531_690.jpg\" loading=\"eager\" decoding=\"async\" style=\"view-transition-name: fechor_20251204121531;\" border=\"0\" alt=\"Archivo - Persona con gripe en una foto de archivo de Europa Press.\" fetchpriority=\"high\" title=\"La gripe en Catalunya se sit\u00faa a nivel moderado y Salud recomienda la mascarilla en hospitales\" width=\"690\" height=\"470\" itemprop=\"image\"\/><\/p>\n<p>Archivo &#8211; Persona con gripe en una foto de archivo de Europa Press. &#8211; EUROPA PRESS &#8211; Archivo<\/p>\n<p>   BARCELONA, 4 Dic. (EUROPA PRESS) &#8211; <\/p>\n<p>   La gripe en Catalunya ha superado el nivel basal de transmisi\u00f3n y se sit\u00faa en el nivel moderado, por lo que la Conselleria de Salud, siguiendo las recomendaciones acordadas por el Ministerio de Sanidad y los CC.AA., aconseja el uso de la mascarilla quir\u00fargica en \u00e1reas sensibles de los hospitales, como unidades oncol\u00f3gicas o de trasplantes.<\/p>\n<p>   Asimismo, se intensifica el uso de mascarilla quir\u00fargica por parte de personas con s\u00edntomas y en entornos vulnerables, y en centros residenciales se mantiene su uso continuado por trabajadores con s\u00edntomas.<\/p>\n<p>   La incidencia de la gripe en Catalunya es de 164 casos por cada 100.000 habitantes, seg\u00fan datos del Sistema d&#8217;Informaci\u00f3 per a la Vigil\u00e0ncia d&#8217;Infeccions a Catalunya (Sivic) recogidos por Europa Press, correspondientes a la 48 semana epidemiol\u00f3gica del a\u00f1o (del 24 al 30 de noviembre).<\/p>\n<p>   En la temporada actual, tanto a nivel de positividad de los tests en la poblaci\u00f3n pedi\u00e1trica como en las incidencias estimadas en adultos, la tendencia de ascenso de la incidencia se ha registrado antes y de forma \u00abm\u00e1s marcada\u00bb que en la temporada anterior.<\/p>\n<p>   El VRS se mantiene en ascenso desde hace 4 semanas, superando el nivel basal con una incidencia estimada de 53 casos por 100.000 habitantes, y el Sars-Cov2 se mantiene estable a niveles bajos de transmisi\u00f3n con una incidencia estimada de 19 casos por 100.000 habitantes.<\/p>\n<p>   En esta semana, todos los ingresos por Covid y el 65% de los ingresos por gripe son de personas mayores de 60 a\u00f1os, mientras el 82% de ingresos por VRS fueron de menores de 4 a\u00f1os.<\/p>\n<p>VACUNACI\u00d3N<\/p>\n<p>   La cobertura vacunal frente a la gripe es del 64% para mayores de 60 a\u00f1os y del 50% para personas entre 70 y 79 a\u00f1os, unas cifras que, en el caso del Covid, son del 53% y el 37% respectivamente.<\/p>\n<p>   En los ni\u00f1os de entre 6 y 59 meses, la cobertura frente a la gripe es del 36%; contra el VRS, es del 93,5% en los nacidos entre abril y septiembre, y del 71,7% entre los nacidos entre octubre y mayo, lo que representa una cobertura total del 89,2%.<\/p>\n","protected":false},"excerpt":{"rendered":"Archivo &#8211; Persona con gripe en una foto de archivo de Europa Press. &#8211; EUROPA PRESS &#8211; Archivo&hellip;\n","protected":false},"author":2,"featured_media":270630,"comment_status":"","ping_status":"","sticky":false,"template":"","format":"standard","meta":{"footnotes":""},"categories":[92],"tags":[25,24,165,166,23],"class_list":{"0":"post-270629","1":"post","2":"type-post","3":"status-publish","4":"format-standard","5":"has-post-thumbnail","7":"category-salud","8":"tag-es","9":"tag-espana","10":"tag-health","11":"tag-salud","12":"tag-spain"},"share_on_mastodon":{"url":"https:\/\/pubeurope.com\/@es\/115661054171039035","error":""},"_links":{"self":[{"href":"https:\/\/www.europesays.com\/es\/wp-json\/wp\/v2\/posts\/270629","targetHints":{"allow":["GET"]}}],"collection":[{"href":"https:\/\/www.europesays.com\/es\/wp-json\/wp\/v2\/posts"}],"about":[{"href":"https:\/\/www.europesays.com\/es\/wp-json\/wp\/v2\/types\/post"}],"author":[{"embeddable":true,"href":"https:\/\/www.europesays.com\/es\/wp-json\/wp\/v2\/users\/2"}],"replies":[{"embeddable":true,"href":"https:\/\/www.europesays.com\/es\/wp-json\/wp\/v2\/comments?post=270629"}],"version-history":[{"count":0,"href":"https:\/\/www.europesays.com\/es\/wp-json\/wp\/v2\/posts\/270629\/revisions"}],"wp:featuredmedia":[{"embeddable":true,"href":"https:\/\/www.europesays.com\/es\/wp-json\/wp\/v2\/media\/270630"}],"wp:attachment":[{"href":"https:\/\/www.europesays.com\/es\/wp-json\/wp\/v2\/media?parent=270629"}],"wp:term":[{"taxonomy":"category","embeddable":true,"href":"https:\/\/www.europesays.com\/es\/wp-json\/wp\/v2\/categories?post=270629"},{"taxonomy":"post_tag","embeddable":true,"href":"https:\/\/www.europesays.com\/es\/wp-json\/wp\/v2\/tags?post=270629"}],"curies":[{"name":"wp","href":"https:\/\/api.w.org\/{rel}","templated":true}]}}