{"id":270637,"date":"2025-12-04T11:29:11","date_gmt":"2025-12-04T11:29:11","guid":{"rendered":"https:\/\/www.europesays.com\/es\/270637\/"},"modified":"2025-12-04T11:29:11","modified_gmt":"2025-12-04T11:29:11","slug":"macron-insta-a-xi-a-actuar-sobre-ucrania-y-los-desequilibrios-comerciales","status":"publish","type":"post","link":"https:\/\/www.europesays.com\/es\/270637\/","title":{"rendered":"Macron insta a Xi a actuar sobre Ucrania y los desequilibrios comerciales"},"content":{"rendered":"<p>    <img src=\"https:\/\/www.europesays.com\/es\/wp-content\/uploads\/2025\/12\/2025-12-04T053A453A38Z-90581422.jpg\" width=\"1024\" height=\"682\" alt=\"\" loading=\"eager\" decoding=\"sync\" fetchpriority=\"high\"\/><\/p>\n<p>            afp_tickers        <\/p>\n<p>        Este contenido fue publicado en    <\/p>\n<p>        04 diciembre 2025 &#8211; 11:22\n<\/p>\n<p>El presidente franc\u00e9s, Emmanuel Macron, inst\u00f3 este jueves a su hom\u00f3logo chino, Xi Jinping, a actuar para poner fin a la guerra en Ucrania y corregir los desequilibrios comerciales, si bien su anfitri\u00f3n rechaz\u00f3 cualquier responsabilidad en el conflicto entre Kiev y Mosc\u00fa.<\/p>\n<p>El presidente del gigante asi\u00e1tico expres\u00f3 durante el encuentro en Pek\u00edn su deseo de que las relaciones econ\u00f3micas bilaterales se desarrollen de manera \u00abequilibrada\u00bb y, con reservas, su voluntad de paz en Ucrania.<\/p>\n<p>\u00abChina apoya todos los esfuerzos por la paz\u00bb y \u00abseguir\u00e1 desempe\u00f1ando un papel constructivo para encontrar una soluci\u00f3n a la crisis\u00bb, zanj\u00f3 Xi.<\/p>\n<p>\u00abAl mismo tiempo, se opone firmemente a cualquier intento irresponsable de culpar o difamar a nadie\u00bb, a\u00f1adi\u00f3, pese a que Macron no ha expresado p\u00fablicamente ninguna queja.<\/p>\n<p>En una comparecencia conjunta ante la prensa, el presidente franc\u00e9s dijo haber \u00abhablado largo y tendido\u00bb con su par chino sobre la situaci\u00f3n en Ucrania, \u00abuna amenaza vital para la seguridad europea\u00bb.\u00a0<\/p>\n<p>\u00abEspero que China se sume a nuestro llamamiento y a nuestros esfuerzos para lograr, como m\u00ednimo, un alto el fuego lo antes posible\u00bb, afirm\u00f3.<\/p>\n<p>Anteriormente, hab\u00eda calificado la cooperaci\u00f3n con China de \u00abdecisiva\u00bb sobre el conflicto rusoucraniano iniciado en febrero de 2022.<\/p>\n<p>Reconoci\u00f3 de manera m\u00e1s general la existencia de \u00abdesacuerdos\u00bb entre ambos pa\u00edses, pero dijo que tienen la \u00abresponsabilidad de superarlos, de encontrar mecanismos de cooperaci\u00f3n y de resoluci\u00f3n de conflictos para lograr un multilateralismo eficaz en el que creemos\u00bb, a\u00f1adi\u00f3.<\/p>\n<p>El presidente chino, acompa\u00f1ado de su esposa Peng Liyuan, recibi\u00f3 a Macron y a la primera dama francesa, Brigitte Macron, en el monumental Gran Sal\u00f3n del Pueblo, escenario de los congresos del Partido Comunista Chino.<\/p>\n<p>Escucharon los himnos nacionales y pasaron revista a la guardia, antes de ser saludados por ni\u00f1os a los que el mandatario franc\u00e9s bes\u00f3 la mano.<\/p>\n<p>\u2013 Firma de contratos \u2013<\/p>\n<p>El jefe de Estado franc\u00e9s lleg\u00f3 el mi\u00e9rcoles por la noche acompa\u00f1ado tambi\u00e9n por 35 directivos de grandes grupos empresariales, como Airbus, EDF y Danone, y representantes de otras compa\u00f1\u00edas familiares, desde el sector del lujo hasta el agroalimentario.<\/p>\n<p>Este jueves asisti\u00f3 a la firma de varios contratos.<\/p>\n<p>Se trata de la cuarta visita de Estado de Macron a China desde que fue elegido presidente en 2017. El propio Xi Jinping fue recibido en Francia con altos honores en febrero de 2022.<\/p>\n<p>Como socio econ\u00f3mico y pol\u00edtico fundamental de Rusia, es el primer comprador mundial de hidrocarburos rusos, incluidos los productos petrol\u00edferos, lo que alimenta la maquinaria b\u00e9lica. Los europeos acusan adem\u00e1s a Pek\u00edn de suministrar componentes militares a Mosc\u00fa.<\/p>\n<p>Por otro lado, China nunca ha condenado la invasi\u00f3n rusa de Ucrania.<\/p>\n<p>\u2013 Diplomacia de los pandas \u2013<\/p>\n<p>Los desequilibrios comerciales constituyen otro importante motivo de controversia, ya que las pr\u00e1cticas comerciales chinas se consideran desleales, desde los autom\u00f3viles el\u00e9ctricos hasta el acero.<\/p>\n<p>La relaci\u00f3n entre China y la Uni\u00f3n Europea se caracteriza por un enorme d\u00e9ficit comercial (357.100 millones de d\u00f3lares) desfavorable para la UE.<\/p>\n<p>Macron parece haber sido escuchado en su llamamiento a las inversiones cruzadas, con un intercambio de tecnolog\u00edas comparable al que llevan a cabo los europeos y que ha contribuido al despegue econ\u00f3mico de Pek\u00edn, sin\u00f3nimo de creaci\u00f3n de empleo y valor a\u00f1adido.<\/p>\n<p>En este sentido, se firm\u00f3 una carta de intenciones. \u00abAmbas partes se han comprometido a promover el desarrollo equilibrado de las relaciones econ\u00f3micas y comerciales bilaterales, a aumentar las inversiones rec\u00edprocas y a ofrecer un entorno comercial equitativo\u00bb, afirm\u00f3 Xi, cuyo pa\u00eds libr\u00f3 en 2025 una intensa guerra comercial con Estados Unidos.<\/p>\n<p>Al igual que en Francia en 2024, las dos parejas presidenciales se reunir\u00e1n el viernes en un contexto m\u00e1s informal en Chengdu (suroeste), adonde recientemente fueron devueltos dos pandas gigantes prestados a Francia.<\/p>\n<p>Ambos pa\u00edses firmaron un acuerdo al respecto cuyos t\u00e9rminos no se han revelado.<\/p>\n<p>bur-dhw\/lb\/tc\/arm\/avl<\/p>\n","protected":false},"excerpt":{"rendered":"afp_tickers Este contenido fue publicado en 04 diciembre 2025 &#8211; 11:22 El presidente franc\u00e9s, Emmanuel Macron, inst\u00f3 este&hellip;\n","protected":false},"author":2,"featured_media":270638,"comment_status":"","ping_status":"","sticky":false,"template":"","format":"standard","meta":{"footnotes":""},"categories":[42],"tags":[17,18,83,13,14,11,61,62,63,86,64,19,20,9,10,15,16,88,90,12,21,22,65,66,67],"class_list":{"0":"post-270637","1":"post","2":"type-post","3":"status-publish","4":"format-standard","5":"has-post-thumbnail","7":"category-internacional","8":"tag-breaking-news","9":"tag-breakingnews","10":"tag-diplomacy","11":"tag-featured-news","12":"tag-featurednews","13":"tag-headlines","14":"tag-internacional","15":"tag-international","16":"tag-international-news","17":"tag-international-relations","18":"tag-internationalnews","19":"tag-latest-news","20":"tag-latestnews","21":"tag-news","22":"tag-noticias","23":"tag-noticias-destacadas","24":"tag-noticiasdestacadas","25":"tag-politics","26":"tag-ticker","27":"tag-titulares","28":"tag-ultimas-noticias","29":"tag-ultimasnoticias","30":"tag-world","31":"tag-world-news","32":"tag-worldnews"},"share_on_mastodon":{"url":"https:\/\/pubeurope.com\/@es\/115661070078648122","error":""},"_links":{"self":[{"href":"https:\/\/www.europesays.com\/es\/wp-json\/wp\/v2\/posts\/270637","targetHints":{"allow":["GET"]}}],"collection":[{"href":"https:\/\/www.europesays.com\/es\/wp-json\/wp\/v2\/posts"}],"about":[{"href":"https:\/\/www.europesays.com\/es\/wp-json\/wp\/v2\/types\/post"}],"author":[{"embeddable":true,"href":"https:\/\/www.europesays.com\/es\/wp-json\/wp\/v2\/users\/2"}],"replies":[{"embeddable":true,"href":"https:\/\/www.europesays.com\/es\/wp-json\/wp\/v2\/comments?post=270637"}],"version-history":[{"count":0,"href":"https:\/\/www.europesays.com\/es\/wp-json\/wp\/v2\/posts\/270637\/revisions"}],"wp:featuredmedia":[{"embeddable":true,"href":"https:\/\/www.europesays.com\/es\/wp-json\/wp\/v2\/media\/270638"}],"wp:attachment":[{"href":"https:\/\/www.europesays.com\/es\/wp-json\/wp\/v2\/media?parent=270637"}],"wp:term":[{"taxonomy":"category","embeddable":true,"href":"https:\/\/www.europesays.com\/es\/wp-json\/wp\/v2\/categories?post=270637"},{"taxonomy":"post_tag","embeddable":true,"href":"https:\/\/www.europesays.com\/es\/wp-json\/wp\/v2\/tags?post=270637"}],"curies":[{"name":"wp","href":"https:\/\/api.w.org\/{rel}","templated":true}]}}