{"id":270659,"date":"2025-12-04T11:50:24","date_gmt":"2025-12-04T11:50:24","guid":{"rendered":"https:\/\/www.europesays.com\/es\/270659\/"},"modified":"2025-12-04T11:50:24","modified_gmt":"2025-12-04T11:50:24","slug":"aparece-gameplay-inedito-de-resident-evil-9-requiem","status":"publish","type":"post","link":"https:\/\/www.europesays.com\/es\/270659\/","title":{"rendered":"Aparece gameplay in\u00e9dito de Resident Evil 9: Requiem"},"content":{"rendered":"<p>\u00bfTienes hype por <a href=\"https:\/\/www.nintenderos.com\/2024\/05\/rumor-resident-evil-9-y-estos-remakes-de-la-franquicia-habrian-sufrido-filtraciones\/\" rel=\"nofollow noopener\" target=\"_blank\">Resident Evil 9<\/a>? Nos llegan novedades interesantes para los fans de la franquicia. Esta vez, tras conocer\u00a0<a href=\"https:\/\/www.nintenderos.com\/2024\/07\/resident-evil-confirma-nuevo-juego-en-desarrollo-esto-es-lo-que-se-sabe-por-ahora\/\" rel=\"nofollow noopener\" target=\"_blank\">un nuevo juego en desarrollo<\/a>, as\u00ed como\u00a0<a href=\"https:\/\/www.nintenderos.com\/2025\/01\/nintendo-switch-2-tambien-podria-recibir-este-juego-de-resident-evil\/\" rel=\"nofollow noopener\" target=\"_blank\">un rumor\u00a0<\/a>que apuntaba a que\u00a0<a href=\"https:\/\/www.nintenderos.com\/nintendo-switch-2\/juegos-nintendo-switch-2-lista-completa\/\" rel=\"nofollow noopener\" target=\"_blank\">Nintendo Switch 2<\/a>\u00a0recibir\u00eda una querida entrega de la franquicia, se ha anunciado esta entrega oficialmente para la consola.\u00a0<a href=\"https:\/\/www.nintenderos.com\/2025\/06\/resident-evil-9-podria-revelarse-de-forma-inminente\/\" rel=\"nofollow noopener\" target=\"_blank\">Los rumores<\/a>\u00a0eran ciertos y ahora se ha anunciado\u00a0de forma oficial como\u00a0<a href=\"https:\/\/www.nintenderos.com\/2025\/06\/anunciado-resident-evil-9-requiem\/\" rel=\"nofollow noopener\" target=\"_blank\">Resident Evil 9: Requiem<\/a>\u00a0para\u00a0<strong>el 27 de febrero de 2026<\/strong>.<\/p>\n<p>Adem\u00e1s,\u00a0Resident Evil 7: Biohazard y Resident Evil Village\u00a0tambi\u00e9n est\u00e1n en camino; ambos se lanzan el mismo d\u00eda. En cualquier caso, tras conocer que 9: Requiem\u00a0<a href=\"https:\/\/www.nintenderos.com\/nintendo-switch-2\/resident-evil-9-requiem-parece-ser-mas-barato-en-nintendo-switch-2-que-en-otras-consolas\/\" rel=\"nofollow noopener\" target=\"_blank\">podr\u00eda ser m\u00e1s barato<\/a>\u00a0en Switch 2 as\u00ed como su\u00a0<a href=\"https:\/\/www.nintenderos.com\/nintendo-switch-2\/primer-gameplay-en-modo-portatil-de-resident-evil-9-requiem-en-nintendo-switch-2-confirma-estos-detalles-tecnicos\/\" rel=\"nofollow noopener\" target=\"_blank\">primer y genial gameplay en la consola<\/a>, ahora hay\u00a0<strong>novedades de esta siguiente entrega<\/strong>. Tras el anuncio del\u00a0<a href=\"https:\/\/www.nintenderos.com\/nintendo-switch-2\/anunciado-mando-pro-controller-amiibo-y-mas-de-resident-evil-9-requiem-para-nintendo-switch-2\/\" rel=\"nofollow noopener\" target=\"_blank\">Pro Controller y amiibo del juego<\/a>, as\u00ed como\u00a0<a href=\"https:\/\/www.nintenderos.com\/nintendo-switch-2\/resident-evil-9-requiem-confirma-regalo-por-la-reserva-diferentes-ediciones-y-un-resident-evil-generations-pack-para-nintendo-switch-2\/\" rel=\"nofollow noopener\" target=\"_blank\">sus ediciones<\/a>, ahora tenemos <strong>un gameplay in\u00e9dito<\/strong>: un programa especial de Resident Evil emitido en la televisi\u00f3n japonesa ha ofrecido nuevo gameplay de Resident Evil Requiem, incluyendo una escena en la que Grace lucha contra un zombi en una zona nunca vista. <\/p>\n<p>AestheticGamer (Dusk Golem) aclara abajo que <strong>el metraje pertenece al versi\u00f3n censurada japonesa<\/strong>, ya que en Jap\u00f3n los juegos de Resident Evil suelen lanzarse en dos ediciones: una censurada y otra \u201cZ-Rated\u201d sin restricciones, donde elementos como los disparos a la cabeza o la desmembraci\u00f3n no est\u00e1n limitados.<\/p>\n<p>Otros contenidos en esta categor\u00eda:<\/p>\n<blockquote class=\"twitter-tweet\">\n<p dir=\"ltr\" lang=\"en\">There was some new Resident Evil Requiem gameplay of a new area with Grace fighting a zombie in the Resident Evil special program that aired on Japanese television. <a href=\"https:\/\/t.co\/FToPeqi4HW\" class=\"external\" rel=\"nofollow\">pic.twitter.com\/FToPeqi4HW<\/a><\/p>\n<p>\u2014 AestheticGamer aka Dusk Golem (@AestheticGamer1) <a href=\"https:\/\/twitter.com\/AestheticGamer1\/status\/1996158141793489389?ref_src=twsrc%5Etfw\" rel=\"nofollow noopener\" target=\"_blank\">December 3, 2025<\/a><\/p>\n<\/blockquote>\n<p>\u00bfQu\u00e9 os ha parecido toda esta informaci\u00f3n? No dud\u00e9is en compartir vuestra opini\u00f3n en los comentarios.<\/p>\n<p><a href=\"https:\/\/twitter.com\/AestheticGamer1\/status\/1996158141793489389?ref_src=twsrc%5Etfw\" rel=\"nofollow noopener\" target=\"_blank\">Fuente<\/a>.<\/p>\n<p>    <script async src=\"https:\/\/platform.twitter.com\/widgets.js\" charset=\"utf-8\"><\/script><\/p>\n","protected":false},"excerpt":{"rendered":"\u00bfTienes hype por Resident Evil 9? Nos llegan novedades interesantes para los fans de la franquicia. Esta vez,&hellip;\n","protected":false},"author":2,"featured_media":147384,"comment_status":"","ping_status":"","sticky":false,"template":"","format":"standard","meta":{"footnotes":""},"categories":[81],"tags":[119,123,124,25,24,41928,117,121,122,23,118,120],"class_list":{"0":"post-270659","1":"post","2":"type-post","3":"status-publish","4":"format-standard","5":"has-post-thumbnail","7":"category-ciencia-y-tecnologia","8":"tag-ciencia","9":"tag-ciencia-y-tecnologia","10":"tag-cienciaytecnologia","11":"tag-es","12":"tag-espana","13":"tag-resident-evil-9-requiem","14":"tag-science","15":"tag-science-and-technology","16":"tag-scienceandtechnology","17":"tag-spain","18":"tag-technology","19":"tag-tecnologia"},"share_on_mastodon":{"url":"https:\/\/pubeurope.com\/@es\/115661152200376415","error":""},"_links":{"self":[{"href":"https:\/\/www.europesays.com\/es\/wp-json\/wp\/v2\/posts\/270659","targetHints":{"allow":["GET"]}}],"collection":[{"href":"https:\/\/www.europesays.com\/es\/wp-json\/wp\/v2\/posts"}],"about":[{"href":"https:\/\/www.europesays.com\/es\/wp-json\/wp\/v2\/types\/post"}],"author":[{"embeddable":true,"href":"https:\/\/www.europesays.com\/es\/wp-json\/wp\/v2\/users\/2"}],"replies":[{"embeddable":true,"href":"https:\/\/www.europesays.com\/es\/wp-json\/wp\/v2\/comments?post=270659"}],"version-history":[{"count":0,"href":"https:\/\/www.europesays.com\/es\/wp-json\/wp\/v2\/posts\/270659\/revisions"}],"wp:featuredmedia":[{"embeddable":true,"href":"https:\/\/www.europesays.com\/es\/wp-json\/wp\/v2\/media\/147384"}],"wp:attachment":[{"href":"https:\/\/www.europesays.com\/es\/wp-json\/wp\/v2\/media?parent=270659"}],"wp:term":[{"taxonomy":"category","embeddable":true,"href":"https:\/\/www.europesays.com\/es\/wp-json\/wp\/v2\/categories?post=270659"},{"taxonomy":"post_tag","embeddable":true,"href":"https:\/\/www.europesays.com\/es\/wp-json\/wp\/v2\/tags?post=270659"}],"curies":[{"name":"wp","href":"https:\/\/api.w.org\/{rel}","templated":true}]}}