{"id":270662,"date":"2025-12-04T11:52:10","date_gmt":"2025-12-04T11:52:10","guid":{"rendered":"https:\/\/www.europesays.com\/es\/270662\/"},"modified":"2025-12-04T11:52:10","modified_gmt":"2025-12-04T11:52:10","slug":"maduro-confirma-una-conversacion-cordial-con-trump","status":"publish","type":"post","link":"https:\/\/www.europesays.com\/es\/270662\/","title":{"rendered":"Maduro confirma una conversaci\u00f3n \u00abcordial\u00bb con Trump"},"content":{"rendered":"<p>    <img src=\"https:\/\/www.europesays.com\/es\/wp-content\/uploads\/2025\/12\/2025-12-04T103A143A12Z-90583358.jpg\" width=\"1024\" height=\"682\" alt=\"\" loading=\"eager\" decoding=\"sync\" fetchpriority=\"high\"\/><\/p>\n<p>            afp_tickers        <\/p>\n<p>        Este contenido fue publicado en    <\/p>\n<p>        04 diciembre 2025 &#8211; 11:14\n<\/p>\n<p>El presidente de Venezuela, Nicol\u00e1s Maduro, confirm\u00f3 el mi\u00e9rcoles que sostuvo una llamada con su par estadounidense, Donald Trump, hace diez d\u00edas y se\u00f1al\u00f3 que \u00e9sta se produjo en un tono \u00abcordial\u00bb, en medio de la m\u00e1s reciente crisis entre Caracas y Washington.<\/p>\n<p>Desde agosto Estados Unidos despleg\u00f3 una flotilla de buques de guerra en el Caribe a la que se incorpor\u00f3 en noviembre el portaviones m\u00e1s grande del mundo con el argumento de combatir el tr\u00e1fico de drogas, pero Venezuela sostiene que esa operaci\u00f3n busca derrocar a Maduro.<\/p>\n<p>\u00abConvers\u00e9 con el presidente de Estados Unidos, Donald Trump. Puedo decir que la conversaci\u00f3n fue en un tono de respeto, inclusive, puedo decir que fue cordial entre el presidente de Estados Unidos y el presidente de Venezuela\u00bb, dijo Maduro en su primer comentario p\u00fablico sobre la llamada.<\/p>\n<p>\u00abSi esa llamada significa que se est\u00e1n dando pasos hacia un di\u00e1logo respetuoso, Estado a Estado, de pa\u00eds a pa\u00eds, bienvenido el di\u00e1logo, bienvenida la diplomacia, porque siempre buscaremos la paz\u00bb, declar\u00f3 el gobernante venezolano.<\/p>\n<p>Trump hab\u00eda confirmado el domingo que habl\u00f3 por tel\u00e9fono con Maduro, sin dar detalles. \u00abNo dir\u00eda que sali\u00f3 bien ni mal. Fue una llamada telef\u00f3nica\u00bb, precis\u00f3 entonces.<\/p>\n<p>El mi\u00e9rcoles, Trump asegur\u00f3 que su conversaci\u00f3n con Maduro fue breve: \u00abLe dije solo un par de cosas\u00bb. \u00abEs mucho m\u00e1s que una campa\u00f1a de presi\u00f3n\u00bb, afirm\u00f3.<\/p>\n<p>D\u00edas antes, el mandatario hab\u00eda se\u00f1alado que Estados Unidos comenzar\u00eda \u00abmuy pronto\u00bb a apuntar a \u00abnarcotraficantes venezolanos\u00bb en operaciones \u00aben tierra\u00bb.<\/p>\n<p>En medio de las maniobras militares, autoridades aeron\u00e1uticas estadounidenses emitieron una alerta por el incremento de actividad militar en el Caribe.\u00a0<\/p>\n<p>Esto llev\u00f3 a ocho aerol\u00edneas internacionales a suspender operaciones desde y hacia Venezuela al argumentar razones de seguridad.<\/p>\n<p>Tras la alerta, Washington suspendi\u00f3 brevemente los vuelos de la aerol\u00ednea estadounidense Eastern Airlines con deportados venezolanos. Las deportaciones se retomaron el mi\u00e9rcoles con la llegada de 266 repatriados desde Estados Unidos.<\/p>\n<p>\u2013 \u00abTerrorismo psicol\u00f3gico\u00bb \u2013<\/p>\n<p>Fuerzas militares estadounidenses han bombardeado a 20 presuntas embarcaciones en el Caribe y el Pac\u00edfico con un saldo de 83 muertos.<\/p>\n<p>El primer ataque estadounidense contra una lancha en el Caribe, el 2 de septiembre, se sald\u00f3 con 11 muertos, seg\u00fan public\u00f3 el propio Trump y su secretario de Defensa, Pete Hegseth.<\/p>\n<p>Recientemente la Casa Blanca confirm\u00f3 que hubo un segundo ataque en esa acci\u00f3n en aguas del Caribe.\u00a0Ese segundo impacto mat\u00f3 en el agua a sobrevivientes del primer misil.<\/p>\n<p>Ese segundo ataque contra personas flotando en aguas internacionales es considerado como un posible crimen de guerra por legisladores dem\u00f3cratas, que han prometido presionar para lograr una investigaci\u00f3n en el Congreso.<\/p>\n<p>Tanto la Casa Blanca como el Pent\u00e1gono aseguran que Hegseth no tuvo nada que ver con esa decisi\u00f3n, y responsabilizan al almirante que supervis\u00f3 la operaci\u00f3n.<\/p>\n<p>Washington afirma que Maduro encabeza el supuesto Cartel de los Soles, al que declar\u00f3 organizaci\u00f3n terrorista el 24 de noviembre.\u00a0Tambi\u00e9n aument\u00f3 en agosto la recompensa de 50 millones de d\u00f3lares por informaci\u00f3n que lleve a su captura.<\/p>\n<p>Maduro denuncia que las maniobras militares estadounidenses buscan en realidad derrocarlo y apoderarse de las cuantiosas reservas petroleras del pa\u00eds.<\/p>\n<p>El mandatario, cuyas dos reelecciones (2018 y 2024) Washington desconoce al tacharlas de fraudulentas, afirma que el pa\u00eds ha resistido ante \u00ab22 semanas de guerra psicol\u00f3gica\u00bb y \u00abasedio\u00bb.<\/p>\n<p>\u00abMe gusta la prudencia, a m\u00ed no me gusta la diplomacia de micr\u00f3fonos, cuando hay cosas importantes, en silencio tienen que ser, hasta que se d\u00e9\u00bb, a\u00f1adi\u00f3 Maduro.<\/p>\n<p>El ministro de Interior venezolano, Diosdado Cabello, dijo la noche del mi\u00e9rcoles que las \u00faltimas semanas Venezuela ha estado sometida a una \u00abguerra psicol\u00f3gica\u00bb que \u00abpas\u00f3 a terrorismo psicol\u00f3gico\u00bb.<\/p>\n<p>mbj\/nn\/atm<\/p>\n","protected":false},"excerpt":{"rendered":"afp_tickers Este contenido fue publicado en 04 diciembre 2025 &#8211; 11:14 El presidente de Venezuela, Nicol\u00e1s Maduro, confirm\u00f3&hellip;\n","protected":false},"author":2,"featured_media":270663,"comment_status":"","ping_status":"","sticky":false,"template":"","format":"standard","meta":{"footnotes":""},"categories":[42],"tags":[17,18,636,4170,83,13,14,11,61,62,63,86,64,19,20,9,10,15,16,88,90,12,21,22,65,66,67],"class_list":{"0":"post-270662","1":"post","2":"type-post","3":"status-publish","4":"format-standard","5":"has-post-thumbnail","7":"category-internacional","8":"tag-breaking-news","9":"tag-breakingnews","10":"tag-conflict","11":"tag-crisis","12":"tag-diplomacy","13":"tag-featured-news","14":"tag-featurednews","15":"tag-headlines","16":"tag-internacional","17":"tag-international","18":"tag-international-news","19":"tag-international-relations","20":"tag-internationalnews","21":"tag-latest-news","22":"tag-latestnews","23":"tag-news","24":"tag-noticias","25":"tag-noticias-destacadas","26":"tag-noticiasdestacadas","27":"tag-politics","28":"tag-ticker","29":"tag-titulares","30":"tag-ultimas-noticias","31":"tag-ultimasnoticias","32":"tag-world","33":"tag-world-news","34":"tag-worldnews"},"share_on_mastodon":{"url":"https:\/\/pubeurope.com\/@es\/115661160399895636","error":""},"_links":{"self":[{"href":"https:\/\/www.europesays.com\/es\/wp-json\/wp\/v2\/posts\/270662","targetHints":{"allow":["GET"]}}],"collection":[{"href":"https:\/\/www.europesays.com\/es\/wp-json\/wp\/v2\/posts"}],"about":[{"href":"https:\/\/www.europesays.com\/es\/wp-json\/wp\/v2\/types\/post"}],"author":[{"embeddable":true,"href":"https:\/\/www.europesays.com\/es\/wp-json\/wp\/v2\/users\/2"}],"replies":[{"embeddable":true,"href":"https:\/\/www.europesays.com\/es\/wp-json\/wp\/v2\/comments?post=270662"}],"version-history":[{"count":0,"href":"https:\/\/www.europesays.com\/es\/wp-json\/wp\/v2\/posts\/270662\/revisions"}],"wp:featuredmedia":[{"embeddable":true,"href":"https:\/\/www.europesays.com\/es\/wp-json\/wp\/v2\/media\/270663"}],"wp:attachment":[{"href":"https:\/\/www.europesays.com\/es\/wp-json\/wp\/v2\/media?parent=270662"}],"wp:term":[{"taxonomy":"category","embeddable":true,"href":"https:\/\/www.europesays.com\/es\/wp-json\/wp\/v2\/categories?post=270662"},{"taxonomy":"post_tag","embeddable":true,"href":"https:\/\/www.europesays.com\/es\/wp-json\/wp\/v2\/tags?post=270662"}],"curies":[{"name":"wp","href":"https:\/\/api.w.org\/{rel}","templated":true}]}}