{"id":270668,"date":"2025-12-04T11:58:09","date_gmt":"2025-12-04T11:58:09","guid":{"rendered":"https:\/\/www.europesays.com\/es\/270668\/"},"modified":"2025-12-04T11:58:09","modified_gmt":"2025-12-04T11:58:09","slug":"el-abierto-del-oeste-2025-de-golf-ya-esta-en-marcha-en-el-club-de-campo-mendoza","status":"publish","type":"post","link":"https:\/\/www.europesays.com\/es\/270668\/","title":{"rendered":"El Abierto del Oeste 2025 de golf ya est\u00e1 en marcha en el Club de Campo Mendoza"},"content":{"rendered":"\n<p><strong>Mauro B\u00e1ez, profesional, junto a Javier Catt\u00e1neo, Diego Lorenzo y Rodrigo Sayavedra<\/strong> fueron los ganadores en desempate autom\u00e1tico ya que su score de 57 golpes fue igualado por el uruguayo Juan \u00c1lvarez, Santiago Villarreal, Emiliano Del Campo y Nicol\u00e1s Di Capua.<\/p>\n<p> pro am   <\/p>\n<p>  <img decoding=\"async\" src=\"https:\/\/www.europesays.com\/es\/wp-content\/uploads\/2025\/12\/pro-am.jpg\" alt=\"Los ganadores del Pro Am del Abierto del Oeste, en el Club de Campo Mendoza.\" title=\"Los ganadores del Pro Am del Abierto del Oeste, en el Club de Campo Mendoza.\" width=\"1200\" height=\"675\" id=\"1739284-Libre-1418038963_embed\" crossorigin=\"anonymous\" fetchpriority=\"high\" decode=\"async\"\/>    <\/p>\n<p>Los ganadores del Pro Am del Abierto del Oeste, en el Club de Campo Mendoza.<\/p>\n<p>Gentileza Club de Campo Mendoza<\/p>\n<p>Los jugadores aficionados locales compartieron tee, fairways y emociones con profesionales en <strong>un clima \u00fanico de camarader\u00eda y competencia<\/strong> que sirvi\u00f3 de inicio a una semana inolvidable con los grandes referentes del golf nacional.<\/p>\n","protected":false},"excerpt":{"rendered":"Mauro B\u00e1ez, profesional, junto a Javier Catt\u00e1neo, Diego Lorenzo y Rodrigo Sayavedra fueron los ganadores en desempate autom\u00e1tico&hellip;\n","protected":false},"author":2,"featured_media":270669,"comment_status":"","ping_status":"","sticky":false,"template":"","format":"standard","meta":{"footnotes":""},"categories":[275],"tags":[168,25,24,329,23,167],"class_list":{"0":"post-270668","1":"post","2":"type-post","3":"status-publish","4":"format-standard","5":"has-post-thumbnail","7":"category-golf","8":"tag-deportes","9":"tag-es","10":"tag-espana","11":"tag-golf","12":"tag-spain","13":"tag-sports"},"share_on_mastodon":{"url":"https:\/\/pubeurope.com\/@es\/115661184191489598","error":""},"_links":{"self":[{"href":"https:\/\/www.europesays.com\/es\/wp-json\/wp\/v2\/posts\/270668","targetHints":{"allow":["GET"]}}],"collection":[{"href":"https:\/\/www.europesays.com\/es\/wp-json\/wp\/v2\/posts"}],"about":[{"href":"https:\/\/www.europesays.com\/es\/wp-json\/wp\/v2\/types\/post"}],"author":[{"embeddable":true,"href":"https:\/\/www.europesays.com\/es\/wp-json\/wp\/v2\/users\/2"}],"replies":[{"embeddable":true,"href":"https:\/\/www.europesays.com\/es\/wp-json\/wp\/v2\/comments?post=270668"}],"version-history":[{"count":0,"href":"https:\/\/www.europesays.com\/es\/wp-json\/wp\/v2\/posts\/270668\/revisions"}],"wp:featuredmedia":[{"embeddable":true,"href":"https:\/\/www.europesays.com\/es\/wp-json\/wp\/v2\/media\/270669"}],"wp:attachment":[{"href":"https:\/\/www.europesays.com\/es\/wp-json\/wp\/v2\/media?parent=270668"}],"wp:term":[{"taxonomy":"category","embeddable":true,"href":"https:\/\/www.europesays.com\/es\/wp-json\/wp\/v2\/categories?post=270668"},{"taxonomy":"post_tag","embeddable":true,"href":"https:\/\/www.europesays.com\/es\/wp-json\/wp\/v2\/tags?post=270668"}],"curies":[{"name":"wp","href":"https:\/\/api.w.org\/{rel}","templated":true}]}}