{"id":270676,"date":"2025-12-04T12:04:08","date_gmt":"2025-12-04T12:04:08","guid":{"rendered":"https:\/\/www.europesays.com\/es\/270676\/"},"modified":"2025-12-04T12:04:08","modified_gmt":"2025-12-04T12:04:08","slug":"el-exotico-viaje-de-juana-acosta-para-celebrar-su-cumpleanos","status":"publish","type":"post","link":"https:\/\/www.europesays.com\/es\/270676\/","title":{"rendered":"El ex\u00f3tico viaje de Juana Acosta para celebrar su cumplea\u00f1os"},"content":{"rendered":"<p id=\"efN4LYuI5E\" data-wc=\"93\">Juana Acosta ha celebrado su 49 cumplea\u00f1os de una de las mejores maneras que pueden existir: haciendo <a class=\"hm-link ho-link\" href=\"https:\/\/www.hola.com\/actualidad\/20250915855847\/juana-acosta-y-lola-alterio-cuando-tu-hija-parece-tu-mejor-amiga\/\" data-mrf-recirculation=\"article-body-link\" rel=\"nofollow noopener\" target=\"_blank\">un espectacular viaje con uno de los grandes pilares de su vida<\/a>: \u00abMe gusta conocer m\u00ednimo un pa\u00eds nuevo cada a\u00f1o y la revoluci\u00f3n solar es el mejor pretexto para hacerlo; \u00a1viajazo incre\u00edble de cumplea\u00f1os! \u00ab, ha dicho la actriz colombiana cuando ha destapado su \u00e1lbum personal con las im\u00e1genes de su aventura. Un destino ex\u00f3tico lleno de rascacielos, zocos tradicionales y desierto para celebrar su vuelta al sol. \u00bfQuieres verlo? \u00a1No te pierdas el v\u00eddeo!<\/p>\n","protected":false},"excerpt":{"rendered":"Juana Acosta ha celebrado su 49 cumplea\u00f1os de una de las mejores maneras que pueden existir: haciendo un&hellip;\n","protected":false},"author":2,"featured_media":270677,"comment_status":"","ping_status":"","sticky":false,"template":"","format":"standard","meta":{"footnotes":""},"categories":[174],"tags":[517,255,146,147,25,24,256,1966,23],"class_list":{"0":"post-270676","1":"post","2":"type-post","3":"status-publish","4":"format-standard","5":"has-post-thumbnail","7":"category-famosos","8":"tag-actualidad","9":"tag-celebrities","10":"tag-entertainment","11":"tag-entretenimiento","12":"tag-es","13":"tag-espana","14":"tag-famosos","15":"tag-juana-acosta","16":"tag-spain"},"share_on_mastodon":{"url":"https:\/\/pubeurope.com\/@es\/115661207432964699","error":""},"_links":{"self":[{"href":"https:\/\/www.europesays.com\/es\/wp-json\/wp\/v2\/posts\/270676","targetHints":{"allow":["GET"]}}],"collection":[{"href":"https:\/\/www.europesays.com\/es\/wp-json\/wp\/v2\/posts"}],"about":[{"href":"https:\/\/www.europesays.com\/es\/wp-json\/wp\/v2\/types\/post"}],"author":[{"embeddable":true,"href":"https:\/\/www.europesays.com\/es\/wp-json\/wp\/v2\/users\/2"}],"replies":[{"embeddable":true,"href":"https:\/\/www.europesays.com\/es\/wp-json\/wp\/v2\/comments?post=270676"}],"version-history":[{"count":0,"href":"https:\/\/www.europesays.com\/es\/wp-json\/wp\/v2\/posts\/270676\/revisions"}],"wp:featuredmedia":[{"embeddable":true,"href":"https:\/\/www.europesays.com\/es\/wp-json\/wp\/v2\/media\/270677"}],"wp:attachment":[{"href":"https:\/\/www.europesays.com\/es\/wp-json\/wp\/v2\/media?parent=270676"}],"wp:term":[{"taxonomy":"category","embeddable":true,"href":"https:\/\/www.europesays.com\/es\/wp-json\/wp\/v2\/categories?post=270676"},{"taxonomy":"post_tag","embeddable":true,"href":"https:\/\/www.europesays.com\/es\/wp-json\/wp\/v2\/tags?post=270676"}],"curies":[{"name":"wp","href":"https:\/\/api.w.org\/{rel}","templated":true}]}}