{"id":270678,"date":"2025-12-04T12:05:13","date_gmt":"2025-12-04T12:05:13","guid":{"rendered":"https:\/\/www.europesays.com\/es\/270678\/"},"modified":"2025-12-04T12:05:13","modified_gmt":"2025-12-04T12:05:13","slug":"toni-font-destripa-su-obra-grafica-en-la-6a","status":"publish","type":"post","link":"https:\/\/www.europesays.com\/es\/270678\/","title":{"rendered":"Toni Font \u00abdestripa\u00bb su obra gr\u00e1fica en la 6A"},"content":{"rendered":"<p>El artista <strong><a href=\"https:\/\/www.ultimahora.es\/etiqueta\/Toni+Font.html?utm_source=Inline-tag&amp;utm_medium=internal\" rel=\"nofollow noopener\" target=\"_blank\">Toni Font<\/a><\/strong> inaugura este jueves a las 19.00 horas Di\u00e0legs \u00cdntims, en el<strong> 6A Taller i Galeria d&#8217;Art de Palma<\/strong>. La exposici\u00f3n re\u00fane originales y <a href=\"https:\/\/www.ultimahora.es\/etiqueta\/obra+gr%C3%A1fica.html?utm_source=Inline-tag&amp;utm_medium=internal\" rel=\"nofollow noopener\" target=\"_blank\">obra gr\u00e1fica<\/a>, convirti\u00e9ndose en un muestrario de la evoluci\u00f3n del proceso creativo del artista.<\/p>\n<p>Font realiza en esta nueva propuesta una <strong>fusi\u00f3n de dibujo, collage, pintura y piezas seriadas<\/strong>, algo que contin\u00faa su investigaci\u00f3n visual y su forma de trabajar. El artista detall\u00f3 la complejidad de trasladar su metodolog\u00eda de trabajo, basada en el desarrollo y la constante alteraci\u00f3n de la obra, con cortes y huecos, al \u00e1mbito del grabado.<\/p>\n<p>\u00abHemos intentado llevar <strong>mi laboratorio del estudio al taller<\/strong> y claro, ha habido momentos de tensi\u00f3n,\u00bb explica el creador. \u00abTengo toda una serie de papeles y obras que voy desarrollando durante el tiempo. Dialogo con ellas y se van uniendo o rompiendo\u00bb. Ese proceso, en el grabado, le llev\u00f3 a<strong> romper piezas ya acabadas<\/strong>.<\/p>\n<p>Este concepto de ruptura y collage se remonta, seg\u00fan el artista, a sus composiciones de 2016, donde a trav\u00e9s de tiras de papel, iba uniendo y transformando las obras. Esta <strong>abstracci\u00f3n<\/strong> se ha ido configurando en l\u00edneas, formas circulares y otros elementos, as\u00ed como huecos y secciones que ahora se reflejan en las piezas seriadas que acaba de producir para la exposici\u00f3n. \u00abGran parte de la obra en papel presenta un car\u00e1cter recortado y m\u00e1s sucio\u00bb, se\u00f1ala el artista, a la vez que destaca los <strong>dos grandes formatos<\/strong> presentes en la muestra: lienzos sobre bastidor, que contrastan por su \u00abtremenda limpieza\u00bb. Font justifica ese juego como el motor mismo de su creaci\u00f3n: \u00abParto de degenerar, de alguna manera, obras originales puras. Muchas veces, cuando las tengo terminadas y colgadas, ellas mismas me dicen que tienen que <strong>volver a romperse para iniciar una nueva obra<\/strong>\u00bb, sentencia. \u00abLa rompo porque evoluciono. Ah\u00ed est\u00e1 el reto de mi obra: el sufrimiento de estar en el estudio pensando que ese papel, esas formas, ya est\u00e1n acabadas, pero en un momento dado pienso: &#8216;No, contin\u00faa&#8217;\u00bb, destaca el artista.<\/p>\n<p>En cuanto al <strong>color<\/strong>, confiesa que su elecci\u00f3n es instintiva y que lo elige \u00abcuando voy a comprarlo, me decanto por el que me gusta o me seduce\u00bb. Aunque en sus inicios su trabajo se centr\u00f3 en el blanco y negro, en esta ocasi\u00f3n se ha atrevido a incorporar <strong>tonalidades llamativas<\/strong> a sus dibujos, rompiendo con la paleta m\u00e1s sobria de exposiciones anteriores.<\/p>\n<p>El trabajo de selecci\u00f3n de las obras y el montaje ha contado con la colaboraci\u00f3n de <strong><a href=\"https:\/\/www.ultimahora.es\/etiqueta\/Bel+Font.html?utm_source=Inline-tag&amp;utm_medium=internal\" rel=\"nofollow noopener\" target=\"_blank\">Bel Font<\/a><\/strong>, directora del espacio, quien ejerci\u00f3 de comisaria y eligi\u00f3 algunos trabajos que el artista hab\u00eda \u00abtenido guardados en la carpeta porque no quer\u00eda verlos\u00bb tras su \u00faltima exposici\u00f3n en el verano de 2024. La muestra Di\u00e0legs \u00cdntims es el <strong>resultado de una reflexi\u00f3n y un proceso lento<\/strong>, pero constante, que el p\u00fablico podr\u00e1 apreciar desde esta tarde.<\/p>\n","protected":false},"excerpt":{"rendered":"El artista Toni Font inaugura este jueves a las 19.00 horas Di\u00e0legs \u00cdntims, en el 6A Taller i&hellip;\n","protected":false},"author":2,"featured_media":270679,"comment_status":"","ping_status":"","sticky":false,"template":"","format":"standard","meta":{"footnotes":""},"categories":[173],"tags":[229,35225,1829,233,231,230,66498,209,232,234,146,147,25,24,9193,66501,23,66499,66500],"class_list":{"0":"post-270678","1":"post","2":"type-post","3":"status-publish","4":"format-standard","5":"has-post-thumbnail","7":"category-arte-y-diseno","8":"tag-arte","9":"tag-arte-abstracto","10":"tag-arte-en-mallorca","11":"tag-arte-y-diseno","12":"tag-arts","13":"tag-arts-and-design","14":"tag-bel-font","15":"tag-cultura","16":"tag-design","17":"tag-diseno","18":"tag-entertainment","19":"tag-entretenimiento","20":"tag-es","21":"tag-espana","22":"tag-inauguracion","23":"tag-obra-grafica","24":"tag-spain","25":"tag-taller-6a","26":"tag-toni-font"},"share_on_mastodon":{"url":"https:\/\/pubeurope.com\/@es\/115661211115577991","error":""},"_links":{"self":[{"href":"https:\/\/www.europesays.com\/es\/wp-json\/wp\/v2\/posts\/270678","targetHints":{"allow":["GET"]}}],"collection":[{"href":"https:\/\/www.europesays.com\/es\/wp-json\/wp\/v2\/posts"}],"about":[{"href":"https:\/\/www.europesays.com\/es\/wp-json\/wp\/v2\/types\/post"}],"author":[{"embeddable":true,"href":"https:\/\/www.europesays.com\/es\/wp-json\/wp\/v2\/users\/2"}],"replies":[{"embeddable":true,"href":"https:\/\/www.europesays.com\/es\/wp-json\/wp\/v2\/comments?post=270678"}],"version-history":[{"count":0,"href":"https:\/\/www.europesays.com\/es\/wp-json\/wp\/v2\/posts\/270678\/revisions"}],"wp:featuredmedia":[{"embeddable":true,"href":"https:\/\/www.europesays.com\/es\/wp-json\/wp\/v2\/media\/270679"}],"wp:attachment":[{"href":"https:\/\/www.europesays.com\/es\/wp-json\/wp\/v2\/media?parent=270678"}],"wp:term":[{"taxonomy":"category","embeddable":true,"href":"https:\/\/www.europesays.com\/es\/wp-json\/wp\/v2\/categories?post=270678"},{"taxonomy":"post_tag","embeddable":true,"href":"https:\/\/www.europesays.com\/es\/wp-json\/wp\/v2\/tags?post=270678"}],"curies":[{"name":"wp","href":"https:\/\/api.w.org\/{rel}","templated":true}]}}